{"id":23457,"date":"2016-03-22T15:07:07","date_gmt":"2016-03-22T19:07:07","guid":{"rendered":"https:\/\/ocorreionews.com.br\/?p=23457"},"modified":"2016-03-22T15:07:07","modified_gmt":"2016-03-22T19:07:07","slug":"homem-e-ameacado-por-suposta-divida-de-15-milhoes-de-cruzeiros","status":"publish","type":"post","link":"https:\/\/www.ocorreionews.com.br\/acervo-correio\/?p=23457","title":{"rendered":"Homem \u00e9 amea\u00e7ado por suposta d\u00edvida de 15 milh\u00f5es de cruzeiros"},"content":{"rendered":"<p style=\"text-align: justify;\">E.T.A., de 58 anos, procurou a delegacia ap\u00f3s se sentir amea\u00e7ado ao ser cobrado por uma suposta. O fato aconteceu por volta das 13h00 desta segunda-feira (21) na regi\u00e3o central de Costa Rica.<\/p>\n<p style=\"text-align: justify;\">De acordo com o boletim de ocorr\u00eancia, a v\u00edtima vem sendo cobrada por J.V.F., de 57 anos, que alega ser credor do valor de 15 milh\u00f5es de cruzeiros, relativo a venda de duzentos bezerros, segundo ele, o fato ocorreu em outubro de 1992.<\/p>\n<p style=\"text-align: justify;\">A v\u00edtima contou que o autor inclusive tem espalhado o boato sobre a suposta d\u00edvida, e que j\u00e1 conversaram sobre o assunto para tentar relembrar os fatos. Por\u00e9m no in\u00edcio da tarde, \u201cJ\u201d foi at\u00e9 a casa de \u201cE\u201d e ambos tiveram um desentendimento, e ap\u00f3s a v\u00edtima dizer que iria sair, ouviu em tom de amea\u00e7a o autor dizendo que n\u00e3o o deixaria ir.<\/p>\n<p style=\"text-align: justify;\">Por se sentir amea\u00e7ado e evitar o conflito, ele procurou a Delegacia de Pol\u00edcia Civil para registra o fato.<\/p>\n<div class=\"post-fonte-noticia\">\n<div class=\"fonte\">Victor Rodrigues<\/div>\n<\/div>\n","protected":false},"excerpt":{"rendered":"<p>E.T.A., de 58 anos, procurou a delegacia ap\u00f3s se sentir amea\u00e7ado ao ser cobrado por uma suposta. O fato aconteceu por volta das 13h00 desta segunda-feira (21) na regi\u00e3o central de Costa Rica. De acordo com o boletim de ocorr\u00eancia, a v\u00edtima vem sendo cobrada por J.V.F., de 57 anos, que alega ser credor do [&hellip;]<\/p>\n","protected":false},"author":4,"featured_media":770,"comment_status":"closed","ping_status":"closed","sticky":false,"template":"","format":"standard","meta":{"footnotes":""},"categories":[25,38],"tags":[],"class_list":["post-23457","post","type-post","status-publish","format-standard","has-post-thumbnail","hentry","category-costa-rica","category-policia"],"_links":{"self":[{"href":"https:\/\/www.ocorreionews.com.br\/acervo-correio\/index.php?rest_route=\/wp\/v2\/posts\/23457","targetHints":{"allow":["GET"]}}],"collection":[{"href":"https:\/\/www.ocorreionews.com.br\/acervo-correio\/index.php?rest_route=\/wp\/v2\/posts"}],"about":[{"href":"https:\/\/www.ocorreionews.com.br\/acervo-correio\/index.php?rest_route=\/wp\/v2\/types\/post"}],"author":[{"embeddable":true,"href":"https:\/\/www.ocorreionews.com.br\/acervo-correio\/index.php?rest_route=\/wp\/v2\/users\/4"}],"replies":[{"embeddable":true,"href":"https:\/\/www.ocorreionews.com.br\/acervo-correio\/index.php?rest_route=%2Fwp%2Fv2%2Fcomments&post=23457"}],"version-history":[{"count":0,"href":"https:\/\/www.ocorreionews.com.br\/acervo-correio\/index.php?rest_route=\/wp\/v2\/posts\/23457\/revisions"}],"wp:featuredmedia":[{"embeddable":true,"href":"https:\/\/www.ocorreionews.com.br\/acervo-correio\/index.php?rest_route=\/wp\/v2\/media\/770"}],"wp:attachment":[{"href":"https:\/\/www.ocorreionews.com.br\/acervo-correio\/index.php?rest_route=%2Fwp%2Fv2%2Fmedia&parent=23457"}],"wp:term":[{"taxonomy":"category","embeddable":true,"href":"https:\/\/www.ocorreionews.com.br\/acervo-correio\/index.php?rest_route=%2Fwp%2Fv2%2Fcategories&post=23457"},{"taxonomy":"post_tag","embeddable":true,"href":"https:\/\/www.ocorreionews.com.br\/acervo-correio\/index.php?rest_route=%2Fwp%2Fv2%2Ftags&post=23457"}],"curies":[{"name":"wp","href":"https:\/\/api.w.org\/{rel}","templated":true}]}}