{"id":234742,"date":"2023-03-20T16:02:48","date_gmt":"2023-03-20T20:02:48","guid":{"rendered":"https:\/\/www.ocorreionews.com.br\/acervo-correio\/?p=234742"},"modified":"2023-03-20T16:02:48","modified_gmt":"2023-03-20T20:02:48","slug":"por-motivo-de-luto-sessao-ordinaria-da-camara-de-vereadores-de-paraiso-das-aguas-foi-transferida-para-o-proximo-dia-27","status":"publish","type":"post","link":"https:\/\/www.ocorreionews.com.br\/acervo-correio\/?p=234742","title":{"rendered":"Por motivo de luto, Sess\u00e3o Ordin\u00e1ria da C\u00e2mara de Vereadores de Para\u00edso das \u00c1guas foi transferida para o pr\u00f3ximo dia 27"},"content":{"rendered":"<p>A C\u00e2mara Municipal de Para\u00edso das \u00c1guas por meio da Portaria N\u00b0 23\/2023, adia para o dia 27 de mar\u00e7o de 2023, a realiza\u00e7\u00e3o da 7\u00aa Sess\u00e3o Ordin\u00e1ria, que seria realizada nesta Segunda-feira (20).<\/p>\n<p>O motivo do adiantamento \u00e9 o falecimento do ilustre cidad\u00e3o Paraisense, Fl\u00e1vio Augusto de Almeida, &#8220;Fuca&#8221;, que faleceu nesta segunda-feira (20) v\u00edtima de infarto fulminante.<\/p>\n<p>Fuca foi candidato a vereador nas elei\u00e7\u00f5es de 2012, onde ficou como suplente.<\/p>\n<p><img decoding=\"async\" src=\"https:\/\/www.bncnoticias.com.br\/arquivos\/noticias\/13769\/por-motivo-de-luto-7-ordf-sessao-legislativa-foi-transferida-para-o-proximo-dia-27.jpg\" alt=\"Por motivo de luto, 7\u00aa Sess\u00e3o Legislativa foi transferida para o pr\u00f3ximo dia 27\" \/><\/p>\n<p>&nbsp;<\/p>\n<p>*BNC Noticias<\/p>\n","protected":false},"excerpt":{"rendered":"<p>A C\u00e2mara Municipal de Para\u00edso das \u00c1guas por meio da Portaria N\u00b0 23\/2023, adia para o dia 27 de mar\u00e7o de 2023, a realiza\u00e7\u00e3o da 7\u00aa Sess\u00e3o Ordin\u00e1ria, que seria realizada nesta Segunda-feira (20). O motivo do adiantamento \u00e9 o falecimento do ilustre cidad\u00e3o Paraisense, Fl\u00e1vio Augusto de Almeida, &#8220;Fuca&#8221;, que faleceu nesta segunda-feira (20) [&hellip;]<\/p>\n","protected":false},"author":5,"featured_media":234744,"comment_status":"closed","ping_status":"closed","sticky":false,"template":"","format":"standard","meta":{"footnotes":""},"categories":[20,36],"tags":[],"class_list":["post-234742","post","type-post","status-publish","format-standard","has-post-thumbnail","hentry","category-camara-municipal","category-paraiso-das-aguas"],"_links":{"self":[{"href":"https:\/\/www.ocorreionews.com.br\/acervo-correio\/index.php?rest_route=\/wp\/v2\/posts\/234742","targetHints":{"allow":["GET"]}}],"collection":[{"href":"https:\/\/www.ocorreionews.com.br\/acervo-correio\/index.php?rest_route=\/wp\/v2\/posts"}],"about":[{"href":"https:\/\/www.ocorreionews.com.br\/acervo-correio\/index.php?rest_route=\/wp\/v2\/types\/post"}],"author":[{"embeddable":true,"href":"https:\/\/www.ocorreionews.com.br\/acervo-correio\/index.php?rest_route=\/wp\/v2\/users\/5"}],"replies":[{"embeddable":true,"href":"https:\/\/www.ocorreionews.com.br\/acervo-correio\/index.php?rest_route=%2Fwp%2Fv2%2Fcomments&post=234742"}],"version-history":[{"count":1,"href":"https:\/\/www.ocorreionews.com.br\/acervo-correio\/index.php?rest_route=\/wp\/v2\/posts\/234742\/revisions"}],"predecessor-version":[{"id":234745,"href":"https:\/\/www.ocorreionews.com.br\/acervo-correio\/index.php?rest_route=\/wp\/v2\/posts\/234742\/revisions\/234745"}],"wp:featuredmedia":[{"embeddable":true,"href":"https:\/\/www.ocorreionews.com.br\/acervo-correio\/index.php?rest_route=\/wp\/v2\/media\/234744"}],"wp:attachment":[{"href":"https:\/\/www.ocorreionews.com.br\/acervo-correio\/index.php?rest_route=%2Fwp%2Fv2%2Fmedia&parent=234742"}],"wp:term":[{"taxonomy":"category","embeddable":true,"href":"https:\/\/www.ocorreionews.com.br\/acervo-correio\/index.php?rest_route=%2Fwp%2Fv2%2Fcategories&post=234742"},{"taxonomy":"post_tag","embeddable":true,"href":"https:\/\/www.ocorreionews.com.br\/acervo-correio\/index.php?rest_route=%2Fwp%2Fv2%2Ftags&post=234742"}],"curies":[{"name":"wp","href":"https:\/\/api.w.org\/{rel}","templated":true}]}}