{"id":234752,"date":"2023-03-20T19:32:11","date_gmt":"2023-03-20T23:32:11","guid":{"rendered":"https:\/\/www.ocorreionews.com.br\/acervo-correio\/?p=234752"},"modified":"2023-03-20T19:32:11","modified_gmt":"2023-03-20T23:32:11","slug":"paulo-correa-e-fiems-alinham-parceria-para-projeto-de-energia-fotovoltaica-na-alems","status":"publish","type":"post","link":"https:\/\/www.ocorreionews.com.br\/acervo-correio\/?p=234752","title":{"rendered":"Paulo Corr\u00eaa e Fiems alinham parceria para projeto de energia fotovoltaica na ALEMS"},"content":{"rendered":"<p>Projeto envolve melhores pr\u00e1ticas ambientais, sociais e de governan\u00e7a (ESG)<\/p>\n<p>Sempre atento \u00e0s a\u00e7\u00f5es que promovam mais sustentabilidade em Mato Grosso do Sul, o 1\u00ba secret\u00e1rio da Assembleia Legislativa, deputado estadual Paulo Corr\u00eaa (PSDB), alinha, em parceria com a Federa\u00e7\u00e3o das Ind\u00fastrias de Mato Grosso do Sul (Fiems), a elabora\u00e7\u00e3o de um projeto para uso de energia fotovoltaica na Casa de Leis.<\/p>\n<p>Em reuni\u00e3o na \u00faltima quarta-feira (15), Paulo Corr\u00eaa e o empres\u00e1rio S\u00e9rgio Longen, presidente da Fiems, discutiram detalhes do projeto, que consiste aplica\u00e7\u00e3o de ESG (Enviromental, Social and Governance) &#8211; conceito que envolve melhores pr\u00e1ticas ambientais, sociais e de governan\u00e7a &#8211; no dia a dia do Parlamento.<\/p>\n<p>\u201cA Assembleia Legislativa \u00e9 a Casa do Povo e n\u00e3o podemos nos distanciar dessa tend\u00eancia, que j\u00e1 \u00e9 aplicada no setor privado e tem se mostrado fundamental para a administra\u00e7\u00e3o p\u00fablica, porque \u00e9 extremamente importante para a sociedade atual\u201d, afirma Corr\u00eaa, que conta que a medida tem o apoio do presidente da ALEMS, deputado Gerson Claro.<\/p>\n<p>Conforme Paulo Corr\u00eaa, o uso de energia limpa em seu cotidiano, \u00e9 uma forma de a Assembleia Legislativa contribuir para que Mato Grosso do Sul se torne um Estado Carbono Neutro at\u00e9 2030, compromisso assumido durante a 23\u00aa Confer\u00eancia das Na\u00e7\u00f5es Unidas sobre Mudan\u00e7as Clim\u00e1ticas (COP23), no ano passado, antecipando em 20 anos a meta global, que \u00e9 neutralizar e emiss\u00e3o de carbono at\u00e9 2050.<\/p>\n<p>\u201cNa Casa de Leis, nosso grande \u201ccliente\u201d \u00e9 o cidad\u00e3o sul-mato-grossense, que tem nos exigido posturas cada vez mais sustent\u00e1veis, respons\u00e1veis e transparentes, portanto esses princ\u00edpios t\u00eam que ser nosso norte na tomada de decis\u00f5es porque geram grande impacto na vida das pessoas\u201d, pontua.<\/p>\n<p>Na avalia\u00e7\u00e3o do parlamentar, \u201cn\u00e3o h\u00e1 como entregar melhores resultados para a popula\u00e7\u00e3o se n\u00e3o tivermos compromisso com a sustentabilidade, com a responsabilidade social e com as boas pr\u00e1ticas de governan\u00e7a\u201d, conclui.<\/p>\n<p>Em nome do setor industrial e devido \u00e0 import\u00e2ncia da medida para a sociedade, o presidente da Fiems ofertou \u00e0 ALEMS o custeio de 100% do valor de elabora\u00e7\u00e3o do projeto e acompanhamento t\u00e9cnico da execu\u00e7\u00e3o das obras.<\/p>\n<p>\u201cTamb\u00e9m sugeri ao 1\u00ba secret\u00e1rio e ao presidente da Assembleia Legislativa, deputado Gerson Claro, que avancem dentro dos projetos em outras \u00e1reas, como frota de ve\u00edculos el\u00e9tricos ou a g\u00e1s natural para que a gente consiga avan\u00e7ar cada vez mais em projetos envolvendo ESG\u201d, afirmou S\u00e9rgio Longen.<\/p>\n<p>O presidente da Fiems ainda adiantou que at\u00e9 o m\u00eas maio, quando se comemora o M\u00eas da Ind\u00fastria, a Federa\u00e7\u00e3o das Ind\u00fastrias dever\u00e1 lan\u00e7ar programas que v\u00e3o atender o objetivo da lei estadual de neutraliza\u00e7\u00e3o de carbono at\u00e9 2030.<\/p>\n<p>\u201cEssa \u00e9 uma lei estadual e um compromisso que foi assumido na COP23. Nesse contexto, n\u00f3s da ind\u00fastria estamos preparando projetos dentro dos pilares de ESG envolvendo v\u00e1rias \u00e1reas, inclusive energia fotovoltaica, hidrog\u00eanio verde. S\u00e3o programas de responsabilidade social e ambiental\u201d, conclui.<\/p>\n","protected":false},"excerpt":{"rendered":"<p>Projeto envolve melhores pr\u00e1ticas ambientais, sociais e de governan\u00e7a (ESG) Sempre atento \u00e0s a\u00e7\u00f5es que promovam mais sustentabilidade em Mato Grosso do Sul, o 1\u00ba secret\u00e1rio da Assembleia Legislativa, deputado estadual Paulo Corr\u00eaa (PSDB), alinha, em parceria com a Federa\u00e7\u00e3o das Ind\u00fastrias de Mato Grosso do Sul (Fiems), a elabora\u00e7\u00e3o de um projeto para uso [&hellip;]<\/p>\n","protected":false},"author":4,"featured_media":234753,"comment_status":"closed","ping_status":"closed","sticky":false,"template":"","format":"standard","meta":{"footnotes":""},"categories":[37],"tags":[],"class_list":["post-234752","post","type-post","status-publish","format-standard","has-post-thumbnail","hentry","category-politica"],"_links":{"self":[{"href":"https:\/\/www.ocorreionews.com.br\/acervo-correio\/index.php?rest_route=\/wp\/v2\/posts\/234752","targetHints":{"allow":["GET"]}}],"collection":[{"href":"https:\/\/www.ocorreionews.com.br\/acervo-correio\/index.php?rest_route=\/wp\/v2\/posts"}],"about":[{"href":"https:\/\/www.ocorreionews.com.br\/acervo-correio\/index.php?rest_route=\/wp\/v2\/types\/post"}],"author":[{"embeddable":true,"href":"https:\/\/www.ocorreionews.com.br\/acervo-correio\/index.php?rest_route=\/wp\/v2\/users\/4"}],"replies":[{"embeddable":true,"href":"https:\/\/www.ocorreionews.com.br\/acervo-correio\/index.php?rest_route=%2Fwp%2Fv2%2Fcomments&post=234752"}],"version-history":[{"count":1,"href":"https:\/\/www.ocorreionews.com.br\/acervo-correio\/index.php?rest_route=\/wp\/v2\/posts\/234752\/revisions"}],"predecessor-version":[{"id":234754,"href":"https:\/\/www.ocorreionews.com.br\/acervo-correio\/index.php?rest_route=\/wp\/v2\/posts\/234752\/revisions\/234754"}],"wp:featuredmedia":[{"embeddable":true,"href":"https:\/\/www.ocorreionews.com.br\/acervo-correio\/index.php?rest_route=\/wp\/v2\/media\/234753"}],"wp:attachment":[{"href":"https:\/\/www.ocorreionews.com.br\/acervo-correio\/index.php?rest_route=%2Fwp%2Fv2%2Fmedia&parent=234752"}],"wp:term":[{"taxonomy":"category","embeddable":true,"href":"https:\/\/www.ocorreionews.com.br\/acervo-correio\/index.php?rest_route=%2Fwp%2Fv2%2Fcategories&post=234752"},{"taxonomy":"post_tag","embeddable":true,"href":"https:\/\/www.ocorreionews.com.br\/acervo-correio\/index.php?rest_route=%2Fwp%2Fv2%2Ftags&post=234752"}],"curies":[{"name":"wp","href":"https:\/\/api.w.org\/{rel}","templated":true}]}}