{"id":234770,"date":"2023-03-21T08:03:41","date_gmt":"2023-03-21T12:03:41","guid":{"rendered":"https:\/\/www.ocorreionews.com.br\/acervo-correio\/?p=234770"},"modified":"2023-03-21T08:03:41","modified_gmt":"2023-03-21T12:03:41","slug":"cinturao-verde-mostra-a-eficiencia-da-producao-semi-organica-da-agricultura-familiar-em-costa-rica","status":"publish","type":"post","link":"https:\/\/www.ocorreionews.com.br\/acervo-correio\/?p=234770","title":{"rendered":"Cintur\u00e3o Verde mostra a efici\u00eancia da produ\u00e7\u00e3o semi-org\u00e2nica da agricultura familiar em Costa Rica"},"content":{"rendered":"<div class=\"ntc_cont_descricao_noticia sw_txteditor\">Na \u00faltima sexta-feira (17), autoridades do Governo de Costa Rica realizaram uma visita aos pequenos produtores rurais que fazem parte do Cintur\u00e3o Verde. Este projeto \u00e9 de extrema import\u00e2ncia, n\u00e3o s\u00f3 para o produtor, mas tamb\u00e9m para os demais membros da popula\u00e7\u00e3o pois \u00e9 um bra\u00e7o forte para a agricultura local e para o abastecimento do mercado consumidor do munic\u00edpio.<\/p>\n<p>Durante a visita, foi poss\u00edvel verificar de perto como os produtores conseguem produzir de forma quase que org\u00e2nica, sem a utiliza\u00e7\u00e3o de agrot\u00f3xicos e com sistemas de irriga\u00e7\u00e3o eficientes. Essa produ\u00e7\u00e3o n\u00e3o s\u00f3 \u00e9 saud\u00e1vel para quem consome, mas tamb\u00e9m para o meio ambiente.<\/p>\n<p>O Cintur\u00e3o Verde \u00e9 um projeto que visa a implanta\u00e7\u00e3o de \u00e1reas de produ\u00e7\u00e3o agr\u00edcola no entorno da cidade. No caso de Costa Rica, o projeto tem como objetivo principal garantir a produ\u00e7\u00e3o de alimentos saud\u00e1veis e frescos para a popula\u00e7\u00e3o. O projeto foi criado a partir de uma iniciativa do Programa AgroRica e vem sendo desenvolvido desde 2021 com excelentes resultados, agregando renda e gerando empregos.<\/p>\n<p>Diante disso, o prefeito delegado Cleverson Alves dos Santos destacou a import\u00e2ncia do projeto para o munic\u00edpio, ressaltando que desde o in\u00edcio de sua gest\u00e3o, em 2021, tem trabalhado para expandir e melhorar a produ\u00e7\u00e3o de alimentos na regi\u00e3o com incentivos do Programa AgroRica. &#8220;O Cintur\u00e3o Verde tem grande potencial de desenvolvimento, por isso, estamos comprometidos em investir cada vez mais nessa iniciativa que trar\u00e1 benef\u00edcios para toda a popula\u00e7\u00e3o&#8221;, afirmou o prefeito.<\/p><\/div>\n<div class=\"ntc_cont_descricao_noticia sw_txteditor\"><img decoding=\"async\" class=\"imgcentraliza\" src=\"https:\/\/www.costarica.ms.gov.br\/fotos\/4b2eeb9747c203043495258a37d14fb2.jpg\" alt=\"Foto Noticia Principal Grande\" \/><\/p>\n<p>Por sua vez, o secret\u00e1rio de Agricultura e Desenvolvimento, Fernando Barbosa Martins, enfatizou a necessidade de incentivar a produ\u00e7\u00e3o de alimentos saud\u00e1veis no munic\u00edpio e destacou a import\u00e2ncia da agricultura familiar nesse processo. &#8220;Nosso objetivo \u00e9 incentivar os pequenos produtores a produzir de forma mais sustent\u00e1vel, valorizando a produ\u00e7\u00e3o local e contribuindo para a sa\u00fade da popula\u00e7\u00e3o&#8221;, disse o secret\u00e1rio.<\/p>\n<p>\u00c9 ineg\u00e1vel a import\u00e2ncia da agricultura familiar para o desenvolvimento sustent\u00e1vel do munic\u00edpio de Costa Rica. Com projetos como o Cintur\u00e3o Verde, \u00e9 poss\u00edvel incentivar a produ\u00e7\u00e3o de alimentos saud\u00e1veis e frescos, valorizando a produ\u00e7\u00e3o local e contribuindo para a sa\u00fade da popula\u00e7\u00e3o.<\/p>\n<p>Tamb\u00e9m estiveram presentes na visita, o vice-prefeito Roni Cota, os secret\u00e1rios municipais, de Sa\u00fade Jovenaldo Francisco dos Santos e de Governo Rayner Moraes Santos.<\/p>\n<p><img decoding=\"async\" class=\"imgcentraliza\" src=\"https:\/\/www.costarica.ms.gov.br\/fotos\/4e8ebeee553293cfdb8f3016fd0e8ed3.jpg\" alt=\"Foto Noticia Principal Grande\" \/><\/div>\n<div><\/div>\n<div class=\"ntc_area_info_noticia sw_lato\">\n<div>\n<div class=\"ntc_info_noticia\"><strong class=\"sw_lato_black\">Fonte: <\/strong>Assessoria de Comunica\u00e7\u00e3o &#8211; PMCR,<strong class=\"sw_lato_black\">\u00a0<\/strong>Silvestre de Castro<\/div>\n<\/div>\n<\/div>\n","protected":false},"excerpt":{"rendered":"<p>Na \u00faltima sexta-feira (17), autoridades do Governo de Costa Rica realizaram uma visita aos pequenos produtores rurais que fazem parte do Cintur\u00e3o Verde. Este projeto \u00e9 de extrema import\u00e2ncia, n\u00e3o s\u00f3 para o produtor, mas tamb\u00e9m para os demais membros da popula\u00e7\u00e3o pois \u00e9 um bra\u00e7o forte para a agricultura local e para o abastecimento [&hellip;]<\/p>\n","protected":false},"author":5,"featured_media":234772,"comment_status":"closed","ping_status":"closed","sticky":false,"template":"","format":"standard","meta":{"footnotes":""},"categories":[25],"tags":[],"class_list":["post-234770","post","type-post","status-publish","format-standard","has-post-thumbnail","hentry","category-costa-rica"],"_links":{"self":[{"href":"https:\/\/www.ocorreionews.com.br\/acervo-correio\/index.php?rest_route=\/wp\/v2\/posts\/234770","targetHints":{"allow":["GET"]}}],"collection":[{"href":"https:\/\/www.ocorreionews.com.br\/acervo-correio\/index.php?rest_route=\/wp\/v2\/posts"}],"about":[{"href":"https:\/\/www.ocorreionews.com.br\/acervo-correio\/index.php?rest_route=\/wp\/v2\/types\/post"}],"author":[{"embeddable":true,"href":"https:\/\/www.ocorreionews.com.br\/acervo-correio\/index.php?rest_route=\/wp\/v2\/users\/5"}],"replies":[{"embeddable":true,"href":"https:\/\/www.ocorreionews.com.br\/acervo-correio\/index.php?rest_route=%2Fwp%2Fv2%2Fcomments&post=234770"}],"version-history":[{"count":1,"href":"https:\/\/www.ocorreionews.com.br\/acervo-correio\/index.php?rest_route=\/wp\/v2\/posts\/234770\/revisions"}],"predecessor-version":[{"id":234773,"href":"https:\/\/www.ocorreionews.com.br\/acervo-correio\/index.php?rest_route=\/wp\/v2\/posts\/234770\/revisions\/234773"}],"wp:featuredmedia":[{"embeddable":true,"href":"https:\/\/www.ocorreionews.com.br\/acervo-correio\/index.php?rest_route=\/wp\/v2\/media\/234772"}],"wp:attachment":[{"href":"https:\/\/www.ocorreionews.com.br\/acervo-correio\/index.php?rest_route=%2Fwp%2Fv2%2Fmedia&parent=234770"}],"wp:term":[{"taxonomy":"category","embeddable":true,"href":"https:\/\/www.ocorreionews.com.br\/acervo-correio\/index.php?rest_route=%2Fwp%2Fv2%2Fcategories&post=234770"},{"taxonomy":"post_tag","embeddable":true,"href":"https:\/\/www.ocorreionews.com.br\/acervo-correio\/index.php?rest_route=%2Fwp%2Fv2%2Ftags&post=234770"}],"curies":[{"name":"wp","href":"https:\/\/api.w.org\/{rel}","templated":true}]}}