{"id":234771,"date":"2023-03-21T08:06:28","date_gmt":"2023-03-21T12:06:28","guid":{"rendered":"https:\/\/www.ocorreionews.com.br\/acervo-correio\/?p=234771"},"modified":"2023-03-21T08:06:28","modified_gmt":"2023-03-21T12:06:28","slug":"novo-mais-medicos-entenda-os-detalhes-do-programa-relancado-pelo-governo","status":"publish","type":"post","link":"https:\/\/www.ocorreionews.com.br\/acervo-correio\/?p=234771","title":{"rendered":"Novo Mais M\u00e9dicos: entenda os detalhes do programa relan\u00e7ado pelo governo"},"content":{"rendered":"<p class=\"texto\">O presidente Luiz In\u00e1cio Lula da Silva anunciou, ontem, a retomada do programa Mais M\u00e9dicos com prioridade para a convoca\u00e7\u00e3o de profissionais da \u00e1rea de sa\u00fade brasileiros. O governo oferecer\u00e1 cinco mil vagas a partir deste m\u00eas, sendo que outras 10 mil ser\u00e3o abertas no segundo semestre deste ano. O sal\u00e1rio inicial \u00e9 de R$ 12,8 mil, mais aux\u00edlio moradia \u2014 al\u00e9m de ajuda no aperfei\u00e7oamento profissional \u2014, e o Pal\u00e1cio do Planalto pretende ampliar as contrata\u00e7\u00f5es at\u00e9 ocuparem 28 mil postos.<\/p>\n<p class=\"texto\">At\u00e9 ser extinto na gest\u00e3o de Jair Bolsonaro, sob a acusa\u00e7\u00e3o de que era uma maneira de o governo brasileiro financiar a ditadura dos irm\u00e3os Fidel e Ra\u00fal Castro, boa parte das vagas do programa era ocupada por estrangeiros \u2014 sobretudo cubanos. Isso n\u00e3o quer dizer, por\u00e9m, que profissionais de outras nacionalidades n\u00e3o ser\u00e3o aceitos, como anunciou o presidente Luiz In\u00e1cio Lula da Silva.<\/p>\n<p class=\"texto\">&#8220;Queremos que todos os m\u00e9dicos que se inscrevam sejam brasileiros. Se n\u00e3o tiver, vamos fazer um chamamento para que estrangeiros ocupem essa tarefa. O que importa n\u00e3o \u00e9 apenas saber a nacionalidade do m\u00e9dico, \u00e9 saber a nacionalidade do paciente, um brasileiro que precisa de sa\u00fade&#8221;, afirmou.<\/p>\n<p class=\"texto\">\n<div class=\"read-more\"><\/div>\n<p>&nbsp;<\/p>\n<h3>Lacuna<\/h3>\n<p class=\"texto\">Segundo levantamento do Minist\u00e9rio da Sa\u00fade, h\u00e1 aproximadamente quatro mil equipes de sa\u00fade que atuam em regi\u00f5es vulner\u00e1veis sem m\u00e9dicos. O \u00edndice de desist\u00eancia de ocupa\u00e7\u00e3o dessas vagas \u00e9 em torno de 41%, de acordo com levantamento da pasta. Para a ministra N\u00edsia Trindade, esse desest\u00edmulo se acentuou no governo Bolsonaro.<\/p>\n<p class=\"texto\">&#8220;(O programa) foi descaracterizado nos \u00faltimos seis anos e a proposta do governo anterior n\u00e3o garantia m\u00e9dicos onde mais se necessitava. O ano de 2022 finalizou com mais de 4 mil equipes da sa\u00fade da fam\u00edlia sem m\u00e9dicos, o pior cen\u00e1rio em 10 anos, afetando, principalmente, as \u00e1reas e as pessoas em situa\u00e7\u00e3o de vulnerabilidade&#8221;, lamentou a ministra.<\/p>\n<p class=\"texto\">Segundo N\u00edsia, a retomada do programa \u00e9 fundamental, porque os contratos com cerca de 2,5 mil m\u00e9dicos se encerram em junho. &#8220;\u00c9 necess\u00e1rio prorrogar a perman\u00eancia desses profissionais que t\u00eam tido a maior m\u00e9dia de perman\u00eancia na sa\u00fade da fam\u00edlia&#8221;, explicou.<\/p>\n<p class=\"texto\">Os novos contratos do programa ser\u00e3o de quatro anos, e n\u00e3o de tr\u00eas \u2014 como \u00e9 atualmente \u2014, podendo ser prorrogado por mais quatro. Segundo N\u00edsia, a ideia \u00e9 fazer com que esse per\u00edodo seja suficiente para que o profissional concluir a especializa\u00e7\u00e3o em sa\u00fade prim\u00e1ria.<\/p>\n<p class=\"texto\">Quem entrou no curso de medicina por meio do Fundo de Financiamento ao Estudante do Ensino Superior (Fies) receber\u00e1 aten\u00e7\u00e3o especial no programa. Ao permanecer por um ano no Mais M\u00e9dicos, e atuando em alguma \u00e1rea de vulnerabilidade social, o estudante ter\u00e1 abatimento na bolsa do Fies.<\/p>\n<p class=\"texto\">J\u00e1 para m\u00e9dicas que se tornarem m\u00e3es enquanto estiverem no programa, um benef\u00edcio para permanecerem ser\u00e1 o bolsa maternidade, que complementa o valor do aux\u00edlio do INSS por at\u00e9 seis meses.<\/p>\n<p>Tain\u00e1 Andrade- correiobrasilense<\/p>\n","protected":false},"excerpt":{"rendered":"<p>O presidente Luiz In\u00e1cio Lula da Silva anunciou, ontem, a retomada do programa Mais M\u00e9dicos com prioridade para a convoca\u00e7\u00e3o de profissionais da \u00e1rea de sa\u00fade brasileiros. O governo oferecer\u00e1 cinco mil vagas a partir deste m\u00eas, sendo que outras 10 mil ser\u00e3o abertas no segundo semestre deste ano. O sal\u00e1rio inicial \u00e9 de R$ [&hellip;]<\/p>\n","protected":false},"author":4,"featured_media":234775,"comment_status":"closed","ping_status":"closed","sticky":false,"template":"","format":"standard","meta":{"footnotes":""},"categories":[37,39],"tags":[],"class_list":["post-234771","post","type-post","status-publish","format-standard","has-post-thumbnail","hentry","category-politica","category-saude"],"_links":{"self":[{"href":"https:\/\/www.ocorreionews.com.br\/acervo-correio\/index.php?rest_route=\/wp\/v2\/posts\/234771","targetHints":{"allow":["GET"]}}],"collection":[{"href":"https:\/\/www.ocorreionews.com.br\/acervo-correio\/index.php?rest_route=\/wp\/v2\/posts"}],"about":[{"href":"https:\/\/www.ocorreionews.com.br\/acervo-correio\/index.php?rest_route=\/wp\/v2\/types\/post"}],"author":[{"embeddable":true,"href":"https:\/\/www.ocorreionews.com.br\/acervo-correio\/index.php?rest_route=\/wp\/v2\/users\/4"}],"replies":[{"embeddable":true,"href":"https:\/\/www.ocorreionews.com.br\/acervo-correio\/index.php?rest_route=%2Fwp%2Fv2%2Fcomments&post=234771"}],"version-history":[{"count":1,"href":"https:\/\/www.ocorreionews.com.br\/acervo-correio\/index.php?rest_route=\/wp\/v2\/posts\/234771\/revisions"}],"predecessor-version":[{"id":234776,"href":"https:\/\/www.ocorreionews.com.br\/acervo-correio\/index.php?rest_route=\/wp\/v2\/posts\/234771\/revisions\/234776"}],"wp:featuredmedia":[{"embeddable":true,"href":"https:\/\/www.ocorreionews.com.br\/acervo-correio\/index.php?rest_route=\/wp\/v2\/media\/234775"}],"wp:attachment":[{"href":"https:\/\/www.ocorreionews.com.br\/acervo-correio\/index.php?rest_route=%2Fwp%2Fv2%2Fmedia&parent=234771"}],"wp:term":[{"taxonomy":"category","embeddable":true,"href":"https:\/\/www.ocorreionews.com.br\/acervo-correio\/index.php?rest_route=%2Fwp%2Fv2%2Fcategories&post=234771"},{"taxonomy":"post_tag","embeddable":true,"href":"https:\/\/www.ocorreionews.com.br\/acervo-correio\/index.php?rest_route=%2Fwp%2Fv2%2Ftags&post=234771"}],"curies":[{"name":"wp","href":"https:\/\/api.w.org\/{rel}","templated":true}]}}