{"id":234811,"date":"2023-03-21T10:46:14","date_gmt":"2023-03-21T14:46:14","guid":{"rendered":"https:\/\/www.ocorreionews.com.br\/acervo-correio\/?p=234811"},"modified":"2023-03-21T10:46:14","modified_gmt":"2023-03-21T14:46:14","slug":"9a-conferencia-de-saude-sera-realizada-quarta-feira-em-chapadao-do-sul","status":"publish","type":"post","link":"https:\/\/www.ocorreionews.com.br\/acervo-correio\/?p=234811","title":{"rendered":"9\u00aa Confer\u00eancia de Sa\u00fade ser\u00e1 realizada quarta-feira em Chapad\u00e3o do Sul"},"content":{"rendered":"<p style=\"font-weight: 400;\">Secretaria de Sa\u00fade realizar\u00e1 na pr\u00f3xima quarta-feira, 22, a 9\u00aa Confer\u00eancia de Sa\u00fade, no audit\u00f3rio da Fachasul das 07h \u00e0s 17h.<\/p>\n<p style=\"font-weight: 400;\">O evento contar\u00e1 com a presen\u00e7a do palestrante Jeferson Camargo Taborda, doutor em psicologia e professor da Universidade Federal de Mato Grosso do Sul &#8211; Campus de Parana\u00edba. Jeferson possui uma vasta experi\u00eancia na \u00e1rea de Psicologia Social e da sa\u00fade, com \u00eanfase em: sa\u00fade coletiva, configura\u00e7\u00f5es familiares, marcadores sociais da diferen\u00e7a, articula\u00e7\u00f5es entre o corpo, territ\u00f3rio e cidade.<\/p>\n<p style=\"font-weight: 400;\">A confer\u00eancia ser\u00e1 aberta para toda popula\u00e7\u00e3o, contamos com a presen\u00e7a de todos.<\/p>\n<p><a href=\"https:\/\/www.ocorreionews.com.br\/acervo-correio\/wp-content\/uploads\/2023\/03\/01-7.jpg\"><img loading=\"lazy\" decoding=\"async\" class=\"wp-image-234812 aligncenter\" src=\"https:\/\/www.ocorreionews.com.br\/acervo-correio\/wp-content\/uploads\/2023\/03\/01-7.jpg\" alt=\"\" width=\"497\" height=\"497\" srcset=\"https:\/\/www.ocorreionews.com.br\/acervo-correio\/wp-content\/uploads\/2023\/03\/01-7.jpg 800w, https:\/\/www.ocorreionews.com.br\/acervo-correio\/wp-content\/uploads\/2023\/03\/01-7-300x300.jpg 300w, https:\/\/www.ocorreionews.com.br\/acervo-correio\/wp-content\/uploads\/2023\/03\/01-7-150x150.jpg 150w, https:\/\/www.ocorreionews.com.br\/acervo-correio\/wp-content\/uploads\/2023\/03\/01-7-768x768.jpg 768w\" sizes=\"auto, (max-width: 497px) 100vw, 497px\" \/><\/a><\/p>\n<p>*Assecom PMCS<\/p>\n","protected":false},"excerpt":{"rendered":"<p>Secretaria de Sa\u00fade realizar\u00e1 na pr\u00f3xima quarta-feira, 22, a 9\u00aa Confer\u00eancia de Sa\u00fade, no audit\u00f3rio da Fachasul das 07h \u00e0s 17h. O evento contar\u00e1 com a presen\u00e7a do palestrante Jeferson Camargo Taborda, doutor em psicologia e professor da Universidade Federal de Mato Grosso do Sul &#8211; Campus de Parana\u00edba. Jeferson possui uma vasta experi\u00eancia na [&hellip;]<\/p>\n","protected":false},"author":5,"featured_media":234812,"comment_status":"closed","ping_status":"closed","sticky":false,"template":"","format":"standard","meta":{"footnotes":""},"categories":[23],"tags":[],"class_list":["post-234811","post","type-post","status-publish","format-standard","has-post-thumbnail","hentry","category-chapadao-do-sul"],"_links":{"self":[{"href":"https:\/\/www.ocorreionews.com.br\/acervo-correio\/index.php?rest_route=\/wp\/v2\/posts\/234811","targetHints":{"allow":["GET"]}}],"collection":[{"href":"https:\/\/www.ocorreionews.com.br\/acervo-correio\/index.php?rest_route=\/wp\/v2\/posts"}],"about":[{"href":"https:\/\/www.ocorreionews.com.br\/acervo-correio\/index.php?rest_route=\/wp\/v2\/types\/post"}],"author":[{"embeddable":true,"href":"https:\/\/www.ocorreionews.com.br\/acervo-correio\/index.php?rest_route=\/wp\/v2\/users\/5"}],"replies":[{"embeddable":true,"href":"https:\/\/www.ocorreionews.com.br\/acervo-correio\/index.php?rest_route=%2Fwp%2Fv2%2Fcomments&post=234811"}],"version-history":[{"count":1,"href":"https:\/\/www.ocorreionews.com.br\/acervo-correio\/index.php?rest_route=\/wp\/v2\/posts\/234811\/revisions"}],"predecessor-version":[{"id":234813,"href":"https:\/\/www.ocorreionews.com.br\/acervo-correio\/index.php?rest_route=\/wp\/v2\/posts\/234811\/revisions\/234813"}],"wp:featuredmedia":[{"embeddable":true,"href":"https:\/\/www.ocorreionews.com.br\/acervo-correio\/index.php?rest_route=\/wp\/v2\/media\/234812"}],"wp:attachment":[{"href":"https:\/\/www.ocorreionews.com.br\/acervo-correio\/index.php?rest_route=%2Fwp%2Fv2%2Fmedia&parent=234811"}],"wp:term":[{"taxonomy":"category","embeddable":true,"href":"https:\/\/www.ocorreionews.com.br\/acervo-correio\/index.php?rest_route=%2Fwp%2Fv2%2Fcategories&post=234811"},{"taxonomy":"post_tag","embeddable":true,"href":"https:\/\/www.ocorreionews.com.br\/acervo-correio\/index.php?rest_route=%2Fwp%2Fv2%2Ftags&post=234811"}],"curies":[{"name":"wp","href":"https:\/\/api.w.org\/{rel}","templated":true}]}}