{"id":234815,"date":"2023-03-21T11:03:28","date_gmt":"2023-03-21T15:03:28","guid":{"rendered":"https:\/\/www.ocorreionews.com.br\/acervo-correio\/?p=234815"},"modified":"2023-03-21T11:03:28","modified_gmt":"2023-03-21T15:03:28","slug":"alcinopolis-vereadores-aprovaram-o-projeto-revisao-dos-subsidios-dos-agentes-politicos","status":"publish","type":"post","link":"https:\/\/www.ocorreionews.com.br\/acervo-correio\/?p=234815","title":{"rendered":"Alcin\u00f3polis &#8211; Vereadores aprovaram o projeto revis\u00e3o dos subs\u00eddios dos agentes pol\u00edticos"},"content":{"rendered":"<p class=\"x_MsoNormal\">Na manh\u00e3 do dia 20 de mar\u00e7o, os vereadores reuniram-se para a realiza\u00e7\u00e3o de uma Sess\u00e3o Ordin\u00e1ria que teve como um dos principais destaques a vota\u00e7\u00e3o de dois Projetos de Lei de autoria do Executivo Municipal, bem como a aprecia\u00e7\u00e3o e a vota\u00e7\u00e3o de uma Resolu\u00e7\u00e3o, de autoria do Legislativo Municipal.<\/p>\n<p class=\"x_MsoNormal\">Os Projetos de Lei votados foram: o de n\u00ba 006, que disp\u00f5e sobre a revis\u00e3o dos subs\u00eddios dos agentes pol\u00edticos do munic\u00edpio de Alcin\u00f3polis; e o Complementar de n\u00ba 001, que disp\u00f5e sobre o reajuste do Piso Salarial do Magist\u00e9rio do munic\u00edpio de Alcin\u00f3polis. Ambos foram aprovados com unanimidade dos votos dos vereadores presentes.<\/p>\n<p class=\"x_MsoNormal\">J\u00e1 a Resolu\u00e7\u00e3o apreciada, votada e aprovada, tamb\u00e9m com unanimidade dos votos, foi a de n\u00ba 003, que regulamenta a Lei Municipal n\u00ba 536\/23, fixando procedimentos a serem observados para o pagamento de verbas indenizat\u00f3rias em fun\u00e7\u00e3o do exerc\u00edcio parlamentar, dispondo, ainda, sobre os trabalhos da Comiss\u00e3o de Controle de Verbas e Cotas Parlamentares.<\/p>\n<p class=\"x_MsoNormal\">A pr\u00f3xima Sess\u00e3o Ordin\u00e1ria est\u00e1 prevista para o dia 27 de mar\u00e7o, a partir das 09h00, e ser\u00e1 transmitida pelas m\u00eddias sociais oficiais do Poder Legislativo Municipal, atrav\u00e9s de Live, e pela R\u00e1dio Educativa FM.<\/p>\n<p class=\"x_MsoNormal\">\n<p class=\"x_MsoNormal\">\n<p class=\"x_MsoNormal\">&#8212;<\/p>\n<p class=\"x_MsoNormal\"><i>C\u00e2mara Municipal de Alcin\u00f3polis \u2013 MS<\/i><\/p>\n<p class=\"x_MsoNormal\"><i>Assessoria de Comunica\u00e7\u00e3o \u2013 ASCOM<\/i><\/p>\n<p class=\"x_MsoNormal\"><i>Jornalista Bruna Souza<\/i><\/p>\n","protected":false},"excerpt":{"rendered":"<p>Na manh\u00e3 do dia 20 de mar\u00e7o, os vereadores reuniram-se para a realiza\u00e7\u00e3o de uma Sess\u00e3o Ordin\u00e1ria que teve como um dos principais destaques a vota\u00e7\u00e3o de dois Projetos de Lei de autoria do Executivo Municipal, bem como a aprecia\u00e7\u00e3o e a vota\u00e7\u00e3o de uma Resolu\u00e7\u00e3o, de autoria do Legislativo Municipal. Os Projetos de Lei [&hellip;]<\/p>\n","protected":false},"author":4,"featured_media":231394,"comment_status":"closed","ping_status":"closed","sticky":false,"template":"","format":"standard","meta":{"footnotes":""},"categories":[18,20],"tags":[],"class_list":["post-234815","post","type-post","status-publish","format-standard","has-post-thumbnail","hentry","category-alcinopolis","category-camara-municipal"],"_links":{"self":[{"href":"https:\/\/www.ocorreionews.com.br\/acervo-correio\/index.php?rest_route=\/wp\/v2\/posts\/234815","targetHints":{"allow":["GET"]}}],"collection":[{"href":"https:\/\/www.ocorreionews.com.br\/acervo-correio\/index.php?rest_route=\/wp\/v2\/posts"}],"about":[{"href":"https:\/\/www.ocorreionews.com.br\/acervo-correio\/index.php?rest_route=\/wp\/v2\/types\/post"}],"author":[{"embeddable":true,"href":"https:\/\/www.ocorreionews.com.br\/acervo-correio\/index.php?rest_route=\/wp\/v2\/users\/4"}],"replies":[{"embeddable":true,"href":"https:\/\/www.ocorreionews.com.br\/acervo-correio\/index.php?rest_route=%2Fwp%2Fv2%2Fcomments&post=234815"}],"version-history":[{"count":1,"href":"https:\/\/www.ocorreionews.com.br\/acervo-correio\/index.php?rest_route=\/wp\/v2\/posts\/234815\/revisions"}],"predecessor-version":[{"id":234816,"href":"https:\/\/www.ocorreionews.com.br\/acervo-correio\/index.php?rest_route=\/wp\/v2\/posts\/234815\/revisions\/234816"}],"wp:featuredmedia":[{"embeddable":true,"href":"https:\/\/www.ocorreionews.com.br\/acervo-correio\/index.php?rest_route=\/wp\/v2\/media\/231394"}],"wp:attachment":[{"href":"https:\/\/www.ocorreionews.com.br\/acervo-correio\/index.php?rest_route=%2Fwp%2Fv2%2Fmedia&parent=234815"}],"wp:term":[{"taxonomy":"category","embeddable":true,"href":"https:\/\/www.ocorreionews.com.br\/acervo-correio\/index.php?rest_route=%2Fwp%2Fv2%2Fcategories&post=234815"},{"taxonomy":"post_tag","embeddable":true,"href":"https:\/\/www.ocorreionews.com.br\/acervo-correio\/index.php?rest_route=%2Fwp%2Fv2%2Ftags&post=234815"}],"curies":[{"name":"wp","href":"https:\/\/api.w.org\/{rel}","templated":true}]}}