{"id":234818,"date":"2023-03-21T13:19:12","date_gmt":"2023-03-21T17:19:12","guid":{"rendered":"https:\/\/www.ocorreionews.com.br\/acervo-correio\/?p=234818"},"modified":"2023-03-21T13:19:12","modified_gmt":"2023-03-21T17:19:12","slug":"governo-lula-vai-remodelar-dpvat-que-deve-voltar-a-ser-cobrado-em-2024","status":"publish","type":"post","link":"https:\/\/www.ocorreionews.com.br\/acervo-correio\/?p=234818","title":{"rendered":"Governo Lula vai remodelar DPVAT, que deve voltar a ser cobrado em 2024"},"content":{"rendered":"<p>O Seguro Obrigat\u00f3rio de Danos Pessoais Causados por Ve\u00edculos Automotores de Vias Terrestres (DPVAT) ser\u00e1 reformulado pela gest\u00e3o do presidente Luiz In\u00e1cio Lula da Silva (PT) e pode voltar a ser cobrado dos motoristas a partir do ano que vem.<\/p>\n<p>O Executivo j\u00e1 trabalha na elabora\u00e7\u00e3o de um novo modelo para o seguro e pretende anunciar as novidades at\u00e9 o fim de 2023.<\/p>\n<p>&#8220;N\u00f3s precisamos refazer os modelos do DPVAT e reconstruir um novo DPVAT, com uma nova arquitetura para esse seguro, que \u00e9 extremamente relevante. Temos um ano para fazer isso&#8221;, disse o secret\u00e1rio de Reformas Econ\u00f4micas do Minist\u00e9rio da Fazenda, Marcos Barbosa Pinto, na semana passada.<\/p>\n<p>O DPVAT\u00a0era cobrado no licenciamento dos ve\u00edculos at\u00e9 2020, mas no ano seguinte <a href=\"http:\/\/noticias.r7.com\/brasil\/motoristas-nao-terao-de-pagar-dpvat-pelo-segundo-ano-seguido-02012022\">o governo federal constituiu um fundo no valor de R$ 4,3 bilh\u00f5es<\/a> para substituir o cons\u00f3rcio que tinha a seu cargo o seguro veicular obrigat\u00f3rio e isentou os motoristas da cobran\u00e7a anual.<\/p>\n<p>Esse fundo passou a ser administrado pela Caixa Econ\u00f4mica Federal e, desde ent\u00e3o, o dinheiro vem sendo consumido com o reembolso de despesas de assist\u00eancia m\u00e9dica e suplementares e em casos de invalidez permanente e de morte. A reserva, contudo, est\u00e1 chegando ao fim. Dessa forma, para bancar o DPVAT, a tend\u00eancia \u00e9 que os donos de ve\u00edculos voltem a pagar pelo seguro.<\/p>\n<div class=\"media_box embed intertitle_box\">\n<h3 class=\"content\">Quem tem direito ao seguro?<\/h3>\n<\/div>\n<p>O DPVAT indeniza v\u00edtimas de acidentes de tr\u00e2nsito, motoristas, passageiros ou pedestres, brasileiros ou estrangeiros, sem apura\u00e7\u00e3o de culpa. As indeniza\u00e7\u00f5es variam de acordo com o tipo de caso. Se a v\u00edtima de acidente de tr\u00e2nsito efetuar despesas com assist\u00eancia m\u00e9dica e suplementares para seu tratamento, ter\u00e1 direito ao reembolso de at\u00e9 R$ 2.700.<\/p>\n<p>O reembolso por invalidez permanente pode variar de R$ 135 at\u00e9 R$ 13,5 mil para tratamento conclu\u00eddo e invalidez de car\u00e1ter definitivo por perda anat\u00f4mica ou redu\u00e7\u00e3o total ou parcial das fun\u00e7\u00f5es de membros ou \u00f3rg\u00e3os.<\/p>\n<p>As indeniza\u00e7\u00f5es por morte correspondem ao valor de at\u00e9 R$ 13,5 mil. Os benefici\u00e1rios nesses casos s\u00e3o o c\u00f4njuge, companheiro ou herdeiros legais da v\u00edtima. O valor m\u00e1ximo do reembolso \u00e9 compartilhado entre todas as pessoas que legalmente t\u00eam direito ao seguro.<\/p>\n<p>&nbsp;<\/p>\n<p>*R7, Augusto Fernandes<\/p>\n","protected":false},"excerpt":{"rendered":"<p>O Seguro Obrigat\u00f3rio de Danos Pessoais Causados por Ve\u00edculos Automotores de Vias Terrestres (DPVAT) ser\u00e1 reformulado pela gest\u00e3o do presidente Luiz In\u00e1cio Lula da Silva (PT) e pode voltar a ser cobrado dos motoristas a partir do ano que vem. O Executivo j\u00e1 trabalha na elabora\u00e7\u00e3o de um novo modelo para o seguro e pretende [&hellip;]<\/p>\n","protected":false},"author":5,"featured_media":118278,"comment_status":"closed","ping_status":"closed","sticky":false,"template":"","format":"standard","meta":{"footnotes":""},"categories":[26,37],"tags":[],"class_list":["post-234818","post","type-post","status-publish","format-standard","has-post-thumbnail","hentry","category-economia","category-politica"],"_links":{"self":[{"href":"https:\/\/www.ocorreionews.com.br\/acervo-correio\/index.php?rest_route=\/wp\/v2\/posts\/234818","targetHints":{"allow":["GET"]}}],"collection":[{"href":"https:\/\/www.ocorreionews.com.br\/acervo-correio\/index.php?rest_route=\/wp\/v2\/posts"}],"about":[{"href":"https:\/\/www.ocorreionews.com.br\/acervo-correio\/index.php?rest_route=\/wp\/v2\/types\/post"}],"author":[{"embeddable":true,"href":"https:\/\/www.ocorreionews.com.br\/acervo-correio\/index.php?rest_route=\/wp\/v2\/users\/5"}],"replies":[{"embeddable":true,"href":"https:\/\/www.ocorreionews.com.br\/acervo-correio\/index.php?rest_route=%2Fwp%2Fv2%2Fcomments&post=234818"}],"version-history":[{"count":1,"href":"https:\/\/www.ocorreionews.com.br\/acervo-correio\/index.php?rest_route=\/wp\/v2\/posts\/234818\/revisions"}],"predecessor-version":[{"id":234819,"href":"https:\/\/www.ocorreionews.com.br\/acervo-correio\/index.php?rest_route=\/wp\/v2\/posts\/234818\/revisions\/234819"}],"wp:featuredmedia":[{"embeddable":true,"href":"https:\/\/www.ocorreionews.com.br\/acervo-correio\/index.php?rest_route=\/wp\/v2\/media\/118278"}],"wp:attachment":[{"href":"https:\/\/www.ocorreionews.com.br\/acervo-correio\/index.php?rest_route=%2Fwp%2Fv2%2Fmedia&parent=234818"}],"wp:term":[{"taxonomy":"category","embeddable":true,"href":"https:\/\/www.ocorreionews.com.br\/acervo-correio\/index.php?rest_route=%2Fwp%2Fv2%2Fcategories&post=234818"},{"taxonomy":"post_tag","embeddable":true,"href":"https:\/\/www.ocorreionews.com.br\/acervo-correio\/index.php?rest_route=%2Fwp%2Fv2%2Ftags&post=234818"}],"curies":[{"name":"wp","href":"https:\/\/api.w.org\/{rel}","templated":true}]}}