{"id":234827,"date":"2023-03-21T13:50:54","date_gmt":"2023-03-21T17:50:54","guid":{"rendered":"https:\/\/www.ocorreionews.com.br\/acervo-correio\/?p=234827"},"modified":"2023-03-21T13:50:54","modified_gmt":"2023-03-21T17:50:54","slug":"1o-encontro-de-mulheres-de-atitude-acontece-na-quinta-feira-em-costa-rica","status":"publish","type":"post","link":"https:\/\/www.ocorreionews.com.br\/acervo-correio\/?p=234827","title":{"rendered":"1\u00ba Encontro de Mulheres de Atitude acontece na quinta-feira em Costa Rica"},"content":{"rendered":"<div class=\"ntc_cont_descricao_noticia sw_txteditor\">\n<div>Acontece na pr\u00f3xima quinta-feira (23),a partir das 13h30, no Audit\u00f3rio do Parque Municipal Salto do Sucuri\u00fa em Costa Rica, o 1\u00ba Encontro de Mulheres de Atitude.<\/p>\n<p>Realizado pelo Governo de Costa Rica, atrav\u00e9s da Secretaria Municipal de Pol\u00edticas P\u00fablicas para Mulheres, com apoio da C\u00e2mara de Vereadores, o evento acontece\u00a0em alus\u00e3o ao m\u00eas da mulher e pretende reunir lideran\u00e7as femininas, levando informa\u00e7\u00f5es necess\u00e1rias sobre os avan\u00e7os hist\u00f3ricos em prol da mulher brasileira, com temas e debates que fortale\u00e7am a comunidade local.<\/p>\n<p>Com o tema \u201cEu sou mulher, qual o meu lugar? \u201d, o encontro \u00e9 voltado ao empoderamento feminino em \u00e1reas de dire\u00e7\u00e3o comercial e financeira, abordando tamb\u00e9m a import\u00e2ncia da administra\u00e7\u00e3o do Lar e o papel da Mulher na vis\u00e3o sist\u00eamica.<\/p>\n<p>O evento \u00e9 gratuito e aberto ao p\u00fablico.<\/p><\/div>\n<\/div>\n<p>&nbsp;<\/p>\n<p><img decoding=\"async\" src=\"https:\/\/www.costarica.ms.gov.br\/fotos\/88cfd073a591661e89dc3bfb3a522853.png\" alt=\"Foto Noticia Principal Grande\" \/><\/p>\n<div class=\"ntc_area_info_noticia sw_lato\">\n<div>\n<div class=\"ntc_info_noticia\"><strong class=\"sw_lato_black\">Fonte:<\/strong>Assessoria de Comunica\u00e7\u00e3o,Angela Bezerra<\/div>\n<\/div>\n<\/div>\n","protected":false},"excerpt":{"rendered":"<p>Acontece na pr\u00f3xima quinta-feira (23),a partir das 13h30, no Audit\u00f3rio do Parque Municipal Salto do Sucuri\u00fa em Costa Rica, o 1\u00ba Encontro de Mulheres de Atitude. Realizado pelo Governo de Costa Rica, atrav\u00e9s da Secretaria Municipal de Pol\u00edticas P\u00fablicas para Mulheres, com apoio da C\u00e2mara de Vereadores, o evento acontece\u00a0em alus\u00e3o ao m\u00eas da mulher [&hellip;]<\/p>\n","protected":false},"author":5,"featured_media":167967,"comment_status":"closed","ping_status":"closed","sticky":false,"template":"","format":"standard","meta":{"footnotes":""},"categories":[25],"tags":[],"class_list":["post-234827","post","type-post","status-publish","format-standard","has-post-thumbnail","hentry","category-costa-rica"],"_links":{"self":[{"href":"https:\/\/www.ocorreionews.com.br\/acervo-correio\/index.php?rest_route=\/wp\/v2\/posts\/234827","targetHints":{"allow":["GET"]}}],"collection":[{"href":"https:\/\/www.ocorreionews.com.br\/acervo-correio\/index.php?rest_route=\/wp\/v2\/posts"}],"about":[{"href":"https:\/\/www.ocorreionews.com.br\/acervo-correio\/index.php?rest_route=\/wp\/v2\/types\/post"}],"author":[{"embeddable":true,"href":"https:\/\/www.ocorreionews.com.br\/acervo-correio\/index.php?rest_route=\/wp\/v2\/users\/5"}],"replies":[{"embeddable":true,"href":"https:\/\/www.ocorreionews.com.br\/acervo-correio\/index.php?rest_route=%2Fwp%2Fv2%2Fcomments&post=234827"}],"version-history":[{"count":1,"href":"https:\/\/www.ocorreionews.com.br\/acervo-correio\/index.php?rest_route=\/wp\/v2\/posts\/234827\/revisions"}],"predecessor-version":[{"id":234828,"href":"https:\/\/www.ocorreionews.com.br\/acervo-correio\/index.php?rest_route=\/wp\/v2\/posts\/234827\/revisions\/234828"}],"wp:featuredmedia":[{"embeddable":true,"href":"https:\/\/www.ocorreionews.com.br\/acervo-correio\/index.php?rest_route=\/wp\/v2\/media\/167967"}],"wp:attachment":[{"href":"https:\/\/www.ocorreionews.com.br\/acervo-correio\/index.php?rest_route=%2Fwp%2Fv2%2Fmedia&parent=234827"}],"wp:term":[{"taxonomy":"category","embeddable":true,"href":"https:\/\/www.ocorreionews.com.br\/acervo-correio\/index.php?rest_route=%2Fwp%2Fv2%2Fcategories&post=234827"},{"taxonomy":"post_tag","embeddable":true,"href":"https:\/\/www.ocorreionews.com.br\/acervo-correio\/index.php?rest_route=%2Fwp%2Fv2%2Ftags&post=234827"}],"curies":[{"name":"wp","href":"https:\/\/api.w.org\/{rel}","templated":true}]}}