{"id":234871,"date":"2023-03-22T06:46:56","date_gmt":"2023-03-22T10:46:56","guid":{"rendered":"https:\/\/www.ocorreionews.com.br\/acervo-correio\/?p=234871"},"modified":"2023-03-22T06:46:56","modified_gmt":"2023-03-22T10:46:56","slug":"chegada-do-outono-tras-preocupacao-para-lavoura-de-milho","status":"publish","type":"post","link":"https:\/\/www.ocorreionews.com.br\/acervo-correio\/?p=234871","title":{"rendered":"Chegada do outono tr\u00e1s preocupa\u00e7\u00e3o para lavoura de milho"},"content":{"rendered":"<p>De acordo com Ruan Sene, analista de mercado da Gr\u00e3o Direto, para os pr\u00f3ximos dias o clima continuar\u00e1 favorecendo o plantio no Brasil durante a semana. No entanto, come\u00e7a a apresentar algumas d\u00favidas em rela\u00e7\u00e3o a chegada do outono no Brasil. \u201cInstituto Nacional de Meteorologia (INMET) aponta que essa esta\u00e7\u00e3o \u00e9 caracterizada pela transi\u00e7\u00e3o entre o ver\u00e3o quente e \u00famido e o inverno frio e seco, principalmente no Brasil Central, em um cen\u00e1rio que poder\u00e1 frustrar a expectativa de produ\u00e7\u00e3o recorde\u201d, indica a Gr\u00e3o Direto.<\/p>\n<div id=\"agk_14000_pos_4_conteudo_desktop\" class=\"mb-4\" data-google-query-id=\"CN2ap8et7_0CFRCDlQIdngcCXQ\">\n<div id=\"google_ads_iframe_\/316485075\/agk_14000_pos_4_conteudo_desktop_0__container__\"><\/div>\n<\/div>\n<p>&nbsp;<\/p>\n<p>\u201cNot\u00edcias sobre a renova\u00e7\u00e3o do acordo de exporta\u00e7\u00e3o envolvendo R\u00fassia e Ucr\u00e2nia poder\u00e3o provocar movimenta\u00e7\u00e3o nas cota\u00e7\u00f5es, principalmente se houver algum tipo de resist\u00eancia ou exig\u00eancias adicionais de alguma das partes envolvidas. O mercado espera que o acordo seja renovado por mais 120 dias e a exporta\u00e7\u00e3o de milho continue. As cota\u00e7\u00f5es brasileiras poder\u00e3o continuar pressionadas diante das proje\u00e7\u00f5es otimistas de produ\u00e7\u00e3o no pa\u00eds, e dessa forma, ter uma semana de desvaloriza\u00e7\u00e3o em rela\u00e7\u00e3o aos pre\u00e7os\u201d, completa.<\/p>\n<p>&nbsp;<\/p>\n<p>Nesse cen\u00e1rio, a semana que passou foi marcada pela continuidade das negocia\u00e7\u00f5es sobre o acordo do Mar Negro, plantio da 2\u00aa Safra de milho e mais uma queda na expectativa da produ\u00e7\u00e3o da Argentina. Diante disso, as cota\u00e7\u00f5es de Chicago finalizaram a semana sendo cotadas a U$ 6,35 o bushel (+1,28%) para o contrato com vencimento em maio\/23.<\/p>\n<p>&nbsp;<\/p>\n<p>\u201cAs negocia\u00e7\u00f5es do acordo de exporta\u00e7\u00e3o de gr\u00e3os do Mar Negro continuam e h\u00e1 um consenso de renova\u00e7\u00e3o. Por\u00e9m, neste momento, ainda h\u00e1 um embate em rela\u00e7\u00e3o \u00e0 extens\u00e3o do acordo, em que a R\u00fassia defende uma renova\u00e7\u00e3o de 60 dias, enquanto as Na\u00e7\u00f5es Unidas, Turquia e Ucr\u00e2nia, uma extens\u00e3o de 120 dias. Um per\u00edodo de extens\u00e3o mais curto aumenta, de forma significativa, os riscos envolvendo a log\u00edstica para os navios, considerando que demora, em m\u00e9dia, 40 dias para finalizar todo o processo de carregamento e libera\u00e7\u00e3o\u201d, conclui.<\/p>\n<p>Leonardo &#8211; Agrolink<\/p>\n","protected":false},"excerpt":{"rendered":"<p>De acordo com Ruan Sene, analista de mercado da Gr\u00e3o Direto, para os pr\u00f3ximos dias o clima continuar\u00e1 favorecendo o plantio no Brasil durante a semana. No entanto, come\u00e7a a apresentar algumas d\u00favidas em rela\u00e7\u00e3o a chegada do outono no Brasil. \u201cInstituto Nacional de Meteorologia (INMET) aponta que essa esta\u00e7\u00e3o \u00e9 caracterizada pela transi\u00e7\u00e3o entre [&hellip;]<\/p>\n","protected":false},"author":4,"featured_media":201519,"comment_status":"closed","ping_status":"closed","sticky":false,"template":"","format":"standard","meta":{"footnotes":""},"categories":[17],"tags":[],"class_list":["post-234871","post","type-post","status-publish","format-standard","has-post-thumbnail","hentry","category-agropecuaria"],"_links":{"self":[{"href":"https:\/\/www.ocorreionews.com.br\/acervo-correio\/index.php?rest_route=\/wp\/v2\/posts\/234871","targetHints":{"allow":["GET"]}}],"collection":[{"href":"https:\/\/www.ocorreionews.com.br\/acervo-correio\/index.php?rest_route=\/wp\/v2\/posts"}],"about":[{"href":"https:\/\/www.ocorreionews.com.br\/acervo-correio\/index.php?rest_route=\/wp\/v2\/types\/post"}],"author":[{"embeddable":true,"href":"https:\/\/www.ocorreionews.com.br\/acervo-correio\/index.php?rest_route=\/wp\/v2\/users\/4"}],"replies":[{"embeddable":true,"href":"https:\/\/www.ocorreionews.com.br\/acervo-correio\/index.php?rest_route=%2Fwp%2Fv2%2Fcomments&post=234871"}],"version-history":[{"count":1,"href":"https:\/\/www.ocorreionews.com.br\/acervo-correio\/index.php?rest_route=\/wp\/v2\/posts\/234871\/revisions"}],"predecessor-version":[{"id":234876,"href":"https:\/\/www.ocorreionews.com.br\/acervo-correio\/index.php?rest_route=\/wp\/v2\/posts\/234871\/revisions\/234876"}],"wp:featuredmedia":[{"embeddable":true,"href":"https:\/\/www.ocorreionews.com.br\/acervo-correio\/index.php?rest_route=\/wp\/v2\/media\/201519"}],"wp:attachment":[{"href":"https:\/\/www.ocorreionews.com.br\/acervo-correio\/index.php?rest_route=%2Fwp%2Fv2%2Fmedia&parent=234871"}],"wp:term":[{"taxonomy":"category","embeddable":true,"href":"https:\/\/www.ocorreionews.com.br\/acervo-correio\/index.php?rest_route=%2Fwp%2Fv2%2Fcategories&post=234871"},{"taxonomy":"post_tag","embeddable":true,"href":"https:\/\/www.ocorreionews.com.br\/acervo-correio\/index.php?rest_route=%2Fwp%2Fv2%2Ftags&post=234871"}],"curies":[{"name":"wp","href":"https:\/\/api.w.org\/{rel}","templated":true}]}}