{"id":234878,"date":"2023-03-22T07:08:01","date_gmt":"2023-03-22T11:08:01","guid":{"rendered":"https:\/\/www.ocorreionews.com.br\/acervo-correio\/?p=234878"},"modified":"2023-03-22T07:08:01","modified_gmt":"2023-03-22T11:08:01","slug":"veja-a-lista-completa-de-empresarios-do-agro-que-vao-a-china-na-comitiva-de-lula","status":"publish","type":"post","link":"https:\/\/www.ocorreionews.com.br\/acervo-correio\/?p=234878","title":{"rendered":"Veja a lista completa de empres\u00e1rios do agro que v\u00e3o \u00e0 China na comitiva de Lula"},"content":{"rendered":"<p>A viagem do presidente Luiz In\u00e1cio Lula da Silva \u00e0 China ser\u00e1 acompanhada de uma comitiva de 102 nomes do setor empresarial, organizada pelo Minist\u00e9rio da Agricultura e Pecu\u00e1ria.<\/p>\n<p>A rela\u00e7\u00e3o inclui nomes dos setores de produ\u00e7\u00e3o de carne bovina, aves, su\u00ednos, celulose, algod\u00e3o, insumos e outros. Al\u00e9m de Joesley e Wesley Batista, da JBS, a ind\u00fastria frigor\u00edfica enviar\u00e1 executivos de empresas como Minerva, Marfrig, BRF e Aurora.<\/p>\n<p>Do setor de celulose, ir\u00e3o diretores da Suzano e da Paper Excellence. A rela\u00e7\u00e3o inclui tamb\u00e9m Carlos Alberto de Oliveira Andrade Filho, do grupo Caoa, que fez uma parceria com a montadora chinesa Chery. Veja mais abaixo a lista completa.<\/p>\n<p>Os empres\u00e1rios devem embarcar nesta segunda (20), em voos com hor\u00e1rios pr\u00f3ximos. Os custos de viagem e hospedagem ser\u00e3o pagos pelos empres\u00e1rios, segundo o Minist\u00e9rio da Agricultura. O papel da pasta e do governo, de acordo com assessores, \u00e9 o de facilitar encontros e neg\u00f3cios que os executivos v\u00e3o ter com chineses.<\/p>\n<p>Al\u00e9m dos executivos do agro, pelo menos mais 50 industriais v\u00e3o \u00e0 China. Integram a lista empresas como Embraer, a Vale e alguns bancos. Este grupo tamb\u00e9m deve ir no in\u00edcio desta semana.<\/p>\n<p>J\u00e1 Lula tem embarque previsto para a sexta-feira (24) rumo ao pa\u00eds asi\u00e1tico. Na pr\u00f3xima ter\u00e7a-feira (28), o presidente ter\u00e1 uma s\u00e9rie de reuni\u00f5es pol\u00edticas bilaterais com os chineses. Na quarta-feira (29), haver\u00e1 agenda com a participa\u00e7\u00e3o dos cerca de 200 empres\u00e1rios que v\u00e3o ao pa\u00eds e Lula. O presidente retornar\u00e1 ao Brasil na quinta (30).<\/p>\n<p><strong>LISTA DE INTEGRANTES DA COMITIVA EMPRESARIAL<\/strong><\/p>\n<p><strong>Setor de carne bovina<\/strong><\/p>\n<ol>\n<li>Ant\u00f4nio Jorge Camardelli &#8211; Abiec<\/li>\n<li>C\u00ednthia Torres &#8211; Diretora t\u00e9cnica &#8211; Abie<\/li>\n<li>Wesley Mendon\u00e7a Batista &#8211; Jamp;amp;F JBS<\/li>\n<li>Joesley Mendon\u00e7a Batista &#8211; Jamp;amp;F\/JBS<\/li>\n<li>Gilberto Tomazoni &#8211; CEO Global JBS<\/li>\n<li>Carlos Alberto Macedo Cidade &#8211; Diretor Rela\u00e7\u00f5es Inst. JBS<\/li>\n<li>Marcio Soares Rodrigues &#8211; Gerente JBS<\/li>\n<li>Pedro Felippe Castellain Barbosa de Castro &#8211; Diretor Exp. \u00c1sia JBS<\/li>\n<li>Renato Mauro Menezes Costa &#8211; Friboi<\/li>\n<li>Marcela de Souza Afonso Rocha &#8211; Diretora JBS<\/li>\n<li>Lincoln Bueno &#8211; Presidente da Merc\u00fario Alimentos<\/li>\n<li>Paulo S\u00e9rgio Mustefaga &#8211; Abrafrigo<\/li>\n<li>Jos\u00e9 Jo\u00e3o Batista Stival J\u00fanior &#8211; Abrafrigo<\/li>\n<li>Lincoln Lafaiete &#8211; Abrafrigo<\/li>\n<li>Marcos Antonio Pompei &#8211; Abrafrigo<\/li>\n<li>Rogerio Jose Bonato &#8211; Abrafrigo<\/li>\n<li>Jo\u00e3o Gon\u00e7alves Silva J\u00fanior &#8211; Frigon<\/li>\n<li>Ivon da Silva Jr &#8211; Frigor\u00edfico Silva<\/li>\n<li>Daniela da Silva &#8211; Frigor\u00edfico Silva<\/li>\n<li>Adilton Bittencourt &#8211; Boa Carne<\/li>\n<li>Rafaella Bittencourt &#8211; Boa Carne<\/li>\n<li>Murilo Leite &#8211; Frisacre<\/li>\n<li>Maria Carolina Rebollo Machado Leite &#8211; Frisacre<\/li>\n<li>Fabio Ricardo Leite &#8211; Frisacre<\/li>\n<li>Marcos Paulo Parente Araujo &#8211; Frisacre<\/li>\n<li>Ma\u00edra Santiago Pires Parente &#8211; Frisacre<\/li>\n<li>Luana da Silva Machado &#8211; Frisacre<\/li>\n<li>Jo\u00e3o de Almeida Sampaio Filho &#8211; Vice Presidente Minerva<\/li>\n<li>Marcio Rodrigues &#8211; Masterboi<\/li>\n<li>Jos\u00e9 Eduardo de Oliveira Miron &#8211; Frigol<\/li>\n<li>Sandro Silva de Oliveira J\u00fanior &#8211; Supremo<\/li>\n<li>Alisson Navarro &#8211; Diretor Comercial &#8211; Marfrig<\/li>\n<li>Magno Alexandre Gaia &#8211; Ramax<\/li>\n<li>M\u00e1rcio Andr\u00e9 Scarlassara &#8211; Frigor\u00edfico Tavares FTS<\/li>\n<li>Jeremias Silva Junior &#8211; Frigor\u00edfico Astra<\/li>\n<li>Diana Miniello Silva &#8211; Frigor\u00edfico Astra<\/li>\n<li>Bruno Candia Nunes da Cunha &#8211; Frigor\u00edfico Astra<\/li>\n<li>Guilherme Meneghelli Oranges &#8211; Barra Mansa<\/li>\n<li>Fabiano Furlan &#8211; Prima Foods<\/li>\n<li>Diego Riva Magnabosco &#8211; Frigosul<\/li>\n<li>Maur\u00edcio Reis Lima &#8211; Friesp<\/li>\n<li>Marcos Barbieri Coutinha &#8211; Frisa<\/li>\n<li>Francisco Willian Delfino Fortunato &#8211; Beauvallet Carne su\u00edna e de aves44. Ricardo Santin &#8211; Presidente da ABPA<\/li>\n<li>Luis Rua &#8211; Diretor de Mercados ABPA<\/li>\n<li>Linda Chen &#8211; Representante ABPA na \u00c1sia<\/li>\n<li>Marcos Antonio Molina dos Santos &#8211; Presidente do Conselho BRF<\/li>\n<li>M\u00e1rcia Aparecida Pascoal Mar\u00e7al dos Santos &#8211; Conselheira BRF<\/li>\n<li>Rog\u00e9rio Moraes &#8211; Diretor Asia BRF<\/li>\n<li>Bruno Machado Ferla &#8211; Vice Presidente Jur\u00eddico e RI BRF<\/li>\n<li>Johnny Hiroki Fujihara &#8211; Gerente Asia Aurora<\/li>\n<li>Cl\u00e1udio Almeida Faria Rio Branco Alimentos Pif Paf<\/li>\n<li>Jos\u00e9 Roberto Gon\u00e7alves &#8211; Diretor de Qualidade BRF<\/li>\n<li>Etivaldo Vad\u00e3o Gomes Frigoestrela<\/li>\n<li>Etivaldo Gomes Filho &#8211; Frigoestrela<\/li>\n<li>Eduardo Gomes Caluz da Silva &#8211; Frigoestrela<\/li>\n<li>Paulo Baub &#8211; Frigoestrela<\/li>\n<li>Jos\u00e9 Roberto Goulart &#8211; Alibem<\/li>\n<li>Gilberto Felipe de Souza Junior &#8211; Coasul<\/li>\n<li>Olavo de Oliveira Lucena &#8211; Somave<\/li>\n<li>Carlos Eduardo Geminiano &#8211; Somave<\/li>\n<li>Hugo Leonardo Bongiorno &#8211; Avenorte<\/li>\n<li>Schyene Ritter dos Santos Maia &#8211; Avenorte<\/li>\n<li>Cristiano Farina Paludo &#8211; Bello Alimentos<\/li>\n<\/ol>\n<p><strong>Algod\u00e3o<\/strong><\/p>\n<ol>\n<li>Alexandre Pedro Schenkel &#8211; Presidente Abrapa<\/li>\n<li>Edson Mizoguchi &#8211; Coordenador Programa de Qualidade Abrapa<\/li>\n<li>Marcelo Duarte &#8211; Diretor de rela\u00e7\u00f5es Internacionais Abrapa<\/li>\n<li>Jones Yasuda &#8211; Assessor T\u00e9cnico Abrapa<\/li>\n<li>Thomas Paul Reinhart- Assessor Comercial Abrapa<\/li>\n<\/ol>\n<p><strong>Insumos<\/strong><\/p>\n<ol>\n<li>Juan Henrique Mena Acosta &#8211; Associa\u00e7\u00e3o Bioinsumos<\/li>\n<li>Jo\u00e3o Bello Neto &#8211; Nortox<\/li>\n<li>Barbara Tamara Mendes Lodi &#8211; Ourofino<\/li>\n<li>Geraldo Ubirajara Berger &#8211; Bayer<\/li>\n<li>Daniel Bernardes Fereira Rossi &#8211; Hubio Agro<\/li>\n<\/ol>\n<p><strong>Celulose<\/strong><\/p>\n<ol>\n<li>Pablo Gimenez Machado &#8211; Diretor Executivo \u00c1sia Suzano Celulose<\/li>\n<li>Amaury Pekelman &#8211; Diretor Rela\u00e7\u00f5es Inst. Paper Excellence<\/li>\n<li>Claudio Laert Cotrim Passos &#8211; presidente da Paper Excellence<\/li>\n<li>Marcelo Kim Yuen Pan &#8211; Diretor Jur\u00eddico Paper Excellence<\/li>\n<\/ol>\n<p><strong>\u00d3leos vegetais &#8211; soja<\/strong><\/p>\n<ol>\n<li>Andr\u00e9 Meloni Nassar &#8211; Abiove<\/li>\n<\/ol>\n<p><strong>Arroz<\/strong><\/p>\n<ol>\n<li>Andressa Silva &#8211; Abiarroz<\/li>\n<\/ol>\n<p><strong>Reciclagem animal<\/strong><\/p>\n<ol>\n<li>Decio Coutinho &#8211; Presidente da ABRA<\/li>\n<\/ol>\n<p><strong>Multisetoriais<\/strong><\/p>\n<ol>\n<li>Sueme Mori &#8211; CNA<\/li>\n<li>Jo\u00e3o Jos\u00e9 Pietro Fl\u00e1vio &#8211; OCB<\/li>\n<li>Nelson Catarino Croda Machado Aprosmat<\/li>\n<li>Kleverson Scheffer &#8211; Maggi<\/li>\n<li>Julio Fortini &#8211; Ecoplan<\/li>\n<li>Carlos Alberto de Oliveira Andrade Filho &#8211; Representante CAOA<\/li>\n<li>F\u00e1bio Phelipe Garcia Pagnozzi &#8211; Instituto Brics<\/li>\n<li>Pedro Paulo Pagnozzi &#8211; Instituto Brics<\/li>\n<li>Mario Pagnozzi &#8211; Instituto Brics<\/li>\n<li>Fabr\u00edcio Patriani &#8211; Instituto Brics<\/li>\n<li>Lijun Lei &#8211; Instituto Brics<\/li>\n<li>Itamar Ant\u00f4nio Canossa &#8211; Presidente Forum Agro mato-grossense<\/li>\n<li>Ivanilse Tofoli Canossa &#8211; Forum Agro mato-grossense<\/li>\n<li>Fernando Costa &#8211; Universidade Brasil<\/li>\n<li>Marcelo Peres &#8211; Universidade Brasil<\/li>\n<li>Stephano Costa &#8211; Universidade Brasil<\/li>\n<li>Tarcisio Sachetti &#8211; Agro Investments Sachetti<\/li>\n<li>Alexandre Ferreira Lopes &#8211; MECH &#8211; centro estudos mercado chin\u00eas<\/li>\n<li>Ricardo Gracia &#8211; MECH centro estudos mercado chin\u00eas<\/li>\n<li>Jo\u00e3o Marcelo Costa Fernandez Conde &#8211; Afrinvest<\/li>\n<li>Dereck Favero Birchall &#8211; Afrinvest\n<p class=\"autor\">\n<p class=\"autor\">FP\/PCS<\/p>\n<\/li>\n<\/ol>\n","protected":false},"excerpt":{"rendered":"<p>A viagem do presidente Luiz In\u00e1cio Lula da Silva \u00e0 China ser\u00e1 acompanhada de uma comitiva de 102 nomes do setor empresarial, organizada pelo Minist\u00e9rio da Agricultura e Pecu\u00e1ria. A rela\u00e7\u00e3o inclui nomes dos setores de produ\u00e7\u00e3o de carne bovina, aves, su\u00ednos, celulose, algod\u00e3o, insumos e outros. Al\u00e9m de Joesley e Wesley Batista, da JBS, [&hellip;]<\/p>\n","protected":false},"author":4,"featured_media":222384,"comment_status":"closed","ping_status":"closed","sticky":false,"template":"","format":"standard","meta":{"footnotes":""},"categories":[37],"tags":[],"class_list":["post-234878","post","type-post","status-publish","format-standard","has-post-thumbnail","hentry","category-politica"],"_links":{"self":[{"href":"https:\/\/www.ocorreionews.com.br\/acervo-correio\/index.php?rest_route=\/wp\/v2\/posts\/234878","targetHints":{"allow":["GET"]}}],"collection":[{"href":"https:\/\/www.ocorreionews.com.br\/acervo-correio\/index.php?rest_route=\/wp\/v2\/posts"}],"about":[{"href":"https:\/\/www.ocorreionews.com.br\/acervo-correio\/index.php?rest_route=\/wp\/v2\/types\/post"}],"author":[{"embeddable":true,"href":"https:\/\/www.ocorreionews.com.br\/acervo-correio\/index.php?rest_route=\/wp\/v2\/users\/4"}],"replies":[{"embeddable":true,"href":"https:\/\/www.ocorreionews.com.br\/acervo-correio\/index.php?rest_route=%2Fwp%2Fv2%2Fcomments&post=234878"}],"version-history":[{"count":1,"href":"https:\/\/www.ocorreionews.com.br\/acervo-correio\/index.php?rest_route=\/wp\/v2\/posts\/234878\/revisions"}],"predecessor-version":[{"id":234879,"href":"https:\/\/www.ocorreionews.com.br\/acervo-correio\/index.php?rest_route=\/wp\/v2\/posts\/234878\/revisions\/234879"}],"wp:featuredmedia":[{"embeddable":true,"href":"https:\/\/www.ocorreionews.com.br\/acervo-correio\/index.php?rest_route=\/wp\/v2\/media\/222384"}],"wp:attachment":[{"href":"https:\/\/www.ocorreionews.com.br\/acervo-correio\/index.php?rest_route=%2Fwp%2Fv2%2Fmedia&parent=234878"}],"wp:term":[{"taxonomy":"category","embeddable":true,"href":"https:\/\/www.ocorreionews.com.br\/acervo-correio\/index.php?rest_route=%2Fwp%2Fv2%2Fcategories&post=234878"},{"taxonomy":"post_tag","embeddable":true,"href":"https:\/\/www.ocorreionews.com.br\/acervo-correio\/index.php?rest_route=%2Fwp%2Fv2%2Ftags&post=234878"}],"curies":[{"name":"wp","href":"https:\/\/api.w.org\/{rel}","templated":true}]}}