{"id":234888,"date":"2023-03-22T07:46:26","date_gmt":"2023-03-22T11:46:26","guid":{"rendered":"https:\/\/www.ocorreionews.com.br\/acervo-correio\/?p=234888"},"modified":"2023-03-22T07:46:26","modified_gmt":"2023-03-22T11:46:26","slug":"unidade-de-acolhimento-recebe-duas-bicicletas-e-cinco-umidificadores-adquirido-com-o-imposto-de-renda-solidario","status":"publish","type":"post","link":"https:\/\/www.ocorreionews.com.br\/acervo-correio\/?p=234888","title":{"rendered":"Unidade de Acolhimento recebe duas bicicletas e cinco umidificadores adquirido com o Imposto de Renda Solid\u00e1rio"},"content":{"rendered":"<p>A Secret\u00e1ria de Assist\u00eancia Social, Maria das Dores Zocal Krug, juntamente com a presidente do Conselho Municipal dos Direitos da Crian\u00e7a e do Adolescente (CMDCA), Bruna Daniela Lopes Ariano, entregaram duas bicicletas e cinco umidificadores \u00e0 coordenadora da Unidade de Acolhimento Casa Abrigo Crian\u00e7a Cidad\u00e3, Vera Suely Goulart, na manh\u00e3 da \u00faltima ter\u00e7a-feira, 21.<\/p>\n<p>As bicicletas e os umidificadores foram adquiridos com recursos arrecadados atrav\u00e9s do programa Imposto de Renda Solid\u00e1rio.<\/p>\n<p>Maria das Dores agradeceu a todos que contribu\u00edram na campanha do Imposto de Renda e principalmente aos empres\u00e1rios que entenderam a mensagem e destinam todos os anos parte do imposto de renda devido ao Fundo da Crian\u00e7a e do Adolescente de Chapad\u00e3o do Sul.<\/p>\n<p>Esta doa\u00e7\u00e3o \u00e9 estabelecida pela Lei 8.069\/90, e n\u00e3o gera \u00f4nus para quem colabora, os valores doados s\u00e3o abatidos no valor que o contribuinte j\u00e1 paga do Imposto de Renda.<\/p>\n<p>Os contribuintes que antecipam o pagamento do Imposto de Renda contribuem da seguinte forma:<\/p>\n<p>Pessoas F\u00edsicas:\u00a0devem declarar em formul\u00e1rio completo e podem repassar ao Fundo Municipal dos Direitos da Crian\u00e7a e do Adolescente (FMDCA) ou para o Fundo Municipal dos Direitos do Idoso (FMDI) 6% do Imposto de Renda devido.<\/p>\n<p>Pessoas Jur\u00eddicas: devem declarar pelo sistema de lucro real e podem destinar ao FMDCA ou FMDI at\u00e9 1% do Imposto de Renda devido.<\/p>\n","protected":false},"excerpt":{"rendered":"<p>A Secret\u00e1ria de Assist\u00eancia Social, Maria das Dores Zocal Krug, juntamente com a presidente do Conselho Municipal dos Direitos da Crian\u00e7a e do Adolescente (CMDCA), Bruna Daniela Lopes Ariano, entregaram duas bicicletas e cinco umidificadores \u00e0 coordenadora da Unidade de Acolhimento Casa Abrigo Crian\u00e7a Cidad\u00e3, Vera Suely Goulart, na manh\u00e3 da \u00faltima ter\u00e7a-feira, 21. As [&hellip;]<\/p>\n","protected":false},"author":4,"featured_media":234889,"comment_status":"closed","ping_status":"closed","sticky":false,"template":"","format":"standard","meta":{"footnotes":""},"categories":[23],"tags":[],"class_list":["post-234888","post","type-post","status-publish","format-standard","has-post-thumbnail","hentry","category-chapadao-do-sul"],"_links":{"self":[{"href":"https:\/\/www.ocorreionews.com.br\/acervo-correio\/index.php?rest_route=\/wp\/v2\/posts\/234888","targetHints":{"allow":["GET"]}}],"collection":[{"href":"https:\/\/www.ocorreionews.com.br\/acervo-correio\/index.php?rest_route=\/wp\/v2\/posts"}],"about":[{"href":"https:\/\/www.ocorreionews.com.br\/acervo-correio\/index.php?rest_route=\/wp\/v2\/types\/post"}],"author":[{"embeddable":true,"href":"https:\/\/www.ocorreionews.com.br\/acervo-correio\/index.php?rest_route=\/wp\/v2\/users\/4"}],"replies":[{"embeddable":true,"href":"https:\/\/www.ocorreionews.com.br\/acervo-correio\/index.php?rest_route=%2Fwp%2Fv2%2Fcomments&post=234888"}],"version-history":[{"count":1,"href":"https:\/\/www.ocorreionews.com.br\/acervo-correio\/index.php?rest_route=\/wp\/v2\/posts\/234888\/revisions"}],"predecessor-version":[{"id":234890,"href":"https:\/\/www.ocorreionews.com.br\/acervo-correio\/index.php?rest_route=\/wp\/v2\/posts\/234888\/revisions\/234890"}],"wp:featuredmedia":[{"embeddable":true,"href":"https:\/\/www.ocorreionews.com.br\/acervo-correio\/index.php?rest_route=\/wp\/v2\/media\/234889"}],"wp:attachment":[{"href":"https:\/\/www.ocorreionews.com.br\/acervo-correio\/index.php?rest_route=%2Fwp%2Fv2%2Fmedia&parent=234888"}],"wp:term":[{"taxonomy":"category","embeddable":true,"href":"https:\/\/www.ocorreionews.com.br\/acervo-correio\/index.php?rest_route=%2Fwp%2Fv2%2Fcategories&post=234888"},{"taxonomy":"post_tag","embeddable":true,"href":"https:\/\/www.ocorreionews.com.br\/acervo-correio\/index.php?rest_route=%2Fwp%2Fv2%2Ftags&post=234888"}],"curies":[{"name":"wp","href":"https:\/\/api.w.org\/{rel}","templated":true}]}}