{"id":23492,"date":"2016-03-23T08:03:52","date_gmt":"2016-03-23T12:03:52","guid":{"rendered":"https:\/\/ocorreionews.com.br\/?p=23492"},"modified":"2016-03-23T08:03:52","modified_gmt":"2016-03-23T12:03:52","slug":"chuva-causa-prejuizo-de-r-403-milhoes-a-produtores-de-soja-do-sul-de-ms","status":"publish","type":"post","link":"https:\/\/www.ocorreionews.com.br\/acervo-correio\/?p=23492","title":{"rendered":"Chuva causa preju\u00edzo de R$ 403 milh\u00f5es a produtores de soja do sul de MS"},"content":{"rendered":"<p>Com a colheita da soja chegando ao fim, j\u00e1 \u00e9 poss\u00edvel mensurar as perdas na regi\u00e3o sul do Estado decorrentes do excesso de chuva neste ano. Conforme o analista de gr\u00e3os da Federa\u00e7\u00e3o de Agricultura e Pecu\u00e1ria (Famasul), Leonardo Carlotto, a quebra de produ\u00e7\u00e3o provoca preju\u00edzo estimado em R$ 403 milh\u00f5es, considerando os pre\u00e7os atuais da oleaginosa. Apesar da situa\u00e7\u00e3o nos munic\u00edpios do sul, o volume total de soja colhido em Mato Grosso do Sul, que pode alcan\u00e7ar 7,5 milh\u00f5es de toneladas, continua recorde. Isso ocorre em raz\u00e3o do aumento de 8,1% da \u00e1rea de plantio.<\/p>\n<p>Em seu c\u00e1lculo, Carlotto considerou uma redu\u00e7\u00e3o de produtividade m\u00e9dia de 52 para 48 sacas por hectare na regi\u00e3o sul. Com isso, a produ\u00e7\u00e3o de soja, antes estimada em 5,4 milh\u00f5es de toneladas nos munic\u00edpios da regi\u00e3o \u2013 onde est\u00e3o grandes produtores, como Maracaju, Dourados e Ponta Por\u00e3 \u2013, deve recuar para 5 milh\u00f5es de toneladas. A varia\u00e7\u00e3o \u00e9 de -7,4%. Com o pre\u00e7o atual na m\u00e9dia de R$ 60,50, essa retra\u00e7\u00e3o representaria perda de R$ 403 milh\u00f5es. \u201c\u00c9 um dinheiro que os produtores perdem e que deixa de circular no Estado\u201d , comentou o especialista.<\/p>\n<p>&nbsp;<\/p>\n<p>&nbsp;<\/p>\n<p>&nbsp;<\/p>\n<p>Correio do Estado<\/p>\n","protected":false},"excerpt":{"rendered":"<p>Com a colheita da soja chegando ao fim, j\u00e1 \u00e9 poss\u00edvel mensurar as perdas na regi\u00e3o sul do Estado decorrentes do excesso de chuva neste ano. Conforme o analista de gr\u00e3os da Federa\u00e7\u00e3o de Agricultura e Pecu\u00e1ria (Famasul), Leonardo Carlotto, a quebra de produ\u00e7\u00e3o provoca preju\u00edzo estimado em R$ 403 milh\u00f5es, considerando os pre\u00e7os atuais [&hellip;]<\/p>\n","protected":false},"author":4,"featured_media":23495,"comment_status":"closed","ping_status":"closed","sticky":false,"template":"","format":"standard","meta":{"footnotes":""},"categories":[17],"tags":[],"class_list":["post-23492","post","type-post","status-publish","format-standard","has-post-thumbnail","hentry","category-agropecuaria"],"_links":{"self":[{"href":"https:\/\/www.ocorreionews.com.br\/acervo-correio\/index.php?rest_route=\/wp\/v2\/posts\/23492","targetHints":{"allow":["GET"]}}],"collection":[{"href":"https:\/\/www.ocorreionews.com.br\/acervo-correio\/index.php?rest_route=\/wp\/v2\/posts"}],"about":[{"href":"https:\/\/www.ocorreionews.com.br\/acervo-correio\/index.php?rest_route=\/wp\/v2\/types\/post"}],"author":[{"embeddable":true,"href":"https:\/\/www.ocorreionews.com.br\/acervo-correio\/index.php?rest_route=\/wp\/v2\/users\/4"}],"replies":[{"embeddable":true,"href":"https:\/\/www.ocorreionews.com.br\/acervo-correio\/index.php?rest_route=%2Fwp%2Fv2%2Fcomments&post=23492"}],"version-history":[{"count":0,"href":"https:\/\/www.ocorreionews.com.br\/acervo-correio\/index.php?rest_route=\/wp\/v2\/posts\/23492\/revisions"}],"wp:featuredmedia":[{"embeddable":true,"href":"https:\/\/www.ocorreionews.com.br\/acervo-correio\/index.php?rest_route=\/wp\/v2\/media\/23495"}],"wp:attachment":[{"href":"https:\/\/www.ocorreionews.com.br\/acervo-correio\/index.php?rest_route=%2Fwp%2Fv2%2Fmedia&parent=23492"}],"wp:term":[{"taxonomy":"category","embeddable":true,"href":"https:\/\/www.ocorreionews.com.br\/acervo-correio\/index.php?rest_route=%2Fwp%2Fv2%2Fcategories&post=23492"},{"taxonomy":"post_tag","embeddable":true,"href":"https:\/\/www.ocorreionews.com.br\/acervo-correio\/index.php?rest_route=%2Fwp%2Fv2%2Ftags&post=23492"}],"curies":[{"name":"wp","href":"https:\/\/api.w.org\/{rel}","templated":true}]}}