{"id":234983,"date":"2023-03-22T15:47:49","date_gmt":"2023-03-22T19:47:49","guid":{"rendered":"https:\/\/www.ocorreionews.com.br\/acervo-correio\/?p=234983"},"modified":"2023-03-22T15:47:49","modified_gmt":"2023-03-22T19:47:49","slug":"mais-de-27-mil-hectares-sao-anexados-ao-parque-das-nascentes-do-rio-taquari-entre-costa-rica-e-alcinopolis","status":"publish","type":"post","link":"https:\/\/www.ocorreionews.com.br\/acervo-correio\/?p=234983","title":{"rendered":"Mais de 2,7 mil hectares s\u00e3o anexados ao Parque das Nascentes do Rio Taquari entre Costa Rica e Alcin\u00f3polis"},"content":{"rendered":"<div class=\"ntc_cont_descricao_noticia sw_txteditor\">Nesta ter\u00e7a-feira (21), o vice-prefeito de Costa Rica, Roni Cota, acompanhado de lideran\u00e7as do IMASUL (Instituto de Meio Ambiente de Mato Grosso do Sul), participaram da a\u00e7\u00e3o de Imiss\u00e3o de Posse de um im\u00f3vel rural denominado Fazenda Continental, com uma faixa de terra de 2.765.767 hectares, que foram desapropriados amigavelmente pelo Estado e agora fazem parte\u00a0 do Parque Estadual das Nascentes do Rio Taquari entre os munic\u00edpios de Costa Rica e Alcin\u00f3polis. O objetivo com essa \u00e1rea anexada \u00e0 Unidade de Conserva\u00e7\u00e3o visa iniciar o maior projeto de recupera\u00e7\u00e3o de \u00e1reas degradadas do Brasil.<\/div>\n<div class=\"ntc_cont_descricao_noticia sw_txteditor\"><img loading=\"lazy\" decoding=\"async\" class=\"imgcentraliza aligncenter\" src=\"https:\/\/www.costarica.ms.gov.br\/fotos\/dc11834d4e76ebe161214bc5ad1d866c.jpg\" alt=\"Foto Noticia Principal Grande\" width=\"596\" height=\"335\" \/><\/p>\n<p>\u201cEssa a\u00e7\u00e3o \u00e9 parte das medidas tomadas pelo Governo do Estado de Mato Grosso do Sul, com apoio de ambos os munic\u00edpios para alcan\u00e7ar o seu objetivo de um estado pr\u00f3spero, verde, digital, inclusivo e com um projeto de Carbono Neutro. A incorpora\u00e7\u00e3o da Fazenda Continental no Parque Estadual das Nascentes do Rio Taquari \u00e9 uma importante contribui\u00e7\u00e3o para garantir o equil\u00edbrio ambiental e a preserva\u00e7\u00e3o da fauna e fauna\u201d, argumentou o vice-prefeito de Costa Rica.<\/p>\n<p>Do total adquirido cerca de 1.300 hectares est\u00e3o com solo degradado pelo uso intensivo da pecu\u00e1ria e precisam ser restaurados. O fiscal ambiental R\u00f4mullo Oliveira Louzada \u00e9 o t\u00e9cnico respons\u00e1vel pelo projeto. Ele explica que na regi\u00e3o de vo\u00e7orocas, o procedimento indicado \u00e9 desviar o curso d\u00e1s \u00e1guas para cessar o processo e depois semear esp\u00e9cies de gram\u00edneas que far\u00e3o a contens\u00e3o e aduba\u00e7\u00e3o do solo. Enquanto isso, em parcerias com empresas que t\u00eam passivos ambientais a compensar, ser\u00e3o feitas as t\u00e9cnicas de conserva\u00e7\u00e3o do solo na \u00e1rea restante, num prazo de 6 anos. Na medida em que os trabalhos avan\u00e7am, o plantio das esp\u00e9cies nativas \u00e9 feito em seguida.<\/p>\n<p>Nesse local se inicia formalmente nessa quarta-feira (22), Dia Mundial da \u00c1gua, o maior projeto de recupera\u00e7\u00e3o ambiental do Brasil em unidades de conserva\u00e7\u00e3o que compreende o plantio de mais de 1 milh\u00e3o de mudas de esp\u00e9cies nativas do Cerrado.<\/p><\/div>\n<div class=\"ntc_cont_descricao_noticia sw_txteditor\"><img loading=\"lazy\" decoding=\"async\" class=\"imgcentraliza aligncenter\" src=\"https:\/\/www.costarica.ms.gov.br\/fotos\/adaf57bb27d72dd2fa2b344b01ed9a3b.png\" alt=\"Foto Noticia Principal Grande\" width=\"600\" height=\"450\" \/><\/p>\n<p>O diretor-presidente do IMASUL, Andr\u00e9 Borges Barros de Ara\u00fajo, afirmou que \u201cessa \u00e1rea \u00e9 muito relevante para a gest\u00e3o do parque como um todo porque tem um processo de eros\u00e3o muito grande que leva os sedimentos para dentro do Rio Taquari. Essa situa\u00e7\u00e3o contribui para o problema que est\u00e1 acontecendo na plan\u00edcie pantaneira, onde o rio sai do seu leito natural e vai assoreando tudo em volta. Com a aquisi\u00e7\u00e3o dessa \u00e1rea, o ente p\u00fablico pretende iniciar um processo de recupera\u00e7\u00e3o para recuperar todas as eros\u00f5es, vo\u00e7orocas ou trabalho de conserva\u00e7\u00e3o de solo e \u00e1gua, fazer a revegeta\u00e7\u00e3o para garantir que segure esse solo, esses sedimentos e que ele n\u00e3o v\u00e1 para dentro do curso d\u2019\u00e1gua\u201d, disse.<\/p>\n<p>De acordo com Nahur Tito Queiroz de Britto, secret\u00e1rio de Desenvolvimento, Agricultura, Pecu\u00e1ria, Turismo e Meio Ambiente de Alcin\u00f3polis, a incorpora\u00e7\u00e3o da \u00e1rea ao Parque Estadual das Nascentes do Rio Taquari \u00e9 extremamente importante para o adensamento vegetativo e biodiversidade, tanto da fauna quanto da flora. \u201cAcredito que isso contribuir\u00e1 significativamente para a prote\u00e7\u00e3o do meio ambiente na regi\u00e3o. Agora, \u00e9 necess\u00e1rio trabalhar na recupera\u00e7\u00e3o da \u00e1rea degradada e agradecer ao Governo do Estado, atrav\u00e9s do Imasul, pela aquisi\u00e7\u00e3o e incorpora\u00e7\u00e3o ao parque em quest\u00e3o\u201d, explicou o secret\u00e1rio.<\/p>\n<p>O ex-propriet\u00e1rio, Nim, que fez a aquisi\u00e7\u00e3o da \u00e1rea da Fazenda Continental h\u00e1 39 anos, est\u00e1 satisfeito com o destino final que ser\u00e1 feito. Ele afirmou que fez uma desapropria\u00e7\u00e3o amig\u00e1vel e que ser\u00e1 um memorial importante para sua fam\u00edlia, seus netos, de algu\u00e9m que viu a relev\u00e2ncia desse destino final da sua propriedade. Sorridente, n\u00e3o conseguia esconder o seu contentamento diante do feito. Ele declarou que vai deixar saudade, mas \u00e9 para uma boa causa.<\/p><\/div>\n<div class=\"ntc_cont_descricao_noticia sw_txteditor\"><img loading=\"lazy\" decoding=\"async\" class=\"imgcentraliza aligncenter\" src=\"https:\/\/www.costarica.ms.gov.br\/fotos\/f86e705c0f7580a86ddcb00b21f8c990.jpg\" alt=\"Foto Noticia Principal Grande\" width=\"601\" height=\"451\" \/><\/p>\n<p>Tamb\u00e9m estiveram presentes ao ato, o procurador-chefe, Jaime Caldeira\u00a0Jhunyor; o gerente de Unidades de Conserva\u00e7\u00e3o, Leonardo Tostes Palma; a gestora do Parque Estadual das Nascentes do Rio Taquari e chefe do Escrit\u00f3rio Local de Costa Rica, Martha\u00a0Gilka Gutierrez\u00a0Carrijo; a chefe de Meio Ambiente de Costa Rica,\u00a0Iva Barbosa Narciso, entre outras autoridades regionais.<\/p><\/div>\n<div><\/div>\n<div class=\"ntc_cont_descricao_noticia sw_txteditor\"><img loading=\"lazy\" decoding=\"async\" class=\"imgcentraliza aligncenter\" src=\"https:\/\/www.costarica.ms.gov.br\/fotos\/7fa8453e4a6775fc85015dbb27b9740d.jpg\" alt=\"Foto Noticia Principal Grande\" width=\"601\" height=\"451\" \/><\/p>\n<p><strong>Conhecendo o Parque<\/strong><\/div>\n<div class=\"ntc_cont_descricao_noticia sw_txteditor\">\n<p>O Parque Estadual das Nascentes do Rio Taquari \u00e9 uma \u00e1rea protegida localizada no estado de Mato Grosso do Sul, Brasil. O parque abrange uma \u00e1rea de 30.618 hectares, protegendo as nascentes do Rio Taquari, que \u00e9 um importante afluente do Rio Paraguai. Foi criado em 1999 e partiu da iniciativa da comunidade de Costa Rica para prote\u00e7\u00e3o das nascentes do, preocupada com a acelerada degrada\u00e7\u00e3o dos rios que formam a Bacia Hidrogr\u00e1fica, uma das mais importantes do Pantanal.<\/p>\n<p>A Unidade de Conserva\u00e7\u00e3o abrange partes dos munic\u00edpios de Alcin\u00f3polis e Costa Rica e possui 30.618 hectares no total, formando um importante corredor ecol\u00f3gico entre cerrado e Pantanal. Dessa \u00e1rea, 6,6 mil hectares precisam ser recuperados e 24 mil hectares est\u00e3o cobertas com vegeta\u00e7\u00e3o nativa. \u00c9 uma regi\u00e3o de grande beleza c\u00eanica, incluindo matas ciliares, cerrados, campos e cursos d\u2019\u00e1gua. O parque tamb\u00e9m possui uma rica biodiversidade, com muitas esp\u00e9cies de animais e plantas, algumas das quais s\u00e3o amea\u00e7adas de extin\u00e7\u00e3o. O parque \u00e9 aberto ao p\u00fablico e oferece diversas atividades, como trilhas, observa\u00e7\u00e3o da fauna e flora, e educa\u00e7\u00e3o ambiental. Al\u00e9m do tesouro biol\u00f3gico que o Parque guarda, est\u00e3o ali tamb\u00e9m importantes s\u00edtios arqueol\u00f3gicos que registram vest\u00edgios de Peabiru, antigas rotas dos povos origin\u00e1rios datadas de 11 mil anos atr\u00e1s e ainda inscri\u00e7\u00f5es em cavernas, pinturas rupestres e petr\u00f3glifos de antigas fases da ocupa\u00e7\u00e3o humana na regi\u00e3o.<\/p><\/div>\n<div><\/div>\n<div class=\"ntc_cont_descricao_noticia sw_txteditor\">\n<\/div>\n<div class=\"ntc_area_info_noticia sw_lato\">\n<div>\n<div class=\"ntc_info_noticia\"><strong class=\"sw_lato_black\">Fonte: <\/strong>Assessoria de Comunica\u00e7\u00e3o PMCR c\/ Imasul,<strong class=\"sw_lato_black\">\u00a0<\/strong>Silvestre de Castro<\/div>\n<\/div>\n<\/div>\n","protected":false},"excerpt":{"rendered":"<p>Nesta ter\u00e7a-feira (21), o vice-prefeito de Costa Rica, Roni Cota, acompanhado de lideran\u00e7as do IMASUL (Instituto de Meio Ambiente de Mato Grosso do Sul), participaram da a\u00e7\u00e3o de Imiss\u00e3o de Posse de um im\u00f3vel rural denominado Fazenda Continental, com uma faixa de terra de 2.765.767 hectares, que foram desapropriados amigavelmente pelo Estado e agora fazem [&hellip;]<\/p>\n","protected":false},"author":5,"featured_media":234984,"comment_status":"closed","ping_status":"closed","sticky":false,"template":"","format":"standard","meta":{"footnotes":""},"categories":[18,25],"tags":[],"class_list":["post-234983","post","type-post","status-publish","format-standard","has-post-thumbnail","hentry","category-alcinopolis","category-costa-rica"],"_links":{"self":[{"href":"https:\/\/www.ocorreionews.com.br\/acervo-correio\/index.php?rest_route=\/wp\/v2\/posts\/234983","targetHints":{"allow":["GET"]}}],"collection":[{"href":"https:\/\/www.ocorreionews.com.br\/acervo-correio\/index.php?rest_route=\/wp\/v2\/posts"}],"about":[{"href":"https:\/\/www.ocorreionews.com.br\/acervo-correio\/index.php?rest_route=\/wp\/v2\/types\/post"}],"author":[{"embeddable":true,"href":"https:\/\/www.ocorreionews.com.br\/acervo-correio\/index.php?rest_route=\/wp\/v2\/users\/5"}],"replies":[{"embeddable":true,"href":"https:\/\/www.ocorreionews.com.br\/acervo-correio\/index.php?rest_route=%2Fwp%2Fv2%2Fcomments&post=234983"}],"version-history":[{"count":1,"href":"https:\/\/www.ocorreionews.com.br\/acervo-correio\/index.php?rest_route=\/wp\/v2\/posts\/234983\/revisions"}],"predecessor-version":[{"id":234985,"href":"https:\/\/www.ocorreionews.com.br\/acervo-correio\/index.php?rest_route=\/wp\/v2\/posts\/234983\/revisions\/234985"}],"wp:featuredmedia":[{"embeddable":true,"href":"https:\/\/www.ocorreionews.com.br\/acervo-correio\/index.php?rest_route=\/wp\/v2\/media\/234984"}],"wp:attachment":[{"href":"https:\/\/www.ocorreionews.com.br\/acervo-correio\/index.php?rest_route=%2Fwp%2Fv2%2Fmedia&parent=234983"}],"wp:term":[{"taxonomy":"category","embeddable":true,"href":"https:\/\/www.ocorreionews.com.br\/acervo-correio\/index.php?rest_route=%2Fwp%2Fv2%2Fcategories&post=234983"},{"taxonomy":"post_tag","embeddable":true,"href":"https:\/\/www.ocorreionews.com.br\/acervo-correio\/index.php?rest_route=%2Fwp%2Fv2%2Ftags&post=234983"}],"curies":[{"name":"wp","href":"https:\/\/api.w.org\/{rel}","templated":true}]}}