{"id":235030,"date":"2023-03-23T07:25:36","date_gmt":"2023-03-23T11:25:36","guid":{"rendered":"https:\/\/www.ocorreionews.com.br\/acervo-correio\/?p=235030"},"modified":"2023-03-23T12:13:02","modified_gmt":"2023-03-23T16:13:02","slug":"direcao-da-fundacao-chapadao-e-homenageada-pela-camara-de-vereadores","status":"publish","type":"post","link":"https:\/\/www.ocorreionews.com.br\/acervo-correio\/?p=235030","title":{"rendered":"Dire\u00e7\u00e3o da Funda\u00e7\u00e3o Chapad\u00e3o \u00e9 homenageada pela C\u00e2mara de Vereadores"},"content":{"rendered":"<p>A dire\u00e7\u00e3o da Funda\u00e7\u00e3o Chapad\u00e3o recebeu uma Mo\u00e7\u00e3o de Aplausos da C\u00e2mara de Vereadores de Chapad\u00e3o do Sul, durante a realiza\u00e7\u00e3o da sess\u00e3o ordin\u00e1ria desta segunda-feira, 20 de mar\u00e7o.<\/p>\n<p>Realizou a Funda\u00e7\u00e3o Chapad\u00e3o mais uma edi\u00e7\u00e3o da TECNOAGRO, a maior e mais importante feira tecnol\u00f3gica para o agroneg\u00f3cio do norte e nordeste de Mato Grosso do Sul. Foram tr\u00eas dias de exposi\u00e7\u00e3o de materiais do agro, com palestras t\u00e9cnicas, exposi\u00e7\u00e3o de m\u00e1quinas, implementos e servi\u00e7os. O evento contou com mais de 100 expositores que representaram 180 marcas e atraiu mais de nove mil pessoas de Chapad\u00e3o do Sul, da regi\u00e3o e at\u00e9 de outros estados.<\/p>\n<p><a href=\"https:\/\/www.ocorreionews.com.br\/acervo-correio\/wp-content\/uploads\/2023\/03\/homenagem-a-fundacao2.jpg\"><img loading=\"lazy\" decoding=\"async\" class=\"alignnone size-full wp-image-235032\" src=\"https:\/\/www.ocorreionews.com.br\/acervo-correio\/wp-content\/uploads\/2023\/03\/homenagem-a-fundacao2.jpg\" alt=\"\" width=\"908\" height=\"602\" srcset=\"https:\/\/www.ocorreionews.com.br\/acervo-correio\/wp-content\/uploads\/2023\/03\/homenagem-a-fundacao2.jpg 908w, https:\/\/www.ocorreionews.com.br\/acervo-correio\/wp-content\/uploads\/2023\/03\/homenagem-a-fundacao2-300x199.jpg 300w, https:\/\/www.ocorreionews.com.br\/acervo-correio\/wp-content\/uploads\/2023\/03\/homenagem-a-fundacao2-768x509.jpg 768w\" sizes=\"auto, (max-width: 908px) 100vw, 908px\" \/><\/a><\/p>\n<p>Diante do sucesso que j\u00e1 se tornou a TECNOAGRO, a C\u00e2mara de Vereadores de Chapad\u00e3o do Sul decidiu prestar a homenagem aos dirigentes e colaboradores da Funda\u00e7\u00e3o Chapad\u00e3o.<\/p>\n<p>Assinada por todos os nove vereadores, o Legislativo Municipal a Mo\u00e7\u00e3o de Aplausos foi justificada pelo relevante servi\u00e7os prestados pela Funda\u00e7\u00e3o Chapad\u00e3o, ao Munic\u00edpio e toda a regi\u00e3o, com a realiza\u00e7\u00e3o da 25\u00aa TECNOAGRO.<\/p>\n<p>Estiveram presentes e receberam o Certificado de Mo\u00e7\u00e3o de Aplausos, das m\u00e3os dos vereadores, o Presidente da Funda\u00e7\u00e3o Chapad\u00e3o, Ilton Henrichsen e o Diretor Executivo Andr\u00e9 Bartolomeu Piesanti, que agradeceram a defer\u00eancia.<\/p>\n<p>A TECNOAGRO \u00e9 uma realiza\u00e7\u00e3o da Funda\u00e7\u00e3o Chapad\u00e3o e conta com apoio das empresas parceiras, FUNDEMS, SEMADESC \u2013 Secretaria de Estado de Meio Ambiente, Desenvolvimento, Tecnologia e Inova\u00e7\u00e3o, FUNDECT, Governo do Estado de Mato Grosso do Sul, APROSOJA-MS, FAMASUL, SENAR e das C\u00e2mara de Vereadores e Prefeituras dos munic\u00edpios em que a Funda\u00e7\u00e3o Chapad\u00e3o atua.<\/p>\n<p>&nbsp;<\/p>\n<p>Fonte: Assessoria de imprensa Funda\u00e7\u00e3o Chapad\u00e3o<\/p>\n","protected":false},"excerpt":{"rendered":"<p>A dire\u00e7\u00e3o da Funda\u00e7\u00e3o Chapad\u00e3o recebeu uma Mo\u00e7\u00e3o de Aplausos da C\u00e2mara de Vereadores de Chapad\u00e3o do Sul, durante a realiza\u00e7\u00e3o da sess\u00e3o ordin\u00e1ria desta segunda-feira, 20 de mar\u00e7o. Realizou a Funda\u00e7\u00e3o Chapad\u00e3o mais uma edi\u00e7\u00e3o da TECNOAGRO, a maior e mais importante feira tecnol\u00f3gica para o agroneg\u00f3cio do norte e nordeste de Mato Grosso [&hellip;]<\/p>\n","protected":false},"author":4,"featured_media":235031,"comment_status":"closed","ping_status":"closed","sticky":false,"template":"","format":"standard","meta":{"footnotes":""},"categories":[17,23,41],"tags":[],"class_list":["post-235030","post","type-post","status-publish","format-standard","has-post-thumbnail","hentry","category-agropecuaria","category-chapadao-do-sul","category-destaque"],"_links":{"self":[{"href":"https:\/\/www.ocorreionews.com.br\/acervo-correio\/index.php?rest_route=\/wp\/v2\/posts\/235030","targetHints":{"allow":["GET"]}}],"collection":[{"href":"https:\/\/www.ocorreionews.com.br\/acervo-correio\/index.php?rest_route=\/wp\/v2\/posts"}],"about":[{"href":"https:\/\/www.ocorreionews.com.br\/acervo-correio\/index.php?rest_route=\/wp\/v2\/types\/post"}],"author":[{"embeddable":true,"href":"https:\/\/www.ocorreionews.com.br\/acervo-correio\/index.php?rest_route=\/wp\/v2\/users\/4"}],"replies":[{"embeddable":true,"href":"https:\/\/www.ocorreionews.com.br\/acervo-correio\/index.php?rest_route=%2Fwp%2Fv2%2Fcomments&post=235030"}],"version-history":[{"count":1,"href":"https:\/\/www.ocorreionews.com.br\/acervo-correio\/index.php?rest_route=\/wp\/v2\/posts\/235030\/revisions"}],"predecessor-version":[{"id":235033,"href":"https:\/\/www.ocorreionews.com.br\/acervo-correio\/index.php?rest_route=\/wp\/v2\/posts\/235030\/revisions\/235033"}],"wp:featuredmedia":[{"embeddable":true,"href":"https:\/\/www.ocorreionews.com.br\/acervo-correio\/index.php?rest_route=\/wp\/v2\/media\/235031"}],"wp:attachment":[{"href":"https:\/\/www.ocorreionews.com.br\/acervo-correio\/index.php?rest_route=%2Fwp%2Fv2%2Fmedia&parent=235030"}],"wp:term":[{"taxonomy":"category","embeddable":true,"href":"https:\/\/www.ocorreionews.com.br\/acervo-correio\/index.php?rest_route=%2Fwp%2Fv2%2Fcategories&post=235030"},{"taxonomy":"post_tag","embeddable":true,"href":"https:\/\/www.ocorreionews.com.br\/acervo-correio\/index.php?rest_route=%2Fwp%2Fv2%2Ftags&post=235030"}],"curies":[{"name":"wp","href":"https:\/\/api.w.org\/{rel}","templated":true}]}}