{"id":235034,"date":"2023-03-23T07:33:08","date_gmt":"2023-03-23T11:33:08","guid":{"rendered":"https:\/\/www.ocorreionews.com.br\/acervo-correio\/?p=235034"},"modified":"2023-03-23T07:33:08","modified_gmt":"2023-03-23T11:33:08","slug":"estudantes-de-paraiso-das-aguas-estao-no-rio-de-janeiro-participando-da-38-mostra-de-foguetes","status":"publish","type":"post","link":"https:\/\/www.ocorreionews.com.br\/acervo-correio\/?p=235034","title":{"rendered":"Estudantes de Para\u00edso das \u00c1guas est\u00e3o no Rio de Janeiro, participando da 38\u00b0 Mostra de foguetes"},"content":{"rendered":"<div class=\"x11i5rnm xat24cr x1mh8g0r x1vvkbs xdj266r x126k92a\">\n<div dir=\"auto\">\n<p>Estudantes de Para\u00edso das \u00c1guas est\u00e3o no Rio de Janeiro, participando da 38\u00b0 Mostra de foguetes (MOBFOG) das olimp\u00edadas Brasileira de astronomia e astron\u00e1utica<\/p>\n<p>O grupo de alunos e professores respons\u00e1veis conta com o apoio da Prefeitura e da Secretaria Municipal de Educa\u00e7\u00e3o, Esporte, Cultura e Lazer<\/p>\n<p>Com o apoio da Prefeitura de Para\u00edso das \u00c1guas,\u00a0 por meio da Secretaria Municipal de Educa\u00e7\u00e3o, Esporte, Cultura e Lazer (Semecel), alunos da rede municipal e estadual de ensino, est\u00e3o participando do\u00a0 38\u00b0 Mostra de foguetes (MOBFOG) das olimp\u00edadas Brasileira de astronomia e astron\u00e1utica, na cidade de Barra do Pira\u00ed, no Rio de Janeiro.<\/p>\n<p>Est\u00e3o participando do evento, uma equipe representante de cada escola do munic\u00edpio, do Fundamental II.<\/p>\n<blockquote><p><em>A equipe da Escola Estadual Ver. Kendi Nakai (Apolo 11), acompanhada pelas professoras representante C\u00e9lia Miranda Souza\u00a0 Ge\u00f3rgia Patr\u00edcia Bassan Trevisolli Dias, com os alunos Vin\u00edcius e Lucenilson ambos do 1\u00ba ano do Ensino M\u00e9dio.<\/em><\/p>\n<p><em>Da Escola Municipal Professora Lizete Rivelli Alpe (Capivaras do Espa\u00e7o), acompanhada pela Professora representante, Valdilene Borges e seus alunos Vitor Hugo e N\u00edcolas do 7\u00b0 ano do Ensino Fundamental.<\/em><\/p>\n<p><em>A Escola Municipal Kou Takahashi (Sputnik 11) est\u00e1 acompanhada pelo professor representante, Andr\u00e9 Lu\u00edz Castanharo e seus alunos Guilherme do 8\u00b0 ano, Murilo Dias do 8\u00b0 ano e Murylo Assis do 7\u00b0 ano do Ensino Fundamental.<\/em><\/p>\n<p><em>A Escola Municipal Av\u00f3 Neguinha (Os Fogueteiros) acompanhada com o professor representante, George C\u00e9sar Daniel e os alunos Mariana, Carlos Eduardo e Luiz Felipe ambos hoje no 1\u00b0 ano do Ensino M\u00e9dio.<\/em><\/p>\n<p><em>Representando a Semecel, est\u00e1 o coordenador Supervisor, Prof\u00ba Alex Alves Sampaio.<\/em><\/p><\/blockquote>\n<p>Os participantes embarcaram no dia 19 de mar\u00e7o e retornar\u00e3o no pr\u00f3ximo dia 24,sexta feira. Eles est\u00e3o hospedados em um Hotel Fazenda e est\u00e3o participando de oficinas de astronomia e astron\u00e1utica e tamb\u00e9m far\u00e3o seus lan\u00e7amentos dos foguetes.<\/p>\n<p>A Etapa Municipal dos lan\u00e7amentos dos foguetes foi feito em maio de 2022, pela Semecel e pela Escola Vereador Kendi Nakai. Nessa etapa foram selecionadas as equipes classificadas para etapa Rio de Janeiro.<\/p>\n<p>Toda a despesa da viagem, hospedagem e alimenta\u00e7\u00e3o \u00e9 custeado pela Prefeitura de Para\u00edso das \u00c1guas com o apoio da C\u00e2mara Municipal de Vereadores.<\/p>\n<p>Mostra de Foguetes<\/p>\n<p>Desde 2009, a OBA &#8211; Olimp\u00edada Brasileira de Astronomia e Astron\u00e1utica v\u00eam realizando as JORNADAS DE FOGUETES.<\/p>\n<p>Os participantes s\u00e3o convidados dentre aqueles que participaram da MOBFOG, no corrente ano, em suas Escolas.<\/p>\n<p>Em 2022 este evento re\u00fane as equipes do n\u00edvel 3 (sexto ao nono ano) e do n\u00edvel 4 (ensino m\u00e9dio) que lan\u00e7aram o mais distante poss\u00edvel seus foguetes em suas Escolas.<\/p>\n<p>Em 2022 a OBA veio convidando as tr\u00eas melhores equipes do n\u00edvel 3 e do n\u00edvel 4 de cada escola participante, independentemente do maior alcance obtido em seus lan\u00e7amentos.<\/p>\n<p>As Jornadas de Foguetes do n\u00edvel 4 foram realizadas em 2022, mas as Jornadas de Foguetes do n\u00edvel 3 est\u00e3o sendo realizadas agora, em 2023.<\/p>\n<p><a href=\"https:\/\/www.ocorreionews.com.br\/acervo-correio\/wp-content\/uploads\/2023\/03\/estudante-RJ.png\"><img loading=\"lazy\" decoding=\"async\" class=\"alignnone size-full wp-image-235036\" src=\"https:\/\/www.ocorreionews.com.br\/acervo-correio\/wp-content\/uploads\/2023\/03\/estudante-RJ.png\" alt=\"\" width=\"518\" height=\"293\" srcset=\"https:\/\/www.ocorreionews.com.br\/acervo-correio\/wp-content\/uploads\/2023\/03\/estudante-RJ.png 518w, https:\/\/www.ocorreionews.com.br\/acervo-correio\/wp-content\/uploads\/2023\/03\/estudante-RJ-300x170.png 300w\" sizes=\"auto, (max-width: 518px) 100vw, 518px\" \/><\/a> <a href=\"https:\/\/www.ocorreionews.com.br\/acervo-correio\/wp-content\/uploads\/2023\/03\/estudante-RJ2.png\"><img loading=\"lazy\" decoding=\"async\" class=\"alignnone size-full wp-image-235037\" src=\"https:\/\/www.ocorreionews.com.br\/acervo-correio\/wp-content\/uploads\/2023\/03\/estudante-RJ2.png\" alt=\"\" width=\"533\" height=\"385\" srcset=\"https:\/\/www.ocorreionews.com.br\/acervo-correio\/wp-content\/uploads\/2023\/03\/estudante-RJ2.png 533w, https:\/\/www.ocorreionews.com.br\/acervo-correio\/wp-content\/uploads\/2023\/03\/estudante-RJ2-300x217.png 300w\" sizes=\"auto, (max-width: 533px) 100vw, 533px\" \/><\/a> <a href=\"https:\/\/www.ocorreionews.com.br\/acervo-correio\/wp-content\/uploads\/2023\/03\/estudante-RJ3.png\"><img loading=\"lazy\" decoding=\"async\" class=\"alignnone size-full wp-image-235038\" src=\"https:\/\/www.ocorreionews.com.br\/acervo-correio\/wp-content\/uploads\/2023\/03\/estudante-RJ3.png\" alt=\"\" width=\"538\" height=\"283\" srcset=\"https:\/\/www.ocorreionews.com.br\/acervo-correio\/wp-content\/uploads\/2023\/03\/estudante-RJ3.png 538w, https:\/\/www.ocorreionews.com.br\/acervo-correio\/wp-content\/uploads\/2023\/03\/estudante-RJ3-300x158.png 300w\" sizes=\"auto, (max-width: 538px) 100vw, 538px\" \/><\/a> <a href=\"https:\/\/www.ocorreionews.com.br\/acervo-correio\/wp-content\/uploads\/2023\/03\/estudante-RJ4.png\"><img loading=\"lazy\" decoding=\"async\" class=\"alignnone size-full wp-image-235039\" src=\"https:\/\/www.ocorreionews.com.br\/acervo-correio\/wp-content\/uploads\/2023\/03\/estudante-RJ4.png\" alt=\"\" width=\"533\" height=\"367\" srcset=\"https:\/\/www.ocorreionews.com.br\/acervo-correio\/wp-content\/uploads\/2023\/03\/estudante-RJ4.png 533w, https:\/\/www.ocorreionews.com.br\/acervo-correio\/wp-content\/uploads\/2023\/03\/estudante-RJ4-300x207.png 300w\" sizes=\"auto, (max-width: 533px) 100vw, 533px\" \/><\/a><\/p>\n<\/div>\n<p>ASCOM<\/p>\n<\/div>\n","protected":false},"excerpt":{"rendered":"<p>Estudantes de Para\u00edso das \u00c1guas est\u00e3o no Rio de Janeiro, participando da 38\u00b0 Mostra de foguetes (MOBFOG) das olimp\u00edadas Brasileira de astronomia e astron\u00e1utica O grupo de alunos e professores respons\u00e1veis conta com o apoio da Prefeitura e da Secretaria Municipal de Educa\u00e7\u00e3o, Esporte, Cultura e Lazer Com o apoio da Prefeitura de Para\u00edso das [&hellip;]<\/p>\n","protected":false},"author":4,"featured_media":235036,"comment_status":"closed","ping_status":"closed","sticky":false,"template":"","format":"standard","meta":{"footnotes":""},"categories":[27,36],"tags":[],"class_list":["post-235034","post","type-post","status-publish","format-standard","has-post-thumbnail","hentry","category-educacao","category-paraiso-das-aguas"],"_links":{"self":[{"href":"https:\/\/www.ocorreionews.com.br\/acervo-correio\/index.php?rest_route=\/wp\/v2\/posts\/235034","targetHints":{"allow":["GET"]}}],"collection":[{"href":"https:\/\/www.ocorreionews.com.br\/acervo-correio\/index.php?rest_route=\/wp\/v2\/posts"}],"about":[{"href":"https:\/\/www.ocorreionews.com.br\/acervo-correio\/index.php?rest_route=\/wp\/v2\/types\/post"}],"author":[{"embeddable":true,"href":"https:\/\/www.ocorreionews.com.br\/acervo-correio\/index.php?rest_route=\/wp\/v2\/users\/4"}],"replies":[{"embeddable":true,"href":"https:\/\/www.ocorreionews.com.br\/acervo-correio\/index.php?rest_route=%2Fwp%2Fv2%2Fcomments&post=235034"}],"version-history":[{"count":1,"href":"https:\/\/www.ocorreionews.com.br\/acervo-correio\/index.php?rest_route=\/wp\/v2\/posts\/235034\/revisions"}],"predecessor-version":[{"id":235040,"href":"https:\/\/www.ocorreionews.com.br\/acervo-correio\/index.php?rest_route=\/wp\/v2\/posts\/235034\/revisions\/235040"}],"wp:featuredmedia":[{"embeddable":true,"href":"https:\/\/www.ocorreionews.com.br\/acervo-correio\/index.php?rest_route=\/wp\/v2\/media\/235036"}],"wp:attachment":[{"href":"https:\/\/www.ocorreionews.com.br\/acervo-correio\/index.php?rest_route=%2Fwp%2Fv2%2Fmedia&parent=235034"}],"wp:term":[{"taxonomy":"category","embeddable":true,"href":"https:\/\/www.ocorreionews.com.br\/acervo-correio\/index.php?rest_route=%2Fwp%2Fv2%2Fcategories&post=235034"},{"taxonomy":"post_tag","embeddable":true,"href":"https:\/\/www.ocorreionews.com.br\/acervo-correio\/index.php?rest_route=%2Fwp%2Fv2%2Ftags&post=235034"}],"curies":[{"name":"wp","href":"https:\/\/api.w.org\/{rel}","templated":true}]}}