{"id":235045,"date":"2023-03-23T08:28:10","date_gmt":"2023-03-23T12:28:10","guid":{"rendered":"https:\/\/www.ocorreionews.com.br\/acervo-correio\/?p=235045"},"modified":"2023-03-23T08:56:54","modified_gmt":"2023-03-23T12:56:54","slug":"dois-irmaos-morrem-em-queda-de-aviao-sobre-casa-em-go-e-quatro-ficam-feridos","status":"publish","type":"post","link":"https:\/\/www.ocorreionews.com.br\/acervo-correio\/?p=235045","title":{"rendered":"Dois irm\u00e3os morrem em queda de avi\u00e3o sobre casa em GO e quatro ficam feridos"},"content":{"rendered":"<div id=\"chunk-bqhaa\">\n<div class=\"mc-column content-text active-extra-styles \" data-block-type=\"unstyled\" data-block-weight=\"52\" data-block-id=\"3\">\n<p class=\"content-text__container \" data-track-category=\"Link no Texto\" data-track-links=\"\">Dois irm\u00e3os morreram na queda do avi\u00e3o na Vila Mutir\u00e3o 1, na tarde de quarta-feira em Goi\u00e2nia. Leonardo Rodrigues da Rocha e Bruno Rodrigues da Rocha foram socorridos pelo Corpo de Bombeiros, mas n\u00e3o resistiram aos ferimentos. Eles eram empres\u00e1rios em Taiobeiras, no norte de Minas Gerais, e s\u00f3cios da aeronave.<\/p>\n<div id=\"chunk-8l0u8\">\n<div class=\"mc-column content-text active-extra-styles \" data-block-type=\"unstyled\" data-block-weight=\"26\" data-block-id=\"5\">\n<p class=\"content-text__container \" data-track-category=\"Link no Texto\" data-track-links=\"\">Al\u00e9m dos irm\u00e3os, mais quatro pessoas estavam no avi\u00e3o. Eles foram levados para o Hospital Estadual Governador Ot\u00e1vio Lage (Hugol). S\u00e3o dois homens e duas mulheres.<\/p>\n<div class=\"content-media-container glb-skeleton-box\">\n<figure class=\"content-media-figure\">\n<p><figure style=\"width: 647px\" class=\"wp-caption aligncenter\"><img loading=\"lazy\" decoding=\"async\" class=\"i-amphtml-fill-content i-amphtml-replaced-content\" src=\"https:\/\/s2.glbimg.com\/lEKIxokeIgqDTBHgtH0WHqtI0yY=\/0x0:1700x1065\/984x0\/smart\/filters:strip_icc()\/i.s3.glbimg.com\/v1\/AUTH_59edd422c0c84a879bd37670ae4f538a\/internal_photos\/bs\/2023\/i\/S\/YUFoaYQwKbhqOdySXHRQ\/irmaos.jpg\" sizes=\"auto, (max-width: 1366px) 648px, 100vw\" srcset=\"https:\/\/s2.glbimg.com\/l8eFLxtKShPSFHTAuf2lneeyqGk=\/0x0:1700x1065\/1000x0\/smart\/filters:strip_icc()\/i.s3.glbimg.com\/v1\/AUTH_59edd422c0c84a879bd37670ae4f538a\/internal_photos\/bs\/2023\/i\/S\/YUFoaYQwKbhqOdySXHRQ\/irmaos.jpg 1000w, https:\/\/s2.glbimg.com\/lEKIxokeIgqDTBHgtH0WHqtI0yY=\/0x0:1700x1065\/984x0\/smart\/filters:strip_icc()\/i.s3.glbimg.com\/v1\/AUTH_59edd422c0c84a879bd37670ae4f538a\/internal_photos\/bs\/2023\/i\/S\/YUFoaYQwKbhqOdySXHRQ\/irmaos.jpg 984w, https:\/\/s2.glbimg.com\/mCsufrVCpkAECvcKEB7qRFQrTMM=\/0x0:1700x1065\/640x0\/smart\/filters:strip_icc()\/i.s3.glbimg.com\/v1\/AUTH_59edd422c0c84a879bd37670ae4f538a\/internal_photos\/bs\/2023\/i\/S\/YUFoaYQwKbhqOdySXHRQ\/irmaos.jpg 640w, https:\/\/s2.glbimg.com\/HCN-6uz2tbVhQdhbNMEfhlzOfQM=\/0x0:1700x1065\/600x0\/smart\/filters:strip_icc()\/i.s3.glbimg.com\/v1\/AUTH_59edd422c0c84a879bd37670ae4f538a\/internal_photos\/bs\/2023\/i\/S\/YUFoaYQwKbhqOdySXHRQ\/irmaos.jpg 600w\" alt=\"Leonardo Rodrigues da Rocha (esquerda) e Bruno Rodrigues da Rocha eram irm\u00e3os; os dois morreram em queda de avi\u00e3o em Goi\u00e2nia, Goi\u00e1s \u2014 Foto: Reprodu\u00e7\u00e3o\/TV Anhanguera\" width=\"647\" height=\"405\" \/><figcaption class=\"wp-caption-text\">Leonardo Rodrigues da Rocha (esquerda) e Bruno Rodrigues da Rocha eram irm\u00e3os; os dois morreram em queda de avi\u00e3o em Goi\u00e2nia, Goi\u00e1s \u2014 Foto: Reprodu\u00e7\u00e3o\/TV Anhanguera<\/figcaption><\/figure><\/figure>\n<\/div>\n<\/div>\n<p class=\"content-media__description \">\n<\/div>\n<div id=\"chunk-c6r2m\">\n<div class=\"mc-column content-text active-extra-styles \" data-block-type=\"unstyled\" data-block-weight=\"7\" data-block-id=\"6\">\n<p class=\"content-text__container \" data-track-category=\"Link no Texto\" data-track-links=\"\"><strong>Veja os nomes dos seis tripulantes:<\/strong><\/p>\n<\/div>\n<\/div>\n<div class=\"mc-column content-text active-extra-styles\" data-block-type=\"raw\" data-block-weight=\"66\" data-block-id=\"7\">\n<ul class=\"content-unordered-list\">\n<li><span class=\"highlight highlighted\">Roberto Pereira Junior<\/span>: piloto de avi\u00e3o, tem estado regular e respira espontaneamente;<\/li>\n<li><span class=\"highlight highlighted\">Indira Mendes Maia:<\/span> tem estado regular e respira espontaneamente;<\/li>\n<li><span class=\"highlight highlighted\">Winnicius Duarth Alves Rodrigues: <\/span>engenheiro civil, tem estado regular e respira espontaneamente;<\/li>\n<li><span class=\"highlight highlighted\">Priscila Fagundes Amaral<\/span>; estado grave e respira com ajuda de aparelhos;<\/li>\n<li><strong>Bruno Rodrigues da Rocha: empres\u00e1rio, de 38 anos (morreu no hospital);<\/strong><\/li>\n<li><strong>Leonardo Rodrigues da Rocha: empres\u00e1rio, de 43 anos (morreu no hospital)<\/strong>.<\/li>\n<\/ul>\n<div id=\"chunk-5nm8v\">\n<div class=\"mc-column content-text active-extra-styles \" data-block-type=\"unstyled\" data-block-weight=\"32\" data-block-id=\"9\">\n<p class=\"content-text__container \" data-track-category=\"Link no Texto\" data-track-links=\"\">Os bombeiros informaram que os tripulantes sa\u00edram de Taiobeiras, no norte de Minas Gerais, e voaram para Goi\u00e2nia. Na casa onde a aeronave caiu estavam duas mulheres, que n\u00e3o tiveram ferimentos.<\/p>\n<p data-track-category=\"Link no Texto\" data-track-links=\"\">\n<\/div>\n<\/div>\n<div id=\"chunk-e16q9\">\n<div class=\"mc-column content-text active-extra-styles \" data-block-type=\"unstyled\" data-block-weight=\"28\" data-block-id=\"10\">\n<p class=\"content-text__container \" data-track-category=\"Link no Texto\" data-track-links=\"\">A For\u00e7a A\u00e9rea Brasileira (FAB) informou que investigadores do Centro de Investiga\u00e7\u00e3o e Preven\u00e7\u00e3o de Acidentes Aeron\u00e1uticos (CENIPA) est\u00e3o no local para fazer a A\u00e7\u00e3o Inicial da ocorr\u00eancia.<\/p>\n<div id=\"chunk-40sov\">\n<div class=\"mc-column content-text active-extra-styles \" data-block-type=\"unstyled\" data-block-weight=\"35\" data-block-id=\"14\">\n<p class=\"content-text__container \" data-track-category=\"Link no Texto\" data-track-links=\"\">A Pol\u00edcia Militar ajudou no socorro dos feridos. Segundo a corpora\u00e7\u00e3o, a aeronave caiu em cima de um sobrado. Na parte de cima, \u00e9 uma casa, e na parte de baixo funciona um mercado.<\/p>\n<div id=\"chunk-dalta\">\n<div class=\"mc-column content-text active-extra-styles \" data-block-type=\"unstyled\" data-block-weight=\"20\" data-block-id=\"16\">\n<p class=\"content-text__container \" data-track-category=\"Link no Texto\" data-track-links=\"\">Na casa onde o avi\u00e3o caiu, o Corpo de Bombeiros montou uma estrutura para apoiar a aeronave (<strong><em>veja foto abaixo<\/em><\/strong>).<\/p>\n<\/div>\n<\/div>\n<div class=\"mc-column content-text active-extra-styles\" data-block-type=\"raw\" data-block-weight=\"4\" data-block-id=\"17\">\n<div class=\"content-intertitle\">\n<h2>Veja os outros tripulantes<\/h2>\n<\/div>\n<p>&nbsp;<\/p>\n<\/div>\n<div id=\"chunk-b36ul\">\n<div class=\"row medium-uncollapsed content-media content-photo\" data-block-type=\"backstage-photo\" data-block-id=\"18\">\n<div class=\"mc-column content-media__container\">\n<div class=\"content-media-container glb-skeleton-box\">\n<figure class=\"content-media-figure\">\n<p><figure style=\"width: 647px\" class=\"wp-caption aligncenter\"><img loading=\"lazy\" decoding=\"async\" class=\"i-amphtml-fill-content i-amphtml-replaced-content\" src=\"https:\/\/s2.glbimg.com\/QpBbphe0TOUThXe5lddYhzCpqFc=\/0x0:800x600\/984x0\/smart\/filters:strip_icc()\/i.s3.glbimg.com\/v1\/AUTH_59edd422c0c84a879bd37670ae4f538a\/internal_photos\/bs\/2023\/P\/s\/BdZ4P2QACxbw3YKil5wQ\/priscila.jpg\" sizes=\"auto, (max-width: 1366px) 648px, 100vw\" srcset=\"https:\/\/s2.glbimg.com\/UJLYLgW4ymQHbGyNSrdfOxPOHdE=\/0x0:800x600\/1000x0\/smart\/filters:strip_icc()\/i.s3.glbimg.com\/v1\/AUTH_59edd422c0c84a879bd37670ae4f538a\/internal_photos\/bs\/2023\/P\/s\/BdZ4P2QACxbw3YKil5wQ\/priscila.jpg 1000w, https:\/\/s2.glbimg.com\/QpBbphe0TOUThXe5lddYhzCpqFc=\/0x0:800x600\/984x0\/smart\/filters:strip_icc()\/i.s3.glbimg.com\/v1\/AUTH_59edd422c0c84a879bd37670ae4f538a\/internal_photos\/bs\/2023\/P\/s\/BdZ4P2QACxbw3YKil5wQ\/priscila.jpg 984w, https:\/\/s2.glbimg.com\/t7Dr9z3mDT1Oz0PFKbVxorEA_cY=\/0x0:800x600\/640x0\/smart\/filters:strip_icc()\/i.s3.glbimg.com\/v1\/AUTH_59edd422c0c84a879bd37670ae4f538a\/internal_photos\/bs\/2023\/P\/s\/BdZ4P2QACxbw3YKil5wQ\/priscila.jpg 640w, https:\/\/s2.glbimg.com\/LU1nHuUIT9v-TEx3tmvm9qX1DU0=\/0x0:800x600\/600x0\/smart\/filters:strip_icc()\/i.s3.glbimg.com\/v1\/AUTH_59edd422c0c84a879bd37670ae4f538a\/internal_photos\/bs\/2023\/P\/s\/BdZ4P2QACxbw3YKil5wQ\/priscila.jpg 600w\" alt=\"Priscila Fagundes Amaral \u2014 Foto: Reprodu\u00e7\u00e3o\/TV Anhanguera\" width=\"647\" height=\"485\" \/><figcaption class=\"wp-caption-text\">Priscila Fagundes Amaral \u2014 Foto: Reprodu\u00e7\u00e3o\/TV Anhanguera<\/figcaption><\/figure><\/figure>\n<\/div>\n<p>&nbsp;<\/p>\n<\/div>\n<\/div>\n<\/div>\n<div id=\"chunk-3vf36\">\n<div class=\"mc-column content-text active-extra-styles \" data-block-type=\"unstyled\" data-block-weight=\"34\" data-block-id=\"19\">\n<p class=\"content-text__container \" data-track-category=\"Link no Texto\" data-track-links=\"\">Priscila Fagundes Amaral foi socorrida pelo Corpo de Bombeiros e est\u00e1 internada no Hugol. Dentre os seis tripulantes que sobreviveram, ela \u00e9 a que est\u00e1 em estado grave e respira com ajuda de aparelhos.<\/p>\n<\/div>\n<\/div>\n<div id=\"chunk-c1la7\">\n<div class=\"row medium-uncollapsed content-media content-photo\" data-block-type=\"backstage-photo\" data-block-id=\"20\">\n<div class=\"mc-column content-media__container\">\n<div class=\"content-media-container glb-skeleton-box\">\n<figure class=\"content-media-figure\">\n<p><figure style=\"width: 647px\" class=\"wp-caption aligncenter\"><img loading=\"lazy\" decoding=\"async\" class=\"i-amphtml-fill-content i-amphtml-replaced-content\" src=\"https:\/\/s2.glbimg.com\/HqwtLcVrwPMk38RtBrpQu1q5kho=\/0x0:800x600\/984x0\/smart\/filters:strip_icc()\/i.s3.glbimg.com\/v1\/AUTH_59edd422c0c84a879bd37670ae4f538a\/internal_photos\/bs\/2023\/k\/p\/iPA8XnQk2UXOqsLHoRVw\/indira.jpg\" sizes=\"auto, (max-width: 1366px) 648px, 100vw\" srcset=\"https:\/\/s2.glbimg.com\/C3QT4japXxUpRu5y3dUvjU9TH2c=\/0x0:800x600\/1000x0\/smart\/filters:strip_icc()\/i.s3.glbimg.com\/v1\/AUTH_59edd422c0c84a879bd37670ae4f538a\/internal_photos\/bs\/2023\/k\/p\/iPA8XnQk2UXOqsLHoRVw\/indira.jpg 1000w, https:\/\/s2.glbimg.com\/HqwtLcVrwPMk38RtBrpQu1q5kho=\/0x0:800x600\/984x0\/smart\/filters:strip_icc()\/i.s3.glbimg.com\/v1\/AUTH_59edd422c0c84a879bd37670ae4f538a\/internal_photos\/bs\/2023\/k\/p\/iPA8XnQk2UXOqsLHoRVw\/indira.jpg 984w, https:\/\/s2.glbimg.com\/tNx7KBOS70aeqc7H5ru6m-E65lA=\/0x0:800x600\/640x0\/smart\/filters:strip_icc()\/i.s3.glbimg.com\/v1\/AUTH_59edd422c0c84a879bd37670ae4f538a\/internal_photos\/bs\/2023\/k\/p\/iPA8XnQk2UXOqsLHoRVw\/indira.jpg 640w, https:\/\/s2.glbimg.com\/Q3vjuPSjQ-dNzW1jtcjeqQ5IHsQ=\/0x0:800x600\/600x0\/smart\/filters:strip_icc()\/i.s3.glbimg.com\/v1\/AUTH_59edd422c0c84a879bd37670ae4f538a\/internal_photos\/bs\/2023\/k\/p\/iPA8XnQk2UXOqsLHoRVw\/indira.jpg 600w\" alt=\"Indira Mendes Maia estava no avi\u00e3o que caiu em Goi\u00e2nia, Goi\u00e1s \u2014 Foto: Reprodu\u00e7\u00e3o\/TV Anhanguera\" width=\"647\" height=\"485\" \/><figcaption class=\"wp-caption-text\">Indira Mendes Maia estava no avi\u00e3o que caiu em Goi\u00e2nia, Goi\u00e1s \u2014 Foto: Reprodu\u00e7\u00e3o\/TV Anhanguera<\/figcaption><\/figure><\/figure>\n<\/div>\n<p>&nbsp;<\/p>\n<\/div>\n<\/div>\n<\/div>\n<div id=\"chunk-bh0iu\">\n<div class=\"content-ads content-ads--reveal\" data-block-type=\"ads\" data-block-id=\"21\">\n<div><\/div>\n<\/div>\n<\/div>\n<div id=\"chunk-cq4ao\">\n<div class=\"mc-column content-text active-extra-styles \" data-block-type=\"unstyled\" data-block-weight=\"28\" data-block-id=\"22\">\n<p class=\"content-text__container \" data-track-category=\"Link no Texto\" data-track-links=\"\">Indira Mendes Maia estava no avi\u00e3o que caiu em Goi\u00e2nia. Ela sobreviveu e est\u00e1 internada no Hugol em estado regular e respira espontaneamente, segundo a unidade m\u00e9dica.<\/p>\n<\/div>\n<\/div>\n<div id=\"chunk-9sghj\">\n<div class=\"row medium-uncollapsed content-media content-photo\" data-block-type=\"backstage-photo\" data-block-id=\"23\">\n<div class=\"mc-column content-media__container\">\n<div class=\"content-media-container glb-skeleton-box\">\n<figure class=\"content-media-figure\">\n<p><figure style=\"width: 647px\" class=\"wp-caption aligncenter\"><img loading=\"lazy\" decoding=\"async\" class=\"i-amphtml-fill-content i-amphtml-replaced-content\" src=\"https:\/\/s2.glbimg.com\/vBxn77aULye_5SKitb75pxd3u1o=\/0x0:1700x1065\/984x0\/smart\/filters:strip_icc()\/i.s3.glbimg.com\/v1\/AUTH_59edd422c0c84a879bd37670ae4f538a\/internal_photos\/bs\/2023\/z\/G\/Ni8tNPQ1qPl2SfOZxubg\/winnicius.jpg\" sizes=\"auto, (max-width: 1366px) 648px, 100vw\" srcset=\"https:\/\/s2.glbimg.com\/ZTvOhgAf7M5eBda4nhYQWffzMaE=\/0x0:1700x1065\/1000x0\/smart\/filters:strip_icc()\/i.s3.glbimg.com\/v1\/AUTH_59edd422c0c84a879bd37670ae4f538a\/internal_photos\/bs\/2023\/z\/G\/Ni8tNPQ1qPl2SfOZxubg\/winnicius.jpg 1000w, https:\/\/s2.glbimg.com\/vBxn77aULye_5SKitb75pxd3u1o=\/0x0:1700x1065\/984x0\/smart\/filters:strip_icc()\/i.s3.glbimg.com\/v1\/AUTH_59edd422c0c84a879bd37670ae4f538a\/internal_photos\/bs\/2023\/z\/G\/Ni8tNPQ1qPl2SfOZxubg\/winnicius.jpg 984w, https:\/\/s2.glbimg.com\/-MKtbrrRA3PBQnKtYmVOvELCxHs=\/0x0:1700x1065\/640x0\/smart\/filters:strip_icc()\/i.s3.glbimg.com\/v1\/AUTH_59edd422c0c84a879bd37670ae4f538a\/internal_photos\/bs\/2023\/z\/G\/Ni8tNPQ1qPl2SfOZxubg\/winnicius.jpg 640w, https:\/\/s2.glbimg.com\/4PwjYdU5elByzA1Zj65BUY2g_J0=\/0x0:1700x1065\/600x0\/smart\/filters:strip_icc()\/i.s3.glbimg.com\/v1\/AUTH_59edd422c0c84a879bd37670ae4f538a\/internal_photos\/bs\/2023\/z\/G\/Ni8tNPQ1qPl2SfOZxubg\/winnicius.jpg 600w\" alt=\"Winnicius Duarth Alves Rodrigues \u00e9 engenheiro civil e estava no avi\u00e3o que caiu em Goi\u00e2nia, Goi\u00e1s \u2014 Foto: Reprodu\u00e7\u00e3o\/TV Anhanguera\" width=\"647\" height=\"405\" \/><figcaption class=\"wp-caption-text\">Winnicius Duarth Alves Rodrigues \u00e9 engenheiro civil e estava no avi\u00e3o que caiu em Goi\u00e2nia, Goi\u00e1s \u2014 Foto: Reprodu\u00e7\u00e3o\/TV Anhanguera<\/figcaption><\/figure><\/figure>\n<\/div>\n<p>&nbsp;<\/p>\n<\/div>\n<\/div>\n<\/div>\n<div id=\"chunk-5faq5\">\n<div class=\"mc-column content-text active-extra-styles \" data-block-type=\"unstyled\" data-block-weight=\"23\" data-block-id=\"24\">\n<p class=\"content-text__container \" data-track-category=\"Link no Texto\" data-track-links=\"\">Winnicius Duarth Alves Rodrigues \u00e9 engenheiro civil, trabalha na empresa dos irm\u00e3os Leonardo e Bruno Rodrigues, que morreram na queda do avi\u00e3o.<\/p>\n<p data-track-category=\"Link no Texto\" data-track-links=\"\">\n<\/div>\n<\/div>\n<div id=\"chunk-9avlh\">\n<div class=\"mc-column content-text active-extra-styles \" data-block-type=\"unstyled\" data-block-weight=\"11\" data-block-id=\"25\">\n<p class=\"content-text__container \" data-track-category=\"Link no Texto\" data-track-links=\"\">Ele est\u00e1 internado no Hugol em estado regular e respira espontaneamente.<\/p>\n<\/div>\n<\/div>\n<div id=\"chunk-bvpca\">\n<p class=\"content-text__container \" data-track-category=\"Link no Texto\" data-track-links=\"\">\n<\/div>\n<div id=\"chunk-9a4pi\">\n<div class=\"row medium-uncollapsed content-media content-photo\" data-block-type=\"backstage-photo\" data-block-id=\"27\">\n<div class=\"mc-column content-media__container\">\n<div class=\"content-media-container glb-skeleton-box\">\n<figure class=\"content-media-figure\">\n<p><figure style=\"width: 647px\" class=\"wp-caption aligncenter\"><img loading=\"lazy\" decoding=\"async\" class=\"i-amphtml-fill-content i-amphtml-replaced-content\" src=\"https:\/\/s2.glbimg.com\/L5WTM5YmSCfMEncCKB6rUiAa32A=\/0x0:1700x1065\/984x0\/smart\/filters:strip_icc()\/i.s3.glbimg.com\/v1\/AUTH_59edd422c0c84a879bd37670ae4f538a\/internal_photos\/bs\/2023\/O\/K\/gvj3AhSKiVQnxByxBq0A\/imagens-61-.png\" sizes=\"auto, (max-width: 1366px) 648px, 100vw\" srcset=\"https:\/\/s2.glbimg.com\/vE5uxMYghQlEMlJ7o0yyiyL_-a0=\/0x0:1700x1065\/1000x0\/smart\/filters:strip_icc()\/i.s3.glbimg.com\/v1\/AUTH_59edd422c0c84a879bd37670ae4f538a\/internal_photos\/bs\/2023\/O\/K\/gvj3AhSKiVQnxByxBq0A\/imagens-61-.png 1000w, https:\/\/s2.glbimg.com\/L5WTM5YmSCfMEncCKB6rUiAa32A=\/0x0:1700x1065\/984x0\/smart\/filters:strip_icc()\/i.s3.glbimg.com\/v1\/AUTH_59edd422c0c84a879bd37670ae4f538a\/internal_photos\/bs\/2023\/O\/K\/gvj3AhSKiVQnxByxBq0A\/imagens-61-.png 984w, https:\/\/s2.glbimg.com\/QtHEacH0hzFzOcjxW9GgFThUZi8=\/0x0:1700x1065\/640x0\/smart\/filters:strip_icc()\/i.s3.glbimg.com\/v1\/AUTH_59edd422c0c84a879bd37670ae4f538a\/internal_photos\/bs\/2023\/O\/K\/gvj3AhSKiVQnxByxBq0A\/imagens-61-.png 640w, https:\/\/s2.glbimg.com\/WAyt5btMQS50mU7gYB2Wwll4MPA=\/0x0:1700x1065\/600x0\/smart\/filters:strip_icc()\/i.s3.glbimg.com\/v1\/AUTH_59edd422c0c84a879bd37670ae4f538a\/internal_photos\/bs\/2023\/O\/K\/gvj3AhSKiVQnxByxBq0A\/imagens-61-.png 600w\" alt=\"Estrutura montada por Corpo de Bombeiros para sustentar avi\u00e3o que caiu, em Goi\u00e2nia, Goi\u00e1s \u2014 Foto: Danielle Oliveira\/g1\" width=\"647\" height=\"405\" \/><figcaption class=\"wp-caption-text\">Estrutura montada por Corpo de Bombeiros para sustentar avi\u00e3o que caiu, em Goi\u00e2nia, Goi\u00e1s \u2014 Foto: Danielle Oliveira\/g1<\/figcaption><\/figure><\/figure>\n<\/div>\n<h4 class=\"content-head__title\">M\u00e3e e filha ficaram cerca de 2h presas em casa ap\u00f3s avi\u00e3o cair e destruir parte do im\u00f3vel<\/h4>\n<p>A comerciante Meire Adriano contou que ela e a m\u00e3e ficaram presas por cerca de 2 horas dentro de casa ap\u00f3s um avi\u00e3o cair no lote vizinho e atingir o im\u00f3vel delas em Goi\u00e2nia.<\/p>\n<div class=\"mc-column content-text active-extra-styles\" data-block-type=\"raw\" data-block-weight=\"6\" data-block-id=\"4\">\n<p>&nbsp;<\/p>\n<\/div>\n<div class=\"mc-column content-text active-extra-styles\" data-block-type=\"raw\" data-block-weight=\"48\" data-block-id=\"5\">\n<blockquote class=\"content-blockquote theme-border-color-primary-before\"><p>&#8220;Eu estava no quarto e ouvi um barulho muito forte, achei que o pr\u00e9dio estava caindo, e era o avi\u00e3o. Vi o piloto e corri para l\u00e1. Ele estava acordado, fiquei conversando com eles at\u00e9 o socorro chegar. Ficamos presos por mais de 2 horas&#8221;, contou a Meire.<\/p><\/blockquote>\n<\/div>\n<div id=\"chunk-jg35\">\n<div class=\"mc-column content-text active-extra-styles \" data-block-type=\"unstyled\" data-block-weight=\"45\" data-block-id=\"8\">\n<p class=\"content-text__container \" data-track-category=\"Link no Texto\" data-track-links=\"\">\n<\/div>\n<\/div>\n<div id=\"chunk-7dnia\">\n<div class=\"row medium-uncollapsed content-media content-photo\" data-block-type=\"backstage-photo\" data-block-id=\"9\">\n<div class=\"mc-column content-media__container\">\n<div class=\"content-media-container glb-skeleton-box\">\n<figure class=\"content-media-figure\">\n<p><figure style=\"width: 647px\" class=\"wp-caption aligncenter\"><img loading=\"lazy\" decoding=\"async\" class=\"i-amphtml-fill-content i-amphtml-replaced-content\" src=\"https:\/\/s2.glbimg.com\/x8T2FgMe37kfo5d54QpeuMmV7NU=\/0x0:1700x1065\/984x0\/smart\/filters:strip_icc()\/i.s3.glbimg.com\/v1\/AUTH_59edd422c0c84a879bd37670ae4f538a\/internal_photos\/bs\/2023\/9\/A\/fB3CP4RqqYXOPgbBLVeA\/estragos-aviao-2.jpg\" sizes=\"auto, (max-width: 1366px) 648px, 100vw\" srcset=\"https:\/\/s2.glbimg.com\/f0JkXxGUwrdiJUw9BYCkPcgpOCw=\/0x0:1700x1065\/1000x0\/smart\/filters:strip_icc()\/i.s3.glbimg.com\/v1\/AUTH_59edd422c0c84a879bd37670ae4f538a\/internal_photos\/bs\/2023\/9\/A\/fB3CP4RqqYXOPgbBLVeA\/estragos-aviao-2.jpg 1000w, https:\/\/s2.glbimg.com\/x8T2FgMe37kfo5d54QpeuMmV7NU=\/0x0:1700x1065\/984x0\/smart\/filters:strip_icc()\/i.s3.glbimg.com\/v1\/AUTH_59edd422c0c84a879bd37670ae4f538a\/internal_photos\/bs\/2023\/9\/A\/fB3CP4RqqYXOPgbBLVeA\/estragos-aviao-2.jpg 984w, https:\/\/s2.glbimg.com\/TvGm4uHSRn6P4FsGS3gvcEk5rhw=\/0x0:1700x1065\/640x0\/smart\/filters:strip_icc()\/i.s3.glbimg.com\/v1\/AUTH_59edd422c0c84a879bd37670ae4f538a\/internal_photos\/bs\/2023\/9\/A\/fB3CP4RqqYXOPgbBLVeA\/estragos-aviao-2.jpg 640w, https:\/\/s2.glbimg.com\/D553Ze8UlT-z8IDQCXNGcpD8Gws=\/0x0:1700x1065\/600x0\/smart\/filters:strip_icc()\/i.s3.glbimg.com\/v1\/AUTH_59edd422c0c84a879bd37670ae4f538a\/internal_photos\/bs\/2023\/9\/A\/fB3CP4RqqYXOPgbBLVeA\/estragos-aviao-2.jpg 600w\" alt=\"Estragos em avi\u00e3o que caiu em Goi\u00e2nia \u2014 Foto: Michel Gomes\/g1\" width=\"647\" height=\"405\" \/><figcaption class=\"wp-caption-text\">Estragos em avi\u00e3o que caiu em Goi\u00e2nia \u2014 Foto: Michel Gomes\/g1<\/figcaption><\/figure><\/figure>\n<\/div>\n<p class=\"content-media__description \">\n<\/div>\n<\/div>\n<\/div>\n<p class=\"content-publication-data__from\" title=\"Rafael Oliveira e Tariq Augusto, g1 Goi\u00e1s e TV Anhanguera\">Por Rafael Oliveira,Michel Gomes, Jamyle Amoury e Tariq Augusto, g1 Goi\u00e1s e TV Anhanguera<\/p>\n<\/div>\n<\/div>\n<\/div>\n<\/div>\n<\/div>\n<\/div>\n<\/div>\n<p>&nbsp;<\/p>\n<div id=\"chunk-e16q9\">\n<div class=\"mc-column content-text active-extra-styles \" data-block-type=\"unstyled\" data-block-weight=\"28\" data-block-id=\"10\">\n<p data-track-category=\"Link no Texto\" data-track-links=\"\">\n<\/div>\n<\/div>\n<\/div>\n<\/div>\n<\/div>\n","protected":false},"excerpt":{"rendered":"<p>Dois irm\u00e3os morreram na queda do avi\u00e3o na Vila Mutir\u00e3o 1, na tarde de quarta-feira em Goi\u00e2nia. Leonardo Rodrigues da Rocha e Bruno Rodrigues da Rocha foram socorridos pelo Corpo de Bombeiros, mas n\u00e3o resistiram aos ferimentos. Eles eram empres\u00e1rios em Taiobeiras, no norte de Minas Gerais, e s\u00f3cios da aeronave. Al\u00e9m dos irm\u00e3os, mais [&hellip;]<\/p>\n","protected":false},"author":5,"featured_media":235048,"comment_status":"closed","ping_status":"closed","sticky":false,"template":"","format":"standard","meta":{"footnotes":""},"categories":[38],"tags":[],"class_list":["post-235045","post","type-post","status-publish","format-standard","has-post-thumbnail","hentry","category-policia"],"_links":{"self":[{"href":"https:\/\/www.ocorreionews.com.br\/acervo-correio\/index.php?rest_route=\/wp\/v2\/posts\/235045","targetHints":{"allow":["GET"]}}],"collection":[{"href":"https:\/\/www.ocorreionews.com.br\/acervo-correio\/index.php?rest_route=\/wp\/v2\/posts"}],"about":[{"href":"https:\/\/www.ocorreionews.com.br\/acervo-correio\/index.php?rest_route=\/wp\/v2\/types\/post"}],"author":[{"embeddable":true,"href":"https:\/\/www.ocorreionews.com.br\/acervo-correio\/index.php?rest_route=\/wp\/v2\/users\/5"}],"replies":[{"embeddable":true,"href":"https:\/\/www.ocorreionews.com.br\/acervo-correio\/index.php?rest_route=%2Fwp%2Fv2%2Fcomments&post=235045"}],"version-history":[{"count":1,"href":"https:\/\/www.ocorreionews.com.br\/acervo-correio\/index.php?rest_route=\/wp\/v2\/posts\/235045\/revisions"}],"predecessor-version":[{"id":235058,"href":"https:\/\/www.ocorreionews.com.br\/acervo-correio\/index.php?rest_route=\/wp\/v2\/posts\/235045\/revisions\/235058"}],"wp:featuredmedia":[{"embeddable":true,"href":"https:\/\/www.ocorreionews.com.br\/acervo-correio\/index.php?rest_route=\/wp\/v2\/media\/235048"}],"wp:attachment":[{"href":"https:\/\/www.ocorreionews.com.br\/acervo-correio\/index.php?rest_route=%2Fwp%2Fv2%2Fmedia&parent=235045"}],"wp:term":[{"taxonomy":"category","embeddable":true,"href":"https:\/\/www.ocorreionews.com.br\/acervo-correio\/index.php?rest_route=%2Fwp%2Fv2%2Fcategories&post=235045"},{"taxonomy":"post_tag","embeddable":true,"href":"https:\/\/www.ocorreionews.com.br\/acervo-correio\/index.php?rest_route=%2Fwp%2Fv2%2Ftags&post=235045"}],"curies":[{"name":"wp","href":"https:\/\/api.w.org\/{rel}","templated":true}]}}