{"id":235116,"date":"2023-03-24T06:50:31","date_gmt":"2023-03-24T10:50:31","guid":{"rendered":"https:\/\/www.ocorreionews.com.br\/acervo-correio\/?p=235116"},"modified":"2023-03-24T09:01:23","modified_gmt":"2023-03-24T13:01:23","slug":"faleceu-aos-72-anos-dr-sebastiao-lazaro-o-bim-de-paraiso-das-aguas","status":"publish","type":"post","link":"https:\/\/www.ocorreionews.com.br\/acervo-correio\/?p=235116","title":{"rendered":"Faleceu aos 72 anos, Dr. Sebasti\u00e3o L\u00e1zaro, o &#8216;Bim&#8217;, de Para\u00edso das \u00c1guas"},"content":{"rendered":"<p>Faleceu na noite desta quinta-feira (23), em S\u00e3o Jos\u00e9 do Rio Preto (SP), Sebasti\u00e3o L\u00e1zaro da Silva Bom, aos 72 anos de idade.<\/p>\n<p>Bim como era conhecido, sofreu um AVC (Acidente Vascular Cerebral), em Parana\u00edba (MS), onde residia com sua filha e genro, foi transferido \u00e0s pressas para S\u00e3o Jos\u00e9 do Rio Preto (SP), onde ficou entubado por alguns dias.<\/p>\n<p>Infelizmente seu estado de sa\u00fade se agravou muito e acabou n\u00e3o resistindo.<\/p>\n<p>Seu corpo foi encaminhado ao IML (Instituto M\u00e9dico Legal) e deve ser liberado somente na manh\u00e3 desta sexta-feira (24). Os atos f\u00fanebres acontecem em Parana\u00edba, em hor\u00e1rio ainda n\u00e3o definido.<\/p>\n<p>De engraxate \u00e0 importante personalidade na hist\u00f3ria pol\u00edtica do estado e de Para\u00edso das \u00c1guas, graduado em direito e produtor rural.<\/p>\n<p><img decoding=\"async\" class=\"note-float-right\" src=\"https:\/\/www.bncnoticias.com.br\/arquivos\/img-uploads\/ximagem_578.jpg.pagespeed.ic.KfzZkXgWHO.jpg\" \/><\/p>\n<p>Bim foi o presidente fundador da Associa\u00e7\u00e3o Comunit\u00e1ria de Desenvolvimento Art\u00edstico e Cultural do Para\u00edso das \u00c1guas &#8211; Ascopa, da R\u00e1dio Comunit\u00e1ria FM Para\u00edso. Associa\u00e7\u00e3o fundada em 2005 e a r\u00e1dio instalada em 01 de agosto de 2015.<\/p>\n<p><img decoding=\"async\" class=\"note-float-right\" src=\"https:\/\/www.bncnoticias.com.br\/arquivos\/img-uploads\/ximagem_577.jpg.pagespeed.ic.oMkCanIPfg.jpg\" \/><\/p>\n<p>Al\u00e9m de sua paix\u00e3o pela advocacia e pol\u00edtica, Bim foi investidor em Para\u00edso das \u00c1guas. Tinha vis\u00e3o empreendedora e era fascinado pela cidade de Para\u00edso das \u00c1guas, que quando vereador em Parana\u00edba, em meados de 1980, defendeu bravamente o ent\u00e3o apenas patrim\u00f4nio de Para\u00edso, sendo o vereador mais votado na hist\u00f3ria \u00e0 \u00e9poca.<\/p>\n<p><img decoding=\"async\" class=\"note-float-right\" src=\"https:\/\/www.bncnoticias.com.br\/arquivos\/img-uploads\/ximagem_576.jpg.pagespeed.ic.KizMIIJEDQ.jpg\" \/><\/p>\n<p>Bim foi candidato a vereador nas elei\u00e7\u00f5es de 2012. Homenageado com t\u00edtulo de Cidad\u00e3o Paraisense pela C\u00e2mara Municipal de Vereadores.<\/p>\n<p>Bim deixa 04 filhos.<\/p>\n<p><img decoding=\"async\" class=\"note-float-right\" src=\"https:\/\/www.bncnoticias.com.br\/arquivos\/img-uploads\/ximagem_580.jpg.pagespeed.ic.FCbudd6L78.jpg\" \/>BIOGRAFIA BIM<\/p>\n<p>SEBASTI\u00c3O L\u00c1ZARO DA SILVA BIM<\/p>\n<p>FILHO DE MARIA ROSA E EUCLIDES LUIZ DA SILVA.<\/p>\n<p>NASCIDO: Itaj\u00e1 &#8211; GO. Dia 31\/01\/1951.<\/p>\n<p>Nasceu em Itaj\u00e1- GO , onde morou at\u00e9 seus 17 anos de idade.<\/p>\n<p>Quando crian\u00e7a sua m\u00e3e dona Rosa ( POPULAR TIA ROSA) lavava roupa e fazia roscas para vender, isto pra garantir o sustento dos filhos; onde Bim engraxava sapatos e vendia roscas feitas por dona Rosa, para ajudar a fam\u00edlia. Onde BIM era conhecido como LOBINHO, que depois originou-se BIM DA TIA ROSA.<\/p>\n<p>Bim teve 11 irm\u00e3os, sendo 6 filhos de Dona Rosa ( onde Bim era o 7\u00ba e ca\u00e7ula) e 5 filhos apenas do Sr\u00ba Euclides (onde Bim \u00e9 o mais Velho). Dona Rosa foi casada tr\u00eas vezes, sendo vi\u00fava dos dois primeiros maridos e separada do terceiro marido o Sr\u00ba Euclides pai do Bim, dona Rosa separou-se quando Bim ainda era beb\u00ea de colo ( pra ser mais precisa foi abandonada pelo marido ). Desta forma dona Rosa foi o pai e m\u00e3e de seus 7 filhos, trabalhando duro para o sustento da fam\u00edlia.<\/p>\n<p>Aos 17 anos de idade Bim foi jogar futebol para o time do Goi\u00e1s na cidade de Goi\u00e2nia na espectativa de melhorar de vida e poder ajudar mais sua m\u00e3e.<\/p>\n<p>Aos\u00a0 18 anos de idade a convite do candidato a prefeito Ant\u00f4nio Augusto Correa da Costa; Bim foi para Parana\u00edba \u2013 MS para jogar futebol e trabalhar. Foi ent\u00e3o que Bim\u00a0 iniciou suas atividades trabalhistas na Prefeitura de Parana\u00edba; cursou contabilidade e come\u00e7ou a trabalhar em um escrit\u00f3rio de contabilidade.<\/p>\n<p>Casou-se aos 19 anos, no dia 04\/09\/71 com RAMAITA FREITAS DA SILVA; onde teve KATIUSCIA CRISTINA FREITAS DA SILVA,\u00a0 FARMAC\u00caUTICA SANITARISTA, sua filha mais velha.<\/p>\n<p>Mudou-se para S\u00e3o Jos\u00e9 do Rio Preto \u2013 SP; onde formou-se em Direito na FACULDADE RIOPRETENSE DE DIREITO em 1979.<\/p>\n<p>Retornando assim para Parana\u00edba, montou seu escrit\u00f3rio de advocacia e contabilidade\u00a0 \u00a0 \u00a0 \u00a0 \u201cESCRIT\u00d3RIO DO BIM\u201d onde come\u00e7ou sua carreira de advogado e com seu esfor\u00e7o e trabalho\u00a0 foi crescendo e se destacando no munic\u00edpio de Parana\u00edba \u2013 MS.<\/p>\n<p>Em 1981 comprou a FAZENDA SANTA ROSA, aqui no munic\u00edpio de PARA\u00cdSO DAS \u00c1GUAS, onde desde ent\u00e3o Bim passou a frequentar nossa regi\u00e3o. ( H\u00e1 37 anos).<\/p>\n<p>Trabalhou na ASSEMBL\u00c9IA LEGISLATIVA em Campo Grande \u2013 MS no per\u00edodo de 1991 a 1993, como Assessor Parlamentar do Deputado Beto Mariano.<\/p>\n<p>Teve outros filhos fruto de outras rela\u00e7\u00f5es sendo eles:<\/p>\n<p>&#8211; LUCIANO DOUGLAS LIRA DA SILVA BIM ( T\u00c9CNICO EM SEGURAN\u00c7A DO TRABALHO) atuando no munic\u00edpio de Parana\u00edba.<\/p>\n<p>&#8211; ISABELA CRISTINA LEAL OLIVA E SILVA ( M\u00c9DICA), atuando como m\u00e9dica da Unidade da Sa\u00fade da Fam\u00edlia em Buritama SP.<\/p>\n<p>&#8211; ANA CAROLINA BORGES DA SILVA, servidora p\u00fablica e estudante de agronomia. Filha ca\u00e7ula.<\/p>\n<p>Candidatou-se a vereador pelo munic\u00edpio de Parana\u00edba \u2013 MS, sendo o vereador mais votado na \u00e9poca. Depois desta primeira elei\u00e7\u00e3o por ter perdido muitos votos, pois os eleitores votaram em seu apelido\u201cBIM\u201d; foi que SEBASTI\u00c3O L\u00c1ZARO , ent\u00e3o incluiu BIM em seu nome, pois era somente seu apelido. Apelido este recebido ainda crian\u00e7a no munic\u00edpio de Itaj\u00e1 \u2013 GO de \u201cLOBINHO\u201d; dando origem posteriormente ao BIM.<\/p>\n<p>Desde ent\u00e3o foi investindo e participando no munic\u00edpio de Para\u00edso onde instalou o Pesqueiro do Bim; ajudou na implanta\u00e7\u00e3o da R\u00e1dio Comunit\u00e1ria e candidato a vereador nas elei\u00e7\u00f5es de 2012.<\/p>\n<p>Fonte BNC Noticias<\/p>\n<p>&nbsp;<\/p>\n","protected":false},"excerpt":{"rendered":"<p>Faleceu na noite desta quinta-feira (23), em S\u00e3o Jos\u00e9 do Rio Preto (SP), Sebasti\u00e3o L\u00e1zaro da Silva Bom, aos 72 anos de idade. Bim como era conhecido, sofreu um AVC (Acidente Vascular Cerebral), em Parana\u00edba (MS), onde residia com sua filha e genro, foi transferido \u00e0s pressas para S\u00e3o Jos\u00e9 do Rio Preto (SP), onde [&hellip;]<\/p>\n","protected":false},"author":4,"featured_media":235117,"comment_status":"closed","ping_status":"closed","sticky":false,"template":"","format":"standard","meta":{"footnotes":""},"categories":[41,36],"tags":[],"class_list":["post-235116","post","type-post","status-publish","format-standard","has-post-thumbnail","hentry","category-destaque","category-paraiso-das-aguas"],"_links":{"self":[{"href":"https:\/\/www.ocorreionews.com.br\/acervo-correio\/index.php?rest_route=\/wp\/v2\/posts\/235116","targetHints":{"allow":["GET"]}}],"collection":[{"href":"https:\/\/www.ocorreionews.com.br\/acervo-correio\/index.php?rest_route=\/wp\/v2\/posts"}],"about":[{"href":"https:\/\/www.ocorreionews.com.br\/acervo-correio\/index.php?rest_route=\/wp\/v2\/types\/post"}],"author":[{"embeddable":true,"href":"https:\/\/www.ocorreionews.com.br\/acervo-correio\/index.php?rest_route=\/wp\/v2\/users\/4"}],"replies":[{"embeddable":true,"href":"https:\/\/www.ocorreionews.com.br\/acervo-correio\/index.php?rest_route=%2Fwp%2Fv2%2Fcomments&post=235116"}],"version-history":[{"count":1,"href":"https:\/\/www.ocorreionews.com.br\/acervo-correio\/index.php?rest_route=\/wp\/v2\/posts\/235116\/revisions"}],"predecessor-version":[{"id":235170,"href":"https:\/\/www.ocorreionews.com.br\/acervo-correio\/index.php?rest_route=\/wp\/v2\/posts\/235116\/revisions\/235170"}],"wp:featuredmedia":[{"embeddable":true,"href":"https:\/\/www.ocorreionews.com.br\/acervo-correio\/index.php?rest_route=\/wp\/v2\/media\/235117"}],"wp:attachment":[{"href":"https:\/\/www.ocorreionews.com.br\/acervo-correio\/index.php?rest_route=%2Fwp%2Fv2%2Fmedia&parent=235116"}],"wp:term":[{"taxonomy":"category","embeddable":true,"href":"https:\/\/www.ocorreionews.com.br\/acervo-correio\/index.php?rest_route=%2Fwp%2Fv2%2Fcategories&post=235116"},{"taxonomy":"post_tag","embeddable":true,"href":"https:\/\/www.ocorreionews.com.br\/acervo-correio\/index.php?rest_route=%2Fwp%2Fv2%2Ftags&post=235116"}],"curies":[{"name":"wp","href":"https:\/\/api.w.org\/{rel}","templated":true}]}}