{"id":235126,"date":"2023-03-24T06:32:00","date_gmt":"2023-03-24T10:32:00","guid":{"rendered":"https:\/\/www.ocorreionews.com.br\/acervo-correio\/?p=235126"},"modified":"2023-03-24T06:40:45","modified_gmt":"2023-03-24T10:40:45","slug":"governo-assina-contrato-de-concessao-da-ms-112-e-de-trechos-da-br-158-e-br-436","status":"publish","type":"post","link":"https:\/\/www.ocorreionews.com.br\/acervo-correio\/?p=235126","title":{"rendered":"Governo assina contrato de concess\u00e3o da MS-112 e de trechos da BR-158 e BR-436"},"content":{"rendered":"<div class=\"entry\">\n<p>O Governo do Mato Grosso do Sul e o Grupo Way Brasil assinaram na tarde desta quinta-feira (23), no audit\u00f3rio da Governadoria, o contrato de concess\u00e3o da MS-112 e trechos das rodovias federais BR-158 e BR-436. Pelo documento acordado hoje, o Grupo ficar\u00e1 respons\u00e1vel pela manuten\u00e7\u00e3o vi\u00e1ria, melhorias de tr\u00e1fego e capacidade rodovi\u00e1ria de 412,8 quil\u00f4metros de estradas em Mato Grosso do Sul e que passam pelas cidades de Cassil\u00e2ndia, Parana\u00edba, Aparecida do Taboado, Inoc\u00eancia, Selv\u00edria e Tr\u00eas Lagoas, regi\u00e3o nordeste do Estado.<\/p>\n<p>Ap\u00f3s, a assinatura do contrato, o governador Eduardo Riedel destacou que a concess\u00e3o traz competitividade para as empresas, neg\u00f3cios e seguran\u00e7a para os usu\u00e1rios.<\/p>\n<p>&#8220;S\u00e3o 413 quil\u00f4metros de rodovias que ir\u00e3o contar com terceira faixa, acostamento, apoio e suporte ao usu\u00e1rio com ambul\u00e2ncias, guinchos e conectividade, que \u00e9 uma inova\u00e7\u00e3o nesses contratos. \u00c9 fundamental que tenhamos essa malha rodovi\u00e1ria para dar condi\u00e7\u00f5es para toda essa regi\u00e3o, que tem crescido muito com grandes investimentos industriais&#8221;, ressaltou o governador Riedel.<\/p>\n<p>Todo o processo, desde a fase de estudos at\u00e9 a assinatura do contrato, foi coordenado pelo Escrit\u00f3rio de Parcerias Estrat\u00e9gicas do Governo do Estado.<\/p>\n<p>Durante a solenidade, o diretor-presidente da concession\u00e1ria Way, Paulo Lopes, anunciou uma parceria com uma operadora de telefonia que vai oferecer aos usu\u00e1rios servi\u00e7os de Internet 4G ao longo da rodovia.<\/p>\n<p>O diretor ainda fez uma apresenta\u00e7\u00e3o do Grupo, que tamb\u00e9m administra a MS-306. A nova concess\u00e3o contar\u00e1 com seis bases operacionais, com unidades da Pol\u00edcia Rodovi\u00e1ria Militar, em Tr\u00eas Lagoas, al\u00e9m de recuperar uma base da Pol\u00edcia Rodovi\u00e1ria Federal, em Parana\u00edba, e a reforma da unidade da Secretaria da Fazenda, em Aparecida do Taboado.<\/p>\n<p><a href=\"https:\/\/www.ocorreionews.com.br\/acervo-correio\/wp-content\/uploads\/2023\/03\/rod.-privatizadas.png\"><img loading=\"lazy\" decoding=\"async\" class=\"alignnone size-full wp-image-235127\" src=\"https:\/\/www.ocorreionews.com.br\/acervo-correio\/wp-content\/uploads\/2023\/03\/rod.-privatizadas.png\" alt=\"\" width=\"640\" height=\"571\" srcset=\"https:\/\/www.ocorreionews.com.br\/acervo-correio\/wp-content\/uploads\/2023\/03\/rod.-privatizadas.png 640w, https:\/\/www.ocorreionews.com.br\/acervo-correio\/wp-content\/uploads\/2023\/03\/rod.-privatizadas-300x268.png 300w\" sizes=\"auto, (max-width: 640px) 100vw, 640px\" \/><\/a><\/p>\n<figure id=\"attachment_429608\" class=\"wp-caption alignright\"><figcaption class=\"wp-caption-text\"><\/figcaption><\/figure>\n<p>&#8220;No primeiro ano, vamos fazer a recupera\u00e7\u00e3o do pavimento. As principais obras do segundo ao quinto ano ser\u00e3o a instala\u00e7\u00e3o de radares, sensores e a recupera\u00e7\u00e3o total do pavimento&#8221;.<\/p>\n<p>Ainda segundo o dirigente do Grupo, a estimativa \u00e9 que a opera\u00e7\u00e3o recolha em impostos cerca de 2 milh\u00f5es de reais para cada munic\u00edpio, e gere 300 empregos diretos com as obras e 2 mil indiretos. Ao longo de 30 anos, a concession\u00e1ria investir\u00e1 em torno de R$ 3,5 bilh\u00f5es.<\/p>\n<p>O contrato ainda inclui 3,8 quil\u00f4metros da ponte rodoferrovi\u00e1ria, oferecendo agilidade, seguran\u00e7a aos usu\u00e1rios e novas possibilidades log\u00edsticas.<\/p>\n<p>Pertencentes \u00e0 Uni\u00e3o, os trechos das rodovias BR-158 e BR-436 foram delegados em importante parceria entre o Estado e o Governo Federal.<\/p>\n<p>O secret\u00e1rio de Estado de Infraestrutura e Log\u00edstica, H\u00e9lio Peluffo, parabenizou o ex-governador Reinaldo Azambuja, presente ao evento, e que foi respons\u00e1vel por idealizar o projeto. &#8220;Investimento importante para a regi\u00e3o do Bols\u00e3o que se desenvolve e possui uma matriz na \u00e1rea de reflorestamento e celulose, completou Peluffo.&#8221;<\/p>\n<p>Para o prefeito de Parana\u00edba, Maycol Queiroz, o empreendimento trar\u00e1 mais seguran\u00e7a e desenvolvimento para o Parque Industrial da cidade. &#8220;Hoje, o tr\u00e1fego das carretas para o escoamento da soja, milho e algod\u00e3o passa tudo por Parana\u00edba com uma log\u00edstica muito importante para os portos de Santos e Paranagu\u00e1.&#8221;<\/p>\n<p><strong>Sobre o Grupo Way Brasil<\/strong><\/p>\n<p>Grupo \u00e9 composto por quatro empresas com experi\u00eancia s\u00f3lida no setor de constru\u00e7\u00e3o e concess\u00f5es, principalmente em rodovias; uma consultora de gest\u00e3o empresarial e uma gestora global de investimentos em log\u00edstica, real estate e infraestrutura. A concession\u00e1ria foi tamb\u00e9m a vencedora da licita\u00e7\u00e3o que administra a MS-306, a primeira rodovia estadual entregue \u00e0 iniciativa privada em 2019.<\/p>\n<figure id=\"attachment_429620\" class=\"wp-caption alignleft\"><\/figure>\n<p><strong>Homenagem<\/strong><\/p>\n<p>Ao final da solenidade, o governador Riedel, emocionado, prestou uma homenagem \u00e0 servidora Carolina Peixoto dos Santos, de 28 anos, servidora do EPE, e que foi v\u00edtima de um acidente na rodovia 163, no \u00faltimo dia 10. Na presen\u00e7a da m\u00e3e, Mary Nilce Peixoto dos Santos, e da tia Edelma Leme Peixoto Tib\u00farcio, o governador lamentou a morte precoce da jovem, que integrava a equipe que brilhantemente executou os projetos de concess\u00e3o das rodovias.<\/p>\n<p><em>Comunica\u00e7\u00e3o do Governo de MS<\/em><\/p>\n<\/div>\n","protected":false},"excerpt":{"rendered":"<p>O Governo do Mato Grosso do Sul e o Grupo Way Brasil assinaram na tarde desta quinta-feira (23), no audit\u00f3rio da Governadoria, o contrato de concess\u00e3o da MS-112 e trechos das rodovias federais BR-158 e BR-436. Pelo documento acordado hoje, o Grupo ficar\u00e1 respons\u00e1vel pela manuten\u00e7\u00e3o vi\u00e1ria, melhorias de tr\u00e1fego e capacidade rodovi\u00e1ria de 412,8 [&hellip;]<\/p>\n","protected":false},"author":4,"featured_media":235128,"comment_status":"closed","ping_status":"closed","sticky":false,"template":"","format":"standard","meta":{"footnotes":""},"categories":[21,41],"tags":[],"class_list":["post-235126","post","type-post","status-publish","format-standard","has-post-thumbnail","hentry","category-cassilandia","category-destaque"],"_links":{"self":[{"href":"https:\/\/www.ocorreionews.com.br\/acervo-correio\/index.php?rest_route=\/wp\/v2\/posts\/235126","targetHints":{"allow":["GET"]}}],"collection":[{"href":"https:\/\/www.ocorreionews.com.br\/acervo-correio\/index.php?rest_route=\/wp\/v2\/posts"}],"about":[{"href":"https:\/\/www.ocorreionews.com.br\/acervo-correio\/index.php?rest_route=\/wp\/v2\/types\/post"}],"author":[{"embeddable":true,"href":"https:\/\/www.ocorreionews.com.br\/acervo-correio\/index.php?rest_route=\/wp\/v2\/users\/4"}],"replies":[{"embeddable":true,"href":"https:\/\/www.ocorreionews.com.br\/acervo-correio\/index.php?rest_route=%2Fwp%2Fv2%2Fcomments&post=235126"}],"version-history":[{"count":1,"href":"https:\/\/www.ocorreionews.com.br\/acervo-correio\/index.php?rest_route=\/wp\/v2\/posts\/235126\/revisions"}],"predecessor-version":[{"id":235129,"href":"https:\/\/www.ocorreionews.com.br\/acervo-correio\/index.php?rest_route=\/wp\/v2\/posts\/235126\/revisions\/235129"}],"wp:featuredmedia":[{"embeddable":true,"href":"https:\/\/www.ocorreionews.com.br\/acervo-correio\/index.php?rest_route=\/wp\/v2\/media\/235128"}],"wp:attachment":[{"href":"https:\/\/www.ocorreionews.com.br\/acervo-correio\/index.php?rest_route=%2Fwp%2Fv2%2Fmedia&parent=235126"}],"wp:term":[{"taxonomy":"category","embeddable":true,"href":"https:\/\/www.ocorreionews.com.br\/acervo-correio\/index.php?rest_route=%2Fwp%2Fv2%2Fcategories&post=235126"},{"taxonomy":"post_tag","embeddable":true,"href":"https:\/\/www.ocorreionews.com.br\/acervo-correio\/index.php?rest_route=%2Fwp%2Fv2%2Ftags&post=235126"}],"curies":[{"name":"wp","href":"https:\/\/api.w.org\/{rel}","templated":true}]}}