{"id":235130,"date":"2023-03-24T06:34:59","date_gmt":"2023-03-24T10:34:59","guid":{"rendered":"https:\/\/www.ocorreionews.com.br\/acervo-correio\/?p=235130"},"modified":"2023-03-24T06:34:59","modified_gmt":"2023-03-24T10:34:59","slug":"prefeitura-de-costa-rica-concede-reajuste-de-6-a-11-no-salario-dos-servidores-publicos-efetivos-e-comissionados","status":"publish","type":"post","link":"https:\/\/www.ocorreionews.com.br\/acervo-correio\/?p=235130","title":{"rendered":"Prefeitura de Costa Rica concede reajuste de 6 a 11% no sal\u00e1rio dos servidores p\u00fablicos efetivos e comissionados"},"content":{"rendered":"<div class=\"ntc_cont_descricao_noticia sw_txteditor\">\n<div>Foi sancionada pelo prefeito de Costa Rica, delegado Cleverson Alves dos Santos, com aprova\u00e7\u00e3o da C\u00e2mara de Vereadores, a lei complementar n\u00b0. 115 de 20 de mar\u00e7o de 2023, que reajusta de 6 a 11% o sal\u00e1rio dos servidores p\u00fablicos efetivos e comissionados. O documento foi publicado na <a href=\"https:\/\/www.costarica.ms.gov.br\/portal\/diario-oficial\/ver\/3561\">edi\u00e7\u00e3o 3.418<\/a> do Di\u00e1rio Oficial do Munic\u00edpio na \u00faltima ter\u00e7a-feira (21).\n<\/div>\n<div>\u201c\u00c9 um compromisso da nossa gest\u00e3o a valoriza\u00e7\u00e3o do funcionalismo p\u00fablico para que possamos estimular a excel\u00eancia na administra\u00e7\u00e3o p\u00fablica&#8221;, ressalta o prefeito.<\/p>\n<p>Conforme o documento, os aumentos variam de 6% a 11% para os servidores efetivos e comissionados da Prefeitura e do SAAE (Servi\u00e7o Municipal de \u00c1gua e Esgoto), a depender da categoria, ou seja, quem possui maiores sal\u00e1rios ter\u00e1 um reajuste menor e quem ganha menos vai contar com um aumento maior.<\/p>\n<p>Atrav\u00e9s de uma emenda proposta em conjunto pelos onze vereadores, al\u00e9m do reajuste, mais uma incorpora\u00e7\u00e3o salarial de R$ 200 e outros R$ 150 de vale-alimenta\u00e7\u00e3o foi concedida para os servidores comissionados do Poder Executivo.<\/p>\n<p>\u201cGostaria de destacar a import\u00e2ncia do di\u00e1logo entre os poderes Executivo e Legislativo, no sentido de propormos a emenda ao projeto que veio do Executivo, onde discutimos com os colegas vereadores e com o l\u00edder do prefeito na Casa, Artur Baird, e chegarmos ao resultado com o qual quem ganha s\u00e3o os servidores\u201d, destacou o presidente da C\u00e2mara, Ailton Amorim.<\/p>\n<p>Al\u00e9m do percentual, a remunera\u00e7\u00e3o dos profissionais do magist\u00e9rio p\u00fablico municipal tamb\u00e9m ser\u00e1 reajustada em mais 3% (tr\u00eas por cento), a partir de 1\u00ba de julho de 2023, aplicados sobre o valor fixado.<\/p>\n<p>J\u00e1 os agentes comunit\u00e1rios de sa\u00fade e os agentes de combate a endemias v\u00e3o ganhar um incentivo financeiro de R$ 400, por prazo indeterminado, a ser pago junto com os sal\u00e1rios desses servidores (j\u00e1 com o reajuste), conforme autoriza o Projeto de Lei (PL) n\u00ba 1.509\/2023, proposto pelo prefeito Cleverson e tamb\u00e9m aprovado pelos vereadores por unanimidade.<\/p>\n<p>Para ter acesso \u00e0s tabelas salariais completas <a href=\"https:\/\/www.costarica.ms.gov.br\/portal\/noticias\/0\/3\/5465\/-%20https:\/www.costarica.ms.gov.br\/portal\/diario-oficial\/ver\/3561\/salario\">clique aqui<\/a>.<\/div>\n<\/div>\n<div class=\"ntc_area_info_noticia sw_lato\">\n<div>\n<div class=\"ntc_info_noticia\"><strong class=\"sw_lato_black\">Fonte: <\/strong>Assessoria de Comunica\u00e7\u00e3o<\/div>\n<div class=\"ntc_info_noticia\"><strong class=\"sw_lato_black\">Autor: <\/strong>Angela Bezerra com Cassiane Mews<\/div>\n<\/div>\n<\/div>\n","protected":false},"excerpt":{"rendered":"<p>Foi sancionada pelo prefeito de Costa Rica, delegado Cleverson Alves dos Santos, com aprova\u00e7\u00e3o da C\u00e2mara de Vereadores, a lei complementar n\u00b0. 115 de 20 de mar\u00e7o de 2023, que reajusta de 6 a 11% o sal\u00e1rio dos servidores p\u00fablicos efetivos e comissionados. O documento foi publicado na edi\u00e7\u00e3o 3.418 do Di\u00e1rio Oficial do Munic\u00edpio [&hellip;]<\/p>\n","protected":false},"author":4,"featured_media":178581,"comment_status":"closed","ping_status":"closed","sticky":false,"template":"","format":"standard","meta":{"footnotes":""},"categories":[25,41],"tags":[],"class_list":["post-235130","post","type-post","status-publish","format-standard","has-post-thumbnail","hentry","category-costa-rica","category-destaque"],"_links":{"self":[{"href":"https:\/\/www.ocorreionews.com.br\/acervo-correio\/index.php?rest_route=\/wp\/v2\/posts\/235130","targetHints":{"allow":["GET"]}}],"collection":[{"href":"https:\/\/www.ocorreionews.com.br\/acervo-correio\/index.php?rest_route=\/wp\/v2\/posts"}],"about":[{"href":"https:\/\/www.ocorreionews.com.br\/acervo-correio\/index.php?rest_route=\/wp\/v2\/types\/post"}],"author":[{"embeddable":true,"href":"https:\/\/www.ocorreionews.com.br\/acervo-correio\/index.php?rest_route=\/wp\/v2\/users\/4"}],"replies":[{"embeddable":true,"href":"https:\/\/www.ocorreionews.com.br\/acervo-correio\/index.php?rest_route=%2Fwp%2Fv2%2Fcomments&post=235130"}],"version-history":[{"count":1,"href":"https:\/\/www.ocorreionews.com.br\/acervo-correio\/index.php?rest_route=\/wp\/v2\/posts\/235130\/revisions"}],"predecessor-version":[{"id":235131,"href":"https:\/\/www.ocorreionews.com.br\/acervo-correio\/index.php?rest_route=\/wp\/v2\/posts\/235130\/revisions\/235131"}],"wp:featuredmedia":[{"embeddable":true,"href":"https:\/\/www.ocorreionews.com.br\/acervo-correio\/index.php?rest_route=\/wp\/v2\/media\/178581"}],"wp:attachment":[{"href":"https:\/\/www.ocorreionews.com.br\/acervo-correio\/index.php?rest_route=%2Fwp%2Fv2%2Fmedia&parent=235130"}],"wp:term":[{"taxonomy":"category","embeddable":true,"href":"https:\/\/www.ocorreionews.com.br\/acervo-correio\/index.php?rest_route=%2Fwp%2Fv2%2Fcategories&post=235130"},{"taxonomy":"post_tag","embeddable":true,"href":"https:\/\/www.ocorreionews.com.br\/acervo-correio\/index.php?rest_route=%2Fwp%2Fv2%2Ftags&post=235130"}],"curies":[{"name":"wp","href":"https:\/\/api.w.org\/{rel}","templated":true}]}}