{"id":235138,"date":"2023-03-24T06:45:30","date_gmt":"2023-03-24T10:45:30","guid":{"rendered":"https:\/\/www.ocorreionews.com.br\/acervo-correio\/?p=235138"},"modified":"2023-03-24T06:45:30","modified_gmt":"2023-03-24T10:45:30","slug":"prefeito-dalmy-visita-obras-nas-estradas-rurais","status":"publish","type":"post","link":"https:\/\/www.ocorreionews.com.br\/acervo-correio\/?p=235138","title":{"rendered":"Prefeito Dalmy visita obras nas estradas rurais"},"content":{"rendered":"<p>O prefeito Dalmy juntamente com o secret\u00e1rio de obras Fernando Nicoletti e o diretor de obras Evando Alves, foram acompanhar um dos trabalhos de recupera\u00e7\u00e3o de estradas rurais que a equipe da secretaria de obras est\u00e1 executando na regi\u00e3o da lixa.<\/p>\n<p>O prefeito relatou que esta tampando os buracos, causados pelas fortes chuvas na regi\u00e3o, onde causaram v\u00e1rias eros\u00f5es, na oportunidade est\u00e3o reconstruindo as lombadas que foram danificadas devido \u00e0 grande quantidade de chuvas nos \u00faltimos dias.<\/p>\n<h3><img decoding=\"async\" src=\"https:\/\/regionalms.com.br\/conteudo\/regionalms\/upp\/articles\/2022-02\/comercio\/789\/337549623_926666595293715_8310115555290878830_n.jpg\" alt=\"\" width=\"100%\" \/><\/h3>\n<p>Dalmy disse com esse trabalho realizado ir\u00e1 facilitar o escoamento da produ\u00e7\u00e3o da regi\u00e3o e proporcionar mais rapidez e seguran\u00e7a para as crian\u00e7as que utilizam o transporte escolar.<\/p>\n<p>A Secretaria de Obras est\u00e1 trabalhando diariamente para melhorar as condi\u00e7\u00f5es das estradas rurais do munic\u00edpio, que \u00e9 grande em sua extens\u00e3o.<\/p>\n<h3><img decoding=\"async\" src=\"https:\/\/regionalms.com.br\/conteudo\/regionalms\/upp\/articles\/2022-02\/comercio\/789\/336887423_1027163544926898_3064449989058555117_n.jpg\" alt=\"\" width=\"100%\" \/><\/h3>\n<p>&nbsp;<\/p>\n<p>&nbsp;<\/p>\n<p>fonte: facebook<\/p>\n","protected":false},"excerpt":{"rendered":"<p>O prefeito Dalmy juntamente com o secret\u00e1rio de obras Fernando Nicoletti e o diretor de obras Evando Alves, foram acompanhar um dos trabalhos de recupera\u00e7\u00e3o de estradas rurais que a equipe da secretaria de obras est\u00e1 executando na regi\u00e3o da lixa. O prefeito relatou que esta tampando os buracos, causados pelas fortes chuvas na regi\u00e3o, [&hellip;]<\/p>\n","protected":false},"author":4,"featured_media":235140,"comment_status":"closed","ping_status":"closed","sticky":false,"template":"","format":"standard","meta":{"footnotes":""},"categories":[18],"tags":[],"class_list":["post-235138","post","type-post","status-publish","format-standard","has-post-thumbnail","hentry","category-alcinopolis"],"_links":{"self":[{"href":"https:\/\/www.ocorreionews.com.br\/acervo-correio\/index.php?rest_route=\/wp\/v2\/posts\/235138","targetHints":{"allow":["GET"]}}],"collection":[{"href":"https:\/\/www.ocorreionews.com.br\/acervo-correio\/index.php?rest_route=\/wp\/v2\/posts"}],"about":[{"href":"https:\/\/www.ocorreionews.com.br\/acervo-correio\/index.php?rest_route=\/wp\/v2\/types\/post"}],"author":[{"embeddable":true,"href":"https:\/\/www.ocorreionews.com.br\/acervo-correio\/index.php?rest_route=\/wp\/v2\/users\/4"}],"replies":[{"embeddable":true,"href":"https:\/\/www.ocorreionews.com.br\/acervo-correio\/index.php?rest_route=%2Fwp%2Fv2%2Fcomments&post=235138"}],"version-history":[{"count":1,"href":"https:\/\/www.ocorreionews.com.br\/acervo-correio\/index.php?rest_route=\/wp\/v2\/posts\/235138\/revisions"}],"predecessor-version":[{"id":235141,"href":"https:\/\/www.ocorreionews.com.br\/acervo-correio\/index.php?rest_route=\/wp\/v2\/posts\/235138\/revisions\/235141"}],"wp:featuredmedia":[{"embeddable":true,"href":"https:\/\/www.ocorreionews.com.br\/acervo-correio\/index.php?rest_route=\/wp\/v2\/media\/235140"}],"wp:attachment":[{"href":"https:\/\/www.ocorreionews.com.br\/acervo-correio\/index.php?rest_route=%2Fwp%2Fv2%2Fmedia&parent=235138"}],"wp:term":[{"taxonomy":"category","embeddable":true,"href":"https:\/\/www.ocorreionews.com.br\/acervo-correio\/index.php?rest_route=%2Fwp%2Fv2%2Fcategories&post=235138"},{"taxonomy":"post_tag","embeddable":true,"href":"https:\/\/www.ocorreionews.com.br\/acervo-correio\/index.php?rest_route=%2Fwp%2Fv2%2Ftags&post=235138"}],"curies":[{"name":"wp","href":"https:\/\/api.w.org\/{rel}","templated":true}]}}