{"id":235145,"date":"2023-03-24T07:10:45","date_gmt":"2023-03-24T11:10:45","guid":{"rendered":"https:\/\/www.ocorreionews.com.br\/acervo-correio\/?p=235145"},"modified":"2023-03-24T07:10:45","modified_gmt":"2023-03-24T11:10:45","slug":"figueirao-realizou-a-conferencia-da-saude","status":"publish","type":"post","link":"https:\/\/www.ocorreionews.com.br\/acervo-correio\/?p=235145","title":{"rendered":"Figueir\u00e3o realizou a confer\u00eancia da Sa\u00fade"},"content":{"rendered":"<div dir=\"auto\">A Prefeitura Municipal e o Conselho Municipal de Sa\u00fade de Figueir\u00e3o, em parceria com a Secretaria de Sa\u00fade, realizou, a 5\u00aa Confer\u00eancia Municipal de Sa\u00fade de Figueir\u00e3o, no plen\u00e1rio da C\u00e2mara Municipal, das 07h \u00e0s 17h, com o objetivo de revis\u00e3o do Plano Municipal de Sa\u00fade de Figueir\u00e3o 2022\/2025.<\/div>\n<div dir=\"auto\">Os resultados das resolu\u00e7\u00f5es propostas e aprovadas nesta Confer\u00eancia ser\u00e3o levados \u00e0 10\u00aa Confer\u00eancia Estadual de Sa\u00fade, visando a 17\u00aa Confer\u00eancia Nacional de Sa\u00fade.<\/div>\n<div dir=\"auto\"><\/div>\n<div dir=\"auto\">A mesa de autoridades foi composta pelo prefeito municipal Juvenal Consolaro, pela presidente da C\u00e2mara, vereadora Fl\u00e1via Bravo, secret\u00e1rio municipal de Sa\u00fade Pedro Ubilai, presidente do Conselho Municipal de Sa\u00fade de Figueir\u00e3o, Dr. Luis Felipe de Oliveira, Lucas Ten\u00f3rio Maia &#8211; Conselheiro Municipal de Sa\u00fade e Docente das Faculdades Integradas de Cassil\u00e2ndia e Maria Ant\u00f4nia Concei\u00e7\u00e3o de Souza Kuedig &#8211; Coordenadora Estadual de Plen\u00e1rias de Conselhos de Sa\u00fade\/CES\/MS.<\/div>\n<div dir=\"auto\"><\/div>\n<div dir=\"auto\">Houve duas apresenta\u00e7\u00f5es culturais, dos m\u00fasicos Jo\u00e3o Melqu\u00edades com sua Harpa artesanal, acompanhado pelo violonista Manuel da Rocha e tamb\u00e9m do maestro Ronildo dos Santos que executou um solo de Sax com a m\u00fasica \u201cSem limites pr\u00e1 sonhar\u201d, do cantor e compositor F\u00e1bio Jr.<\/div>\n<div dir=\"auto\">Logo ap\u00f3s a parte cultural, aconteceram duas palestras sobre o tema \u201cSUS, amanh\u00e3 vai ser outro dia para as pessoas\u201d, proferidas pelos palestrantes Lucas Ten\u00f3rio Maia e Maria Ant\u00f4nia Concei\u00e7\u00e3o de Souza Kuedig.<\/div>\n<div dir=\"auto\"><\/div>\n<div dir=\"auto\">Lucas Ten\u00f3rio Maia \u00e9 Enfermeiro pela UFMS com especializa\u00e7\u00e3o em Sa\u00fade P\u00fablica, e sua palestra teve dois Eixos Tem\u00e1ticos: I \u2013 O Brasil que temos\/o Brasil que queremos; e IV- Amanh\u00e3 vai ser outro dia para todas as pessoas.<\/div>\n<div dir=\"auto\"><\/div>\n<div dir=\"auto\">Maria Ant\u00f4nia Concei\u00e7\u00e3o de Souza Kuedig \u00e9 Presidente do Conselho Municipal de Sa\u00fade de Maracaj\u00fa e Membro-Coordenadora Estadual de Plen\u00e1rias de Conselho de Sa\u00fade\/CES\/MS, e sua palestra teve dois Eixos Tem\u00e1ticos: III \u2013 Garantir Direitos e Defender o SUS, A Vida e a Democracia; e II \u2013 O Papel do Controle Social e dos Movimentos Sociais para salvar vidas.<\/div>\n<div dir=\"auto\"><\/div>\n<div dir=\"auto\">O evento foi apresentado pela assistente social Olegna Andrea da Silva, Coordenadora de Projetos Sociais em Sa\u00fade P\u00fablica.<\/div>\n<div dir=\"auto\">Ao final, foram elaboradas e votadas em plen\u00e1ria 24 propostas que ser\u00e3o encaminhadas para a 10\u00aa Confer\u00eancia Estadual de Sa\u00fade, que acontecer\u00e1 nos dias 25 e 26 de maio, em Campo Grande, e escolhidos quatro delegados e quatro suplentes para essa confer\u00eancia.<\/div>\n<div dir=\"auto\"><\/div>\n<div dir=\"auto\">A confer\u00eancia foi aberta para toda popula\u00e7\u00e3o, e contou com a presen\u00e7a das seguintes autoridades locais: prefeito Juvenal Consolaro e primeira-dama Elenir Pereira, Vice-prefeito Jorge Roberto Mortari, Procurador Jur\u00eddico do Munic\u00edpio, Dr. Amilton Pl\u00e1cido da Rosa, chefe de Gabinete Marinalva Paniago, secret\u00e1rio municipal de Sa\u00fade Pedro Ubiali, presidente do Conselho Municipal de Sa\u00fade de Figueir\u00e3o, Dr. Luis Felipe de Oliveira, secret\u00e1rio municipal de Gest\u00e3o e Desenvolvimento, Francisco J\u00fanior, Comandante da PM Sargento Hernandes e SD-PM Camargo.<\/div>\n<div dir=\"auto\"><\/div>\n<div dir=\"auto\">Tamb\u00e9m presentes: o historiador de Figueir\u00e3o Admar de Ara\u00fajo, Ordiley Furtado, presidente do sindicato dos servidores p\u00fablicos municipais de Figueir\u00e3o, empres\u00e1rio Wilson Fonseca, membro do CMS, Eliane da Cruz, membro do CMS, Antonio Nahban, presidente do Sindicato Rural de Figueir\u00e3o, Josiane Nogueira, coordenadora do Setor de Endemias e Ivan Moreira Lima, agente de endemias, entre outros, usu\u00e1rios e gestores do SUS no Munic\u00edpio.<\/div>\n<div dir=\"auto\">\n<figure id=\"attachment_235148\" aria-describedby=\"caption-attachment-235148\" style=\"width: 1224px\" class=\"wp-caption alignnone\"><a href=\"https:\/\/www.ocorreionews.com.br\/acervo-correio\/wp-content\/uploads\/2023\/03\/conferencia-saude.jpg\"><img loading=\"lazy\" decoding=\"async\" class=\"size-full wp-image-235148\" src=\"https:\/\/www.ocorreionews.com.br\/acervo-correio\/wp-content\/uploads\/2023\/03\/conferencia-saude.jpg\" alt=\"\" width=\"1224\" height=\"812\" srcset=\"https:\/\/www.ocorreionews.com.br\/acervo-correio\/wp-content\/uploads\/2023\/03\/conferencia-saude.jpg 1224w, https:\/\/www.ocorreionews.com.br\/acervo-correio\/wp-content\/uploads\/2023\/03\/conferencia-saude-300x199.jpg 300w, https:\/\/www.ocorreionews.com.br\/acervo-correio\/wp-content\/uploads\/2023\/03\/conferencia-saude-1024x679.jpg 1024w, https:\/\/www.ocorreionews.com.br\/acervo-correio\/wp-content\/uploads\/2023\/03\/conferencia-saude-768x509.jpg 768w\" sizes=\"auto, (max-width: 1224px) 100vw, 1224px\" \/><\/a><figcaption id=\"caption-attachment-235148\" class=\"wp-caption-text\">SONY DSC<\/figcaption><\/figure>\n<figure id=\"attachment_235149\" aria-describedby=\"caption-attachment-235149\" style=\"width: 1224px\" class=\"wp-caption alignnone\"><a href=\"https:\/\/www.ocorreionews.com.br\/acervo-correio\/wp-content\/uploads\/2023\/03\/conferencia-saude2.jpg\"><img loading=\"lazy\" decoding=\"async\" class=\"size-full wp-image-235149\" src=\"https:\/\/www.ocorreionews.com.br\/acervo-correio\/wp-content\/uploads\/2023\/03\/conferencia-saude2.jpg\" alt=\"\" width=\"1224\" height=\"812\" srcset=\"https:\/\/www.ocorreionews.com.br\/acervo-correio\/wp-content\/uploads\/2023\/03\/conferencia-saude2.jpg 1224w, https:\/\/www.ocorreionews.com.br\/acervo-correio\/wp-content\/uploads\/2023\/03\/conferencia-saude2-300x199.jpg 300w, https:\/\/www.ocorreionews.com.br\/acervo-correio\/wp-content\/uploads\/2023\/03\/conferencia-saude2-1024x679.jpg 1024w, https:\/\/www.ocorreionews.com.br\/acervo-correio\/wp-content\/uploads\/2023\/03\/conferencia-saude2-768x509.jpg 768w\" sizes=\"auto, (max-width: 1224px) 100vw, 1224px\" \/><\/a><figcaption id=\"caption-attachment-235149\" class=\"wp-caption-text\">SONY DSC<\/figcaption><\/figure>\n<figure id=\"attachment_235150\" aria-describedby=\"caption-attachment-235150\" style=\"width: 1224px\" class=\"wp-caption alignnone\"><a href=\"https:\/\/www.ocorreionews.com.br\/acervo-correio\/wp-content\/uploads\/2023\/03\/conferencia-saude3.jpg\"><img loading=\"lazy\" decoding=\"async\" class=\"size-full wp-image-235150\" src=\"https:\/\/www.ocorreionews.com.br\/acervo-correio\/wp-content\/uploads\/2023\/03\/conferencia-saude3.jpg\" alt=\"\" width=\"1224\" height=\"812\" srcset=\"https:\/\/www.ocorreionews.com.br\/acervo-correio\/wp-content\/uploads\/2023\/03\/conferencia-saude3.jpg 1224w, https:\/\/www.ocorreionews.com.br\/acervo-correio\/wp-content\/uploads\/2023\/03\/conferencia-saude3-300x199.jpg 300w, https:\/\/www.ocorreionews.com.br\/acervo-correio\/wp-content\/uploads\/2023\/03\/conferencia-saude3-1024x679.jpg 1024w, https:\/\/www.ocorreionews.com.br\/acervo-correio\/wp-content\/uploads\/2023\/03\/conferencia-saude3-768x509.jpg 768w\" sizes=\"auto, (max-width: 1224px) 100vw, 1224px\" \/><\/a><figcaption id=\"caption-attachment-235150\" class=\"wp-caption-text\">SONY DSC<\/figcaption><\/figure>\n<\/div>\n<p>&nbsp;<\/p>\n<p>&nbsp;<\/p>\n<div dir=\"auto\">Fonte\/Fotos: Assecom\/PMFigueir\u00e3o \u2013 Rubem Vasconcellos<\/div>\n","protected":false},"excerpt":{"rendered":"<p>A Prefeitura Municipal e o Conselho Municipal de Sa\u00fade de Figueir\u00e3o, em parceria com a Secretaria de Sa\u00fade, realizou, a 5\u00aa Confer\u00eancia Municipal de Sa\u00fade de Figueir\u00e3o, no plen\u00e1rio da C\u00e2mara Municipal, das 07h \u00e0s 17h, com o objetivo de revis\u00e3o do Plano Municipal de Sa\u00fade de Figueir\u00e3o 2022\/2025. Os resultados das resolu\u00e7\u00f5es propostas e [&hellip;]<\/p>\n","protected":false},"author":4,"featured_media":235148,"comment_status":"closed","ping_status":"closed","sticky":false,"template":"","format":"standard","meta":{"footnotes":""},"categories":[30],"tags":[],"class_list":["post-235145","post","type-post","status-publish","format-standard","has-post-thumbnail","hentry","category-figueirao"],"_links":{"self":[{"href":"https:\/\/www.ocorreionews.com.br\/acervo-correio\/index.php?rest_route=\/wp\/v2\/posts\/235145","targetHints":{"allow":["GET"]}}],"collection":[{"href":"https:\/\/www.ocorreionews.com.br\/acervo-correio\/index.php?rest_route=\/wp\/v2\/posts"}],"about":[{"href":"https:\/\/www.ocorreionews.com.br\/acervo-correio\/index.php?rest_route=\/wp\/v2\/types\/post"}],"author":[{"embeddable":true,"href":"https:\/\/www.ocorreionews.com.br\/acervo-correio\/index.php?rest_route=\/wp\/v2\/users\/4"}],"replies":[{"embeddable":true,"href":"https:\/\/www.ocorreionews.com.br\/acervo-correio\/index.php?rest_route=%2Fwp%2Fv2%2Fcomments&post=235145"}],"version-history":[{"count":1,"href":"https:\/\/www.ocorreionews.com.br\/acervo-correio\/index.php?rest_route=\/wp\/v2\/posts\/235145\/revisions"}],"predecessor-version":[{"id":235152,"href":"https:\/\/www.ocorreionews.com.br\/acervo-correio\/index.php?rest_route=\/wp\/v2\/posts\/235145\/revisions\/235152"}],"wp:featuredmedia":[{"embeddable":true,"href":"https:\/\/www.ocorreionews.com.br\/acervo-correio\/index.php?rest_route=\/wp\/v2\/media\/235148"}],"wp:attachment":[{"href":"https:\/\/www.ocorreionews.com.br\/acervo-correio\/index.php?rest_route=%2Fwp%2Fv2%2Fmedia&parent=235145"}],"wp:term":[{"taxonomy":"category","embeddable":true,"href":"https:\/\/www.ocorreionews.com.br\/acervo-correio\/index.php?rest_route=%2Fwp%2Fv2%2Fcategories&post=235145"},{"taxonomy":"post_tag","embeddable":true,"href":"https:\/\/www.ocorreionews.com.br\/acervo-correio\/index.php?rest_route=%2Fwp%2Fv2%2Ftags&post=235145"}],"curies":[{"name":"wp","href":"https:\/\/api.w.org\/{rel}","templated":true}]}}