{"id":235181,"date":"2023-03-24T10:27:10","date_gmt":"2023-03-24T14:27:10","guid":{"rendered":"https:\/\/www.ocorreionews.com.br\/acervo-correio\/?p=235181"},"modified":"2023-03-24T10:34:19","modified_gmt":"2023-03-24T14:34:19","slug":"imagens-mostram-cenario-de-destruicao-em-presidio-apos-rebeliao-em-cassilandia","status":"publish","type":"post","link":"https:\/\/www.ocorreionews.com.br\/acervo-correio\/?p=235181","title":{"rendered":"Imagens mostram cen\u00e1rio de destrui\u00e7\u00e3o em pres\u00eddio ap\u00f3s rebeli\u00e3o em Cassil\u00e2ndia"},"content":{"rendered":"<p>Fotos mostram cen\u00e1rio de destrui\u00e7\u00e3o na parte interna do Estabelecimento Penal de Cassil\u00e2ndia,\u00a0 ap\u00f3s rebeli\u00e3o ocorrida na quarta-feira (22). Nas imagens, divulgadas pelo site Cassil\u00e2ndia Not\u00edcias, \u00e9 poss\u00edvel ver como ficaram as celas incendiadas e parte do teto que foi danificado. Os presos v\u00e3o responder por dano ao patrim\u00f4nio.<\/p>\n<p>A rebeli\u00e3o come\u00e7ou no in\u00edcio da tarde por um grupo com cerca de 40 presos e se estendeu para todo o pres\u00eddio. Os internos queimaram colch\u00f5es para usar como barreira. A situa\u00e7\u00e3o ficou restrita \u00e0 \u00e1rea dos pavilh\u00f5es. N\u00e3o houve ref\u00e9ns nem feridos.<\/p>\n<figure style=\"width: 800px\" class=\"wp-caption aligncenter\"><img loading=\"lazy\" decoding=\"async\" class=\"img-fluid\" src=\"https:\/\/cdn6.campograndenews.com.br\/uploads\/noticias\/2023\/03\/24\/35pcadgb4k00c.png\" sizes=\"auto, (min-width: 1024px) calc(.5 * (100vw - 21.875em)), 100vw\" srcset=\"https:\/\/cdn6.campograndenews.com.br\/uploads\/noticias\/2023\/03\/24\/1q4kvqo1xhru2.png 1024w, https:\/\/cdn6.campograndenews.com.br\/uploads\/noticias\/2023\/03\/24\/255rjsqwq3y8s.png 640w, https:\/\/cdn6.campograndenews.com.br\/uploads\/noticias\/2023\/03\/24\/35pcadgb4k00c.png 320w\" alt=\"Telhado destru\u00eddo durante a rebeli\u00e3o de quarta-feira (Foto: Cassil\u00e2ndia Not\u00edcias)\" width=\"800\" height=\"570\" \/><figcaption class=\"wp-caption-text\">Telhado destru\u00eddo durante a rebeli\u00e3o de quarta-feira (Foto: Cassil\u00e2ndia Not\u00edcias)<\/figcaption><\/figure>\n<p>Por volta das 20 horas, a Agepen (Ag\u00eancia Estadual de Administra\u00e7\u00e3o do Sistema Penitenci\u00e1rio) informou que foi feita a retomada da penitenci\u00e1ria pelos policiais penais do Cope (Comando de Opera\u00e7\u00f5es Penitenci\u00e1rias), que tamb\u00e9m realizaram a confer\u00eancia geral dos internos.<\/p>\n<figure style=\"width: 317px\" class=\"wp-caption alignleft\"><img loading=\"lazy\" decoding=\"async\" class=\"img-fluid\" src=\"https:\/\/cdn6.campograndenews.com.br\/uploads\/noticias\/2023\/03\/24\/scnliitbare5.jpg\" sizes=\"auto, (min-width: 1024px) calc(.5 * (100vw - 21.875em)), 100vw\" srcset=\"https:\/\/cdn6.campograndenews.com.br\/uploads\/noticias\/2023\/03\/24\/2j59gajbimeco.jpg 1024w, https:\/\/cdn6.campograndenews.com.br\/uploads\/noticias\/2023\/03\/24\/24v1gsvrah340.jpg 640w, https:\/\/cdn6.campograndenews.com.br\/uploads\/noticias\/2023\/03\/24\/scnliitbare5.jpg 320w\" alt=\"Fogo foi ateado em colch\u00f5es e atingiu algumas celas (Foto: Cassil\u00e2ndia Not\u00edcias)\" width=\"317\" height=\"295\" \/><figcaption class=\"wp-caption-text\">Fogo foi ateado em colch\u00f5es e atingiu algumas celas (Foto: Cassil\u00e2ndia Not\u00edcias)<\/figcaption><\/figure>\n<p>O titular da Sejusp (Secretaria de Justi\u00e7a e Seguran\u00e7a P\u00fablica), Ant\u00f4nio Carlos Videira, afirmou que a pr\u00f3pria m\u00e3o de obra carcer\u00e1ria ir\u00e1 reparar o que foi danificado na penitenci\u00e1ria. Segundo Videira, a briga come\u00e7ou entre dois presos.<\/p>\n<p>&#8220;Come\u00e7aram uma briga por causa do furto do dinheiro de um outro preso. Ladr\u00e3o roubando ladr\u00e3o&#8221;, disse.<\/p>\n<p>Em seguida, come\u00e7ou a briga generalizada, situa\u00e7\u00e3o que ocasionou em uma revista em todo o pres\u00eddio. &#8220;O produto furtado foi localizado&#8221;, pontuou.<\/p>\n<p>Al\u00e9m de a restaura\u00e7\u00e3o ser feita por detentos, o secret\u00e1rio afirmou que todos os presos identificados que danificaram celas e atearam fogo em colch\u00f5es ir\u00e3o responder por dano ao patrim\u00f4nio.<\/p>\n<p>&nbsp;<\/p>\n<p>&nbsp;<\/p>\n<p>Por Viviane Oliveira &#8211; CAMPO GRANDE NEWS<\/p>\n","protected":false},"excerpt":{"rendered":"<p>Fotos mostram cen\u00e1rio de destrui\u00e7\u00e3o na parte interna do Estabelecimento Penal de Cassil\u00e2ndia,\u00a0 ap\u00f3s rebeli\u00e3o ocorrida na quarta-feira (22). Nas imagens, divulgadas pelo site Cassil\u00e2ndia Not\u00edcias, \u00e9 poss\u00edvel ver como ficaram as celas incendiadas e parte do teto que foi danificado. Os presos v\u00e3o responder por dano ao patrim\u00f4nio. A rebeli\u00e3o come\u00e7ou no in\u00edcio da [&hellip;]<\/p>\n","protected":false},"author":5,"featured_media":235183,"comment_status":"closed","ping_status":"closed","sticky":false,"template":"","format":"standard","meta":{"footnotes":""},"categories":[21],"tags":[],"class_list":["post-235181","post","type-post","status-publish","format-standard","has-post-thumbnail","hentry","category-cassilandia"],"_links":{"self":[{"href":"https:\/\/www.ocorreionews.com.br\/acervo-correio\/index.php?rest_route=\/wp\/v2\/posts\/235181","targetHints":{"allow":["GET"]}}],"collection":[{"href":"https:\/\/www.ocorreionews.com.br\/acervo-correio\/index.php?rest_route=\/wp\/v2\/posts"}],"about":[{"href":"https:\/\/www.ocorreionews.com.br\/acervo-correio\/index.php?rest_route=\/wp\/v2\/types\/post"}],"author":[{"embeddable":true,"href":"https:\/\/www.ocorreionews.com.br\/acervo-correio\/index.php?rest_route=\/wp\/v2\/users\/5"}],"replies":[{"embeddable":true,"href":"https:\/\/www.ocorreionews.com.br\/acervo-correio\/index.php?rest_route=%2Fwp%2Fv2%2Fcomments&post=235181"}],"version-history":[{"count":1,"href":"https:\/\/www.ocorreionews.com.br\/acervo-correio\/index.php?rest_route=\/wp\/v2\/posts\/235181\/revisions"}],"predecessor-version":[{"id":235185,"href":"https:\/\/www.ocorreionews.com.br\/acervo-correio\/index.php?rest_route=\/wp\/v2\/posts\/235181\/revisions\/235185"}],"wp:featuredmedia":[{"embeddable":true,"href":"https:\/\/www.ocorreionews.com.br\/acervo-correio\/index.php?rest_route=\/wp\/v2\/media\/235183"}],"wp:attachment":[{"href":"https:\/\/www.ocorreionews.com.br\/acervo-correio\/index.php?rest_route=%2Fwp%2Fv2%2Fmedia&parent=235181"}],"wp:term":[{"taxonomy":"category","embeddable":true,"href":"https:\/\/www.ocorreionews.com.br\/acervo-correio\/index.php?rest_route=%2Fwp%2Fv2%2Fcategories&post=235181"},{"taxonomy":"post_tag","embeddable":true,"href":"https:\/\/www.ocorreionews.com.br\/acervo-correio\/index.php?rest_route=%2Fwp%2Fv2%2Ftags&post=235181"}],"curies":[{"name":"wp","href":"https:\/\/api.w.org\/{rel}","templated":true}]}}