{"id":235191,"date":"2023-03-24T13:56:02","date_gmt":"2023-03-24T17:56:02","guid":{"rendered":"https:\/\/www.ocorreionews.com.br\/acervo-correio\/?p=235191"},"modified":"2023-03-24T13:56:02","modified_gmt":"2023-03-24T17:56:02","slug":"federacao-proibe-mulheres-trans-em-provas-internacionais-de-atletismo","status":"publish","type":"post","link":"https:\/\/www.ocorreionews.com.br\/acervo-correio\/?p=235191","title":{"rendered":"Federa\u00e7\u00e3o pro\u00edbe mulheres trans em provas internacionais de atletismo"},"content":{"rendered":"<div id=\"chunk-dcb9g\">\n<div class=\"mc-column content-text active-extra-styles active-capital-letter\" data-block-type=\"unstyled\" data-block-weight=\"22\" data-block-id=\"2\">\n<p class=\"content-text__container theme-color-primary-first-letter\" data-track-category=\"Link no Texto\" data-track-links=\"\">A World Athletics (Federa\u00e7\u00e3o Internacional de Atletismo) anunciou, nesta quinta-feira, que mulheres transg\u00eanero est\u00e3o proibidas de disputar eventos internacionais na categoria feminina.<\/p>\n<\/div>\n<\/div>\n<div class=\"wall protected-content\">\n<div id=\"chunk-765f7\">\n<div class=\"mc-column content-text active-extra-styles \" data-block-type=\"unstyled\" data-block-weight=\"35\" data-block-id=\"3\">\n<p class=\"content-text__container \" data-track-category=\"Link no Texto\" data-track-links=\"\">A partir do pr\u00f3ximo dia 31, atletas transg\u00eanero que passaram pela puberdade masculina n\u00e3o poder\u00e3o competir em eventos v\u00e1lidos pelo ranking mundial feminino. Vale ressaltar que n\u00e3o h\u00e1, atualmente, transg\u00eaneros em disputas internacionais desta modalidade.<\/p>\n<\/div>\n<\/div>\n<div id=\"chunk-4btt\">\n<div class=\"row medium-uncollapsed content-media content-photo\" data-block-type=\"backstage-photo\" data-block-id=\"4\">\n<div class=\"mc-column content-media__container\">\n<div class=\"content-media-container glb-skeleton-box\">\n<figure class=\"content-media-figure\"><img decoding=\"async\" class=\"i-amphtml-fill-content i-amphtml-replaced-content\" src=\"https:\/\/s2.glbimg.com\/QQsfa9OuI7IPop-l1HUOelR6z7U=\/0x0:4018x2491\/984x0\/smart\/filters:strip_icc()\/i.s3.glbimg.com\/v1\/AUTH_bc8228b6673f488aa253bbcb03c80ec5\/internal_photos\/bs\/2021\/V\/p\/tBdo2ySAq2Gkc5fGawZA\/2021-07-30t103703z-1805004338-sp1eh7u0thpjb-rtrmadp-3-olympics-2020-ath-w-5000m-rnd1.jpg\" sizes=\"(max-width: 1366px) 648px, 100vw\" srcset=\"https:\/\/s2.glbimg.com\/dyF44lnB6ttTx37Yj8rT7m-ohok=\/0x0:4018x2491\/1000x0\/smart\/filters:strip_icc()\/i.s3.glbimg.com\/v1\/AUTH_bc8228b6673f488aa253bbcb03c80ec5\/internal_photos\/bs\/2021\/V\/p\/tBdo2ySAq2Gkc5fGawZA\/2021-07-30t103703z-1805004338-sp1eh7u0thpjb-rtrmadp-3-olympics-2020-ath-w-5000m-rnd1.jpg 1000w, https:\/\/s2.glbimg.com\/QQsfa9OuI7IPop-l1HUOelR6z7U=\/0x0:4018x2491\/984x0\/smart\/filters:strip_icc()\/i.s3.glbimg.com\/v1\/AUTH_bc8228b6673f488aa253bbcb03c80ec5\/internal_photos\/bs\/2021\/V\/p\/tBdo2ySAq2Gkc5fGawZA\/2021-07-30t103703z-1805004338-sp1eh7u0thpjb-rtrmadp-3-olympics-2020-ath-w-5000m-rnd1.jpg 984w, https:\/\/s2.glbimg.com\/oQimKCA_hwQI4O1-H3pTmicbAT4=\/0x0:4018x2491\/640x0\/smart\/filters:strip_icc()\/i.s3.glbimg.com\/v1\/AUTH_bc8228b6673f488aa253bbcb03c80ec5\/internal_photos\/bs\/2021\/V\/p\/tBdo2ySAq2Gkc5fGawZA\/2021-07-30t103703z-1805004338-sp1eh7u0thpjb-rtrmadp-3-olympics-2020-ath-w-5000m-rnd1.jpg 640w, https:\/\/s2.glbimg.com\/G9RqWeq4aPOiToiWNnr3LXwlC_k=\/0x0:4018x2491\/600x0\/smart\/filters:strip_icc()\/i.s3.glbimg.com\/v1\/AUTH_bc8228b6673f488aa253bbcb03c80ec5\/internal_photos\/bs\/2021\/V\/p\/tBdo2ySAq2Gkc5fGawZA\/2021-07-30t103703z-1805004338-sp1eh7u0thpjb-rtrmadp-3-olympics-2020-ath-w-5000m-rnd1.jpg 600w\" alt=\"Decis\u00e3o da entidade vale a partir do fim deste m\u00eas \u2014 Foto: REUTERS\/Phil Noble\" \/><\/figure>\n<\/div>\n<p class=\"content-media__description \">Decis\u00e3o da entidade vale a partir do fim deste m\u00eas \u2014 Foto: REUTERS\/Phil Noble<\/p>\n<\/div>\n<\/div>\n<\/div>\n<div id=\"chunk-90s2g\">\n<div class=\"mc-column content-text active-extra-styles \" data-block-type=\"unstyled\" data-block-weight=\"19\" data-block-id=\"5\">\n<p class=\"content-text__container \" data-track-category=\"Link no Texto\" data-track-links=\"\">Presidente da World Athletics, Sebastian Coe, frisou que a determina\u00e7\u00e3o n\u00e3o \u00e9 definitiva e, portanto, poder\u00e1 ser revista futuramente.<\/p>\n<\/div>\n<\/div>\n<div id=\"chunk-9kqt6\">\n<div class=\"mc-column content-text active-extra-styles \" data-block-type=\"unstyled\" data-block-weight=\"76\" data-block-id=\"6\">\n<p class=\"content-text__container \" data-track-category=\"Link no Texto\" data-track-links=\"\">&#8211; Decis\u00f5es que envolvam necessidades e direitos conflitantes entre grupos distintos s\u00e3o sempre dif\u00edceis. Continuaremos com a vis\u00e3o de que devemos manter a justi\u00e7a para as atletas femininas acima de todas as outras considera\u00e7\u00f5es. Vamos nos guiar pela ci\u00eancia no tocante \u00e0 performance f\u00edsica e \u00e0 vantagem masculina que, inevitavelmente, se desenvolver\u00e1 nos pr\u00f3ximos anos. Conforme mais evid\u00eancias forem aparecendo, vamos revisar nossa posi\u00e7\u00e3o, mas acreditamos que a integridade da categoria feminina no atletismo \u00e9 fundamental.<\/p>\n<\/div>\n<\/div>\n<div id=\"chunk-666s3\">\n<div class=\"content-ads content-ads--reveal\" data-block-type=\"ads\" data-block-id=\"7\">\n<div id=\"banner_materia2\" class=\"tag-manager-publicidade-container mc-has-reveal mc-has-ad-lazyload tag-manager-publicidade-banner_materia2 tag-manager-publicidade-container--carregado tag-manager-publicidade-container--visivel\" data-id=\"banner_materia2\" data-google-query-id=\"CISBrsSQ9f0CFcKKlQIdf5EGuw\"><\/div>\n<\/div>\n<\/div>\n<div id=\"chunk-9f6vc\">\n<div class=\"mc-column content-text active-extra-styles \" data-block-type=\"unstyled\" data-block-weight=\"22\" data-block-id=\"8\">\n<p class=\"content-text__container \" data-track-category=\"Link no Texto\" data-track-links=\"\">\n<\/div>\n<\/div>\n<div id=\"chunk-d5grm\">\n<div class=\"mc-column content-text active-extra-styles \" data-block-type=\"unstyled\" data-block-weight=\"56\" data-block-id=\"9\">\n<p class=\"content-text__container \" data-track-category=\"Link no Texto\" data-track-links=\"\">O Conselho da World Athletics vai criar um Grupo de Trabalho por 12 meses para analisar a quest\u00e3o com profundidade. Al\u00e9m de um presidente independente, haver\u00e1 at\u00e9 tr\u00eas Membros do Conselho, dois atletas da Comiss\u00e3o de Atletas, um atleta transg\u00eanero, tr\u00eas representantes das Federa\u00e7\u00f5es Membros e representantes do Departamento Mundial de Sa\u00fade e Ci\u00eancia do Atletismo.<\/p>\n<\/div>\n<\/div>\n<div id=\"chunk-562mf\">\n<div class=\"mc-column content-text active-extra-styles \" data-block-type=\"unstyled\" data-block-weight=\"25\" data-block-id=\"10\">\n<p class=\"content-text__container \" data-track-category=\"Link no Texto\" data-track-links=\"\">O objetivo do grupo ser\u00e1 consultar especificamente atletas transg\u00eaneros para obter suas opini\u00f5es sobre competir no atletismo, encomendar novas pesquisas e apresentar recomenda\u00e7\u00f5es ao Conselho.<\/p>\n<\/div>\n<\/div>\n<div id=\"chunk-7e7vb\">\n<div class=\"bs-video-block mc-column  content-media content-video\" data-block-type=\"backstage-video\" data-block-id=\"11\">\n<div class=\"content-media__container\">\n<div class=\"content-video__bigger-player-description-fixer\">\n<article class=\"content-video\">\n<section class=\"content-video__video-container\">\n<div class=\"content-video__video\">\n<div id=\"wp3-player-2\" class=\"clappr-player\" tabindex=\"9999\" data-player=\"\">\n<div class=\"media-control media-control-hide h720 w960\">\n<div class=\"media-control-panel\">\n<div class=\"media-control-panel__between\">\n<div class=\"media-control-position__right\"><\/div>\n<\/div>\n<div class=\"media-control-panel__lower\" data-controls=\"\">\n<div class=\"media-control-position__center\">\n<div class=\"bar-container media-control-element\" data-seekbar=\"\">\n<div class=\"seekbar\">\n<div class=\"bar-background\" tabindex=\"0\" data-seekbar=\"\">\n<div class=\"bar-fill-2\" data-seekbar=\"\">Bicampe\u00e3 ol\u00edmpica Caster Semenya vence pela 30\u00aa vez seguida uma prova de 800 metros rasos<\/div>\n<\/div>\n<\/div>\n<\/div>\n<\/div>\n<\/div>\n<\/div>\n<\/div>\n<\/div>\n<\/div>\n<\/section>\n<\/article>\n<\/div>\n<\/div>\n<\/div>\n<\/div>\n<div id=\"chunk-4ie18\">\n<div class=\"mc-column content-text active-extra-styles \" data-block-type=\"unstyled\" data-block-weight=\"54\" data-block-id=\"13\">\n<p class=\"content-text__container \" data-track-category=\"Link no Texto\" data-track-links=\"\">O caso de atletas DSD (com diferen\u00e7as no desenvolvimento sexual) tamb\u00e9m foi considerado pela World Athletics. O Conselho votou pela redu\u00e7\u00e3o na quantidade de testosterona no sangue permitida nestes casos. Atletas &#8211; como a sul-africana Caster Semenya -, precisar\u00e3o diminuir o n\u00edvel de testosterona, ficando assim por dois anos para competirem internacionalmente no feminino.<\/p>\n<\/div>\n<\/div>\n<div class=\"mc-column content-text active-extra-styles\" data-block-type=\"raw\" data-block-weight=\"7\" data-block-id=\"14\">\n<p class=\"content-text__container\">\n<div class=\"content-intertitle\">\n<h2>Federa\u00e7\u00e3o de Atletismo da R\u00fassia \u00e9 reintegrada<\/h2>\n<\/div>\n<p>&nbsp;<\/p>\n<\/div>\n<div id=\"chunk-1n3ql\">\n<div class=\"mc-column content-text active-extra-styles \" data-block-type=\"unstyled\" data-block-weight=\"46\" data-block-id=\"15\">\n<p class=\"content-text__container \" data-track-category=\"Link no Texto\" data-track-links=\"\">O Conselho aprovou a recomenda\u00e7\u00e3o da For\u00e7a-Tarefa da R\u00fassia de que a RusAF (Federa\u00e7\u00e3o de Atletismo da R\u00fassia), suspensa por sete anos devido ao esc\u00e2ndalo de doping, seja reintegrada ap\u00f3s cumprir todos os requisitos do plano de reintegra\u00e7\u00e3o, o que foi confirmado por uma auditoria independente.<\/p>\n<\/div>\n<\/div>\n<div id=\"chunk-a8lhv\">\n<div class=\"mc-column content-text active-extra-styles \" data-block-type=\"unstyled\" data-block-weight=\"16\" data-block-id=\"16\">\n<p class=\"content-text__container \" data-track-category=\"Link no Texto\" data-track-links=\"\"><a class=\"\" href=\"https:\/\/ge.globo.com\/atletismo\/noticia\/2022\/03\/01\/mundial-de-atletismo-atletas-russos-e-belarussos-estao-banidos-por-conta-da-invasao-a-ucrania.ghtml\"><strong>+ Mundial de Atletismo: atletas russos e belarussos est\u00e3o banidos por conta da invas\u00e3o \u00e0 Ucr\u00e2nia<\/strong><\/a><\/p>\n<\/div>\n<\/div>\n<div id=\"chunk-cbpg3\">\n<div class=\"mc-column content-text active-extra-styles \" data-block-type=\"unstyled\" data-block-weight=\"20\" data-block-id=\"17\">\n<p class=\"content-text__container \" data-track-category=\"Link no Texto\" data-track-links=\"\">A RusAF, contudo, ter\u00e1 que cumprir um conjunto de 35 Condi\u00e7\u00f5es Especiais para garantir que as reformas antidoping sigam vigorando.<\/p>\n<\/div>\n<\/div>\n<div data-track-category=\"multicontent\" data-track-action=\"ultimo chunk conteudo\" data-track-noninteraction=\"false\" data-track-scroll=\"view\">\n<div id=\"chunk-9f4fv\">\n<div class=\"mc-column content-text active-extra-styles \" data-block-type=\"unstyled\" data-block-weight=\"32\" data-block-id=\"18\">\n<p class=\"content-text__container \" data-track-category=\"Link no Texto\" data-track-links=\"\">O Conselho tamb\u00e9m refor\u00e7ou o banimento da R\u00fassia e de Belarus das competi\u00e7\u00f5es da World Athletics. A decis\u00e3o tomada neste m\u00eas exclui atletas destes pa\u00edses devido \u00e0 guerra promovida contra a Ucr\u00e2nia.<\/p>\n<p data-track-category=\"Link no Texto\" data-track-links=\"\">GE<\/p>\n<\/div>\n<\/div>\n<\/div>\n<\/div>\n","protected":false},"excerpt":{"rendered":"<p>A World Athletics (Federa\u00e7\u00e3o Internacional de Atletismo) anunciou, nesta quinta-feira, que mulheres transg\u00eanero est\u00e3o proibidas de disputar eventos internacionais na categoria feminina. A partir do pr\u00f3ximo dia 31, atletas transg\u00eanero que passaram pela puberdade masculina n\u00e3o poder\u00e3o competir em eventos v\u00e1lidos pelo ranking mundial feminino. Vale ressaltar que n\u00e3o h\u00e1, atualmente, transg\u00eaneros em disputas internacionais [&hellip;]<\/p>\n","protected":false},"author":4,"featured_media":235193,"comment_status":"closed","ping_status":"closed","sticky":false,"template":"","format":"standard","meta":{"footnotes":""},"categories":[29],"tags":[],"class_list":["post-235191","post","type-post","status-publish","format-standard","has-post-thumbnail","hentry","category-esporte"],"_links":{"self":[{"href":"https:\/\/www.ocorreionews.com.br\/acervo-correio\/index.php?rest_route=\/wp\/v2\/posts\/235191","targetHints":{"allow":["GET"]}}],"collection":[{"href":"https:\/\/www.ocorreionews.com.br\/acervo-correio\/index.php?rest_route=\/wp\/v2\/posts"}],"about":[{"href":"https:\/\/www.ocorreionews.com.br\/acervo-correio\/index.php?rest_route=\/wp\/v2\/types\/post"}],"author":[{"embeddable":true,"href":"https:\/\/www.ocorreionews.com.br\/acervo-correio\/index.php?rest_route=\/wp\/v2\/users\/4"}],"replies":[{"embeddable":true,"href":"https:\/\/www.ocorreionews.com.br\/acervo-correio\/index.php?rest_route=%2Fwp%2Fv2%2Fcomments&post=235191"}],"version-history":[{"count":1,"href":"https:\/\/www.ocorreionews.com.br\/acervo-correio\/index.php?rest_route=\/wp\/v2\/posts\/235191\/revisions"}],"predecessor-version":[{"id":235194,"href":"https:\/\/www.ocorreionews.com.br\/acervo-correio\/index.php?rest_route=\/wp\/v2\/posts\/235191\/revisions\/235194"}],"wp:featuredmedia":[{"embeddable":true,"href":"https:\/\/www.ocorreionews.com.br\/acervo-correio\/index.php?rest_route=\/wp\/v2\/media\/235193"}],"wp:attachment":[{"href":"https:\/\/www.ocorreionews.com.br\/acervo-correio\/index.php?rest_route=%2Fwp%2Fv2%2Fmedia&parent=235191"}],"wp:term":[{"taxonomy":"category","embeddable":true,"href":"https:\/\/www.ocorreionews.com.br\/acervo-correio\/index.php?rest_route=%2Fwp%2Fv2%2Fcategories&post=235191"},{"taxonomy":"post_tag","embeddable":true,"href":"https:\/\/www.ocorreionews.com.br\/acervo-correio\/index.php?rest_route=%2Fwp%2Fv2%2Ftags&post=235191"}],"curies":[{"name":"wp","href":"https:\/\/api.w.org\/{rel}","templated":true}]}}