{"id":235196,"date":"2023-03-24T14:29:12","date_gmt":"2023-03-24T18:29:12","guid":{"rendered":"https:\/\/www.ocorreionews.com.br\/acervo-correio\/?p=235196"},"modified":"2023-03-24T14:29:12","modified_gmt":"2023-03-24T18:29:12","slug":"paraiso-ordem-do-dia-da-reuniao-vereadores-do-dia-27","status":"publish","type":"post","link":"https:\/\/www.ocorreionews.com.br\/acervo-correio\/?p=235196","title":{"rendered":"Para\u00edso: Ordem do dia da reuni\u00e3o vereadores do dia 27"},"content":{"rendered":"<p>ORDEM DO DIA<\/p>\n<p>VII sess\u00e3o legislativa ordin\u00e1ria da c\u00e2mara municipal de Para\u00edso Das \u00c1guas\u00a0 27 de mar\u00e7o de 2023 \u00e0s 19:00 horas.<\/p>\n<p>&nbsp;<\/p>\n<p>&#8211; projeto de lei n\u00ba 004, de 09 de mar\u00e7o de 2023, de autoria do poder executivo \u201crevoga a lei n\u00ba 397, de 25 de agosto de 2022, que disp\u00f5e sobre a gratifica\u00e7\u00e3o por produtividade para professores e equipe pedag\u00f3gica.\u201d Em primeira discuss\u00e3o.<\/p>\n<p>&nbsp;<\/p>\n<p>&#8211; projeto de lei n\u00ba 005, de 14 de mar\u00e7o de 2023, de autoria do poder executivo \u201caltera as leis municipais n\u00ba 367 de 24 de novembro de 2021 que disp\u00f5e sobre o ppa quadri\u00eanio 2022 a 2025 e lei municipal n\u00ba 396 de 29 de julho de 2022 que disp\u00f5e sobre a lei de diretrizes or\u00e7ament\u00e1rias para o exerc\u00edcio de 2023. Autoriza a abertura de cr\u00e9dito especial por super\u00e1vit financeiro com base no art. 43, par\u00e1grafo 1\u00ba, inciso i, e art. 41, inciso ii e autoriza o executivo municipal a efetuar repasse financeiro a aciaspa (associa\u00e7\u00e3o comercial, industrial, agr\u00edcola e de servi\u00e7os de para\u00edso das \u00e1guas).\u201d As comiss\u00f5es competentes para an\u00e1lise e parecer.<\/p>\n<p>&nbsp;<\/p>\n<p>&#8211; leitura de indica\u00e7\u00f5es<\/p>\n<p>&nbsp;<\/p>\n<p>Ver. Edson prechlak de lima\u00a0\u00a0\u00a0\u00a0 presidente<\/p>\n<p>&nbsp;<\/p>\n<p>Ver. Marcos a. Costa e silva<\/p>\n<p>&nbsp;<\/p>\n<p>1\u00ba secret\u00e1rio<\/p>\n<p>&nbsp;<\/p>\n<p>VIII sess\u00e3o legislativa ordin\u00e1ria da c\u00e2mara municipal de Para\u00edso das \u00c1guas\u00a0 27 de mar\u00e7o de 2023 \u00e0s 20:00 horas.<\/p>\n<p>&nbsp;<\/p>\n<p>&#8211; projeto de lei n\u00ba 004, de 09 de mar\u00e7o de 2023, de autoria do poder executivo \u201crevoga a lei n\u00ba 397, de 25 de agosto de 2022, que disp\u00f5e sobre a gratifica\u00e7\u00e3o por produtividade para professores e equipe pedag\u00f3gica.\u201d Em segunda discuss\u00e3o<\/p>\n<p>&nbsp;<\/p>\n<p>&#8211; projeto de lei n\u00ba 005, de 14 de mar\u00e7o de 2023, de autoria do poder executivo \u201caltera as leis municipais n\u00ba 367 de 24 de novembro de 2021 que disp\u00f5e sobre o ppa quadri\u00eanio 2022 a 2025 e lei municipal n\u00ba 396 de 29 de julho de 2022 que disp\u00f5e sobre a lei de diretrizes or\u00e7ament\u00e1rias para o exerc\u00edcio de 2023. Autoriza a abertura de cr\u00e9dito especial por super\u00e1vit financeiro com base no art. 43, par\u00e1grafo 1\u00ba, inciso i, e art. 41, inciso ii e autoriza o executivo municipal a efetuar repasse financeiro a ACIASPA (associa\u00e7\u00e3o comercial, industrial, agr\u00edcola e de servi\u00e7os de para\u00edso das \u00e1guas).\u201d Em primeira discuss\u00e3o.<\/p>\n<p>&nbsp;<\/p>\n<p>&#8211; mo\u00e7\u00e3o de pesar<\/p>\n<p>&nbsp;<\/p>\n<p>&#8211; leitura de indica\u00e7\u00f5es<\/p>\n<p>&nbsp;<\/p>\n<p>Ver. Edson prechlak de lima<\/p>\n<p>&nbsp;<\/p>\n<p>presidente<\/p>\n<p>&nbsp;<\/p>\n<p>Ver. Marcos a. Costa e silva<\/p>\n<p>&nbsp;<\/p>\n<p>1\u00ba secret\u00e1rio<\/p>\n<p>&nbsp;<\/p>\n","protected":false},"excerpt":{"rendered":"<p>ORDEM DO DIA VII sess\u00e3o legislativa ordin\u00e1ria da c\u00e2mara municipal de Para\u00edso Das \u00c1guas\u00a0 27 de mar\u00e7o de 2023 \u00e0s 19:00 horas. &nbsp; &#8211; projeto de lei n\u00ba 004, de 09 de mar\u00e7o de 2023, de autoria do poder executivo \u201crevoga a lei n\u00ba 397, de 25 de agosto de 2022, que disp\u00f5e sobre a [&hellip;]<\/p>\n","protected":false},"author":4,"featured_media":228002,"comment_status":"closed","ping_status":"closed","sticky":false,"template":"","format":"standard","meta":{"footnotes":""},"categories":[20,36],"tags":[],"class_list":["post-235196","post","type-post","status-publish","format-standard","has-post-thumbnail","hentry","category-camara-municipal","category-paraiso-das-aguas"],"_links":{"self":[{"href":"https:\/\/www.ocorreionews.com.br\/acervo-correio\/index.php?rest_route=\/wp\/v2\/posts\/235196","targetHints":{"allow":["GET"]}}],"collection":[{"href":"https:\/\/www.ocorreionews.com.br\/acervo-correio\/index.php?rest_route=\/wp\/v2\/posts"}],"about":[{"href":"https:\/\/www.ocorreionews.com.br\/acervo-correio\/index.php?rest_route=\/wp\/v2\/types\/post"}],"author":[{"embeddable":true,"href":"https:\/\/www.ocorreionews.com.br\/acervo-correio\/index.php?rest_route=\/wp\/v2\/users\/4"}],"replies":[{"embeddable":true,"href":"https:\/\/www.ocorreionews.com.br\/acervo-correio\/index.php?rest_route=%2Fwp%2Fv2%2Fcomments&post=235196"}],"version-history":[{"count":1,"href":"https:\/\/www.ocorreionews.com.br\/acervo-correio\/index.php?rest_route=\/wp\/v2\/posts\/235196\/revisions"}],"predecessor-version":[{"id":235197,"href":"https:\/\/www.ocorreionews.com.br\/acervo-correio\/index.php?rest_route=\/wp\/v2\/posts\/235196\/revisions\/235197"}],"wp:featuredmedia":[{"embeddable":true,"href":"https:\/\/www.ocorreionews.com.br\/acervo-correio\/index.php?rest_route=\/wp\/v2\/media\/228002"}],"wp:attachment":[{"href":"https:\/\/www.ocorreionews.com.br\/acervo-correio\/index.php?rest_route=%2Fwp%2Fv2%2Fmedia&parent=235196"}],"wp:term":[{"taxonomy":"category","embeddable":true,"href":"https:\/\/www.ocorreionews.com.br\/acervo-correio\/index.php?rest_route=%2Fwp%2Fv2%2Fcategories&post=235196"},{"taxonomy":"post_tag","embeddable":true,"href":"https:\/\/www.ocorreionews.com.br\/acervo-correio\/index.php?rest_route=%2Fwp%2Fv2%2Ftags&post=235196"}],"curies":[{"name":"wp","href":"https:\/\/api.w.org\/{rel}","templated":true}]}}