{"id":235202,"date":"2023-03-24T14:59:08","date_gmt":"2023-03-24T18:59:08","guid":{"rendered":"https:\/\/www.ocorreionews.com.br\/acervo-correio\/?p=235202"},"modified":"2023-03-24T14:59:08","modified_gmt":"2023-03-24T18:59:08","slug":"alcinopolis-vai-realizar-circuito-de-banda-e-fanfarras","status":"publish","type":"post","link":"https:\/\/www.ocorreionews.com.br\/acervo-correio\/?p=235202","title":{"rendered":"Alcin\u00f3polis vai realizar Circuito de Banda e Fanfarras"},"content":{"rendered":"<p>Dentro da programa\u00e7\u00e3o da comemora\u00e7\u00e3o ao anivers\u00e1rio do munic\u00edpio, Alcin\u00f3polis vai ser sede da 1\u00aa Etapa do Circuito Sul -Mato-Grossense de Bandas e Fanfarra e 13\u00ba festival de Bandas e Fanfaras de Alcin\u00f3polis.<\/p>\n<p>O Evento ter\u00e1 inicio as 18horas. O local ainda n\u00e3o foi definido.<\/p>\n<p>Varias banda e fanfarras j\u00e1 est\u00e3o confirmando a presen\u00e7a no circuito. Ser\u00e3o bandas e fanfarras de todo estado que v\u00e3o se apresentar na noite.<\/p>\n<p><a href=\"https:\/\/www.ocorreionews.com.br\/acervo-correio\/wp-content\/uploads\/2023\/03\/circuito-de-bandas.jpg\"><img loading=\"lazy\" decoding=\"async\" class=\"alignnone size-full wp-image-235204\" src=\"https:\/\/www.ocorreionews.com.br\/acervo-correio\/wp-content\/uploads\/2023\/03\/circuito-de-bandas.jpg\" alt=\"\" width=\"640\" height=\"517\" srcset=\"https:\/\/www.ocorreionews.com.br\/acervo-correio\/wp-content\/uploads\/2023\/03\/circuito-de-bandas.jpg 640w, https:\/\/www.ocorreionews.com.br\/acervo-correio\/wp-content\/uploads\/2023\/03\/circuito-de-bandas-300x242.jpg 300w\" sizes=\"auto, (max-width: 640px) 100vw, 640px\" \/><\/a><\/p>\n","protected":false},"excerpt":{"rendered":"<p>Dentro da programa\u00e7\u00e3o da comemora\u00e7\u00e3o ao anivers\u00e1rio do munic\u00edpio, Alcin\u00f3polis vai ser sede da 1\u00aa Etapa do Circuito Sul -Mato-Grossense de Bandas e Fanfarra e 13\u00ba festival de Bandas e Fanfaras de Alcin\u00f3polis. O Evento ter\u00e1 inicio as 18horas. O local ainda n\u00e3o foi definido. Varias banda e fanfarras j\u00e1 est\u00e3o confirmando a presen\u00e7a no [&hellip;]<\/p>\n","protected":false},"author":4,"featured_media":235204,"comment_status":"closed","ping_status":"closed","sticky":false,"template":"","format":"standard","meta":{"footnotes":""},"categories":[18],"tags":[],"class_list":["post-235202","post","type-post","status-publish","format-standard","has-post-thumbnail","hentry","category-alcinopolis"],"_links":{"self":[{"href":"https:\/\/www.ocorreionews.com.br\/acervo-correio\/index.php?rest_route=\/wp\/v2\/posts\/235202","targetHints":{"allow":["GET"]}}],"collection":[{"href":"https:\/\/www.ocorreionews.com.br\/acervo-correio\/index.php?rest_route=\/wp\/v2\/posts"}],"about":[{"href":"https:\/\/www.ocorreionews.com.br\/acervo-correio\/index.php?rest_route=\/wp\/v2\/types\/post"}],"author":[{"embeddable":true,"href":"https:\/\/www.ocorreionews.com.br\/acervo-correio\/index.php?rest_route=\/wp\/v2\/users\/4"}],"replies":[{"embeddable":true,"href":"https:\/\/www.ocorreionews.com.br\/acervo-correio\/index.php?rest_route=%2Fwp%2Fv2%2Fcomments&post=235202"}],"version-history":[{"count":1,"href":"https:\/\/www.ocorreionews.com.br\/acervo-correio\/index.php?rest_route=\/wp\/v2\/posts\/235202\/revisions"}],"predecessor-version":[{"id":235205,"href":"https:\/\/www.ocorreionews.com.br\/acervo-correio\/index.php?rest_route=\/wp\/v2\/posts\/235202\/revisions\/235205"}],"wp:featuredmedia":[{"embeddable":true,"href":"https:\/\/www.ocorreionews.com.br\/acervo-correio\/index.php?rest_route=\/wp\/v2\/media\/235204"}],"wp:attachment":[{"href":"https:\/\/www.ocorreionews.com.br\/acervo-correio\/index.php?rest_route=%2Fwp%2Fv2%2Fmedia&parent=235202"}],"wp:term":[{"taxonomy":"category","embeddable":true,"href":"https:\/\/www.ocorreionews.com.br\/acervo-correio\/index.php?rest_route=%2Fwp%2Fv2%2Fcategories&post=235202"},{"taxonomy":"post_tag","embeddable":true,"href":"https:\/\/www.ocorreionews.com.br\/acervo-correio\/index.php?rest_route=%2Fwp%2Fv2%2Ftags&post=235202"}],"curies":[{"name":"wp","href":"https:\/\/api.w.org\/{rel}","templated":true}]}}