{"id":235211,"date":"2023-03-24T18:45:47","date_gmt":"2023-03-24T22:45:47","guid":{"rendered":"https:\/\/www.ocorreionews.com.br\/acervo-correio\/?p=235211"},"modified":"2023-03-24T21:13:56","modified_gmt":"2023-03-25T01:13:56","slug":"imagens-impressionantes-vitima-e-arremessada-de-veiculo-durante-colisao-na-serra-sucuriu-em-paraiso-das-aguas","status":"publish","type":"post","link":"https:\/\/www.ocorreionews.com.br\/acervo-correio\/?p=235211","title":{"rendered":"V\u00eddeo: Mulher \u00e9 arremessada de ve\u00edculo durante colis\u00e3o na Serra Sucuri\u00fa, em Para\u00edso das \u00c1guas"},"content":{"rendered":"<p>Conforme informa\u00e7\u00f5es apuradas pelo BNC, os ve\u00edculos VW Gol, de cor cinza e um ve\u00edculo Fiat Uno, de cor prata, com placas de Para\u00edso das \u00c1guas, trafegava no mesmo sentido: Para\u00edso das \u00c1guas &#8211; Campu\u00e3, quando o Fiat Uno acessava a entrada do condom\u00ednio, foi atingido em cheio pelo Gol, arremessando a motorista para fora do ve\u00edculo.<\/p>\n<p>A Pol\u00edcia Militar e a equipe do Pronto Atendimento M\u00e9dico (PAM) estiveram no local prestando socorro \u00e0s v\u00edtimas.<\/p>\n<p><span style=\"font-family: Open Sans;\">No v\u00eddeo a mulher que aparece sendo arremessada para fora do ve\u00edculo, foi socorrida, recebeu os primeiros socorros no PAM e encaminhada para Campo Grande (MS).<\/span><\/p>\n<p>As c\u00e2meras de seguran\u00e7a do condom\u00ednio flagraram o momento do acidente e as imagens circulam nas redes sociais.<\/p>\n<p>A Pol\u00edcia Rodovi\u00e1ria Federal (PRF) tamb\u00e9m esteve no local registrando a ocorr\u00eancia.<\/p>\n<p>&nbsp;<\/p>\n<p><a href=\"https:\/\/youtu.be\/KYXVaSI9Lwk\" target=\"_blank\" rel=\"noopener\"><b>Clique aqui para assistir ao v\u00eddeo no YouTube<\/b><\/a><\/p>\n<p><a href=\"https:\/\/fb.watch\/jtU7aDpXOF\/\">httpch\/jtU7aDpXOF\/s:\/\/fb.wat<\/a><\/p>\n<p><a href=\"https:\/\/www.ocorreionews.com.br\/acervo-correio\/wp-content\/uploads\/2023\/03\/video-imagens-impressionam-a-violencia-em-colisao-de-veiculos-que-arremessou-condutora-para-fora-na-serra-sucuriu-em-paraiso-das-aguas.jpg\"><img loading=\"lazy\" decoding=\"async\" class=\"alignnone size-full wp-image-235216\" src=\"https:\/\/www.ocorreionews.com.br\/acervo-correio\/wp-content\/uploads\/2023\/03\/video-imagens-impressionam-a-violencia-em-colisao-de-veiculos-que-arremessou-condutora-para-fora-na-serra-sucuriu-em-paraiso-das-aguas.jpg\" alt=\"\" width=\"900\" height=\"675\" srcset=\"https:\/\/www.ocorreionews.com.br\/acervo-correio\/wp-content\/uploads\/2023\/03\/video-imagens-impressionam-a-violencia-em-colisao-de-veiculos-que-arremessou-condutora-para-fora-na-serra-sucuriu-em-paraiso-das-aguas.jpg 900w, https:\/\/www.ocorreionews.com.br\/acervo-correio\/wp-content\/uploads\/2023\/03\/video-imagens-impressionam-a-violencia-em-colisao-de-veiculos-que-arremessou-condutora-para-fora-na-serra-sucuriu-em-paraiso-das-aguas-300x225.jpg 300w, https:\/\/www.ocorreionews.com.br\/acervo-correio\/wp-content\/uploads\/2023\/03\/video-imagens-impressionam-a-violencia-em-colisao-de-veiculos-que-arremessou-condutora-para-fora-na-serra-sucuriu-em-paraiso-das-aguas-768x576.jpg 768w, https:\/\/www.ocorreionews.com.br\/acervo-correio\/wp-content\/uploads\/2023\/03\/video-imagens-impressionam-a-violencia-em-colisao-de-veiculos-que-arremessou-condutora-para-fora-na-serra-sucuriu-em-paraiso-das-aguas-86x64.jpg 86w\" sizes=\"auto, (max-width: 900px) 100vw, 900px\" \/><\/a> <a href=\"https:\/\/www.ocorreionews.com.br\/acervo-correio\/wp-content\/uploads\/2023\/03\/video-imagens-impressionam-a-violencia-em-colisao-de-veiculos-que-arremessou-condutora-para-fora-na-serra-sucuriu-em-paraiso-das-aguas2.jpg\"><img loading=\"lazy\" decoding=\"async\" class=\"alignnone size-full wp-image-235217\" src=\"https:\/\/www.ocorreionews.com.br\/acervo-correio\/wp-content\/uploads\/2023\/03\/video-imagens-impressionam-a-violencia-em-colisao-de-veiculos-que-arremessou-condutora-para-fora-na-serra-sucuriu-em-paraiso-das-aguas2.jpg\" alt=\"\" width=\"700\" height=\"525\" srcset=\"https:\/\/www.ocorreionews.com.br\/acervo-correio\/wp-content\/uploads\/2023\/03\/video-imagens-impressionam-a-violencia-em-colisao-de-veiculos-que-arremessou-condutora-para-fora-na-serra-sucuriu-em-paraiso-das-aguas2.jpg 700w, https:\/\/www.ocorreionews.com.br\/acervo-correio\/wp-content\/uploads\/2023\/03\/video-imagens-impressionam-a-violencia-em-colisao-de-veiculos-que-arremessou-condutora-para-fora-na-serra-sucuriu-em-paraiso-das-aguas2-300x225.jpg 300w, https:\/\/www.ocorreionews.com.br\/acervo-correio\/wp-content\/uploads\/2023\/03\/video-imagens-impressionam-a-violencia-em-colisao-de-veiculos-que-arremessou-condutora-para-fora-na-serra-sucuriu-em-paraiso-das-aguas2-86x64.jpg 86w\" sizes=\"auto, (max-width: 700px) 100vw, 700px\" \/><\/a> <a href=\"https:\/\/www.ocorreionews.com.br\/acervo-correio\/wp-content\/uploads\/2023\/03\/video-imagens-impressionam-a-violencia-em-colisao-de-veiculos-que-arremessou-condutora-para-fora-na-serra-sucuriu-em-paraiso-das-aguas3.jpg\"><img loading=\"lazy\" decoding=\"async\" class=\"alignnone size-full wp-image-235218\" src=\"https:\/\/www.ocorreionews.com.br\/acervo-correio\/wp-content\/uploads\/2023\/03\/video-imagens-impressionam-a-violencia-em-colisao-de-veiculos-que-arremessou-condutora-para-fora-na-serra-sucuriu-em-paraiso-das-aguas3.jpg\" alt=\"\" width=\"700\" height=\"525\" srcset=\"https:\/\/www.ocorreionews.com.br\/acervo-correio\/wp-content\/uploads\/2023\/03\/video-imagens-impressionam-a-violencia-em-colisao-de-veiculos-que-arremessou-condutora-para-fora-na-serra-sucuriu-em-paraiso-das-aguas3.jpg 700w, https:\/\/www.ocorreionews.com.br\/acervo-correio\/wp-content\/uploads\/2023\/03\/video-imagens-impressionam-a-violencia-em-colisao-de-veiculos-que-arremessou-condutora-para-fora-na-serra-sucuriu-em-paraiso-das-aguas3-300x225.jpg 300w, https:\/\/www.ocorreionews.com.br\/acervo-correio\/wp-content\/uploads\/2023\/03\/video-imagens-impressionam-a-violencia-em-colisao-de-veiculos-que-arremessou-condutora-para-fora-na-serra-sucuriu-em-paraiso-das-aguas3-86x64.jpg 86w\" sizes=\"auto, (max-width: 700px) 100vw, 700px\" \/><\/a><\/p>\n<p>&nbsp;<\/p>\n<p>&nbsp;<\/p>\n<p>BNC Not\u00edcias<\/p>\n","protected":false},"excerpt":{"rendered":"<p>Conforme informa\u00e7\u00f5es apuradas pelo BNC, os ve\u00edculos VW Gol, de cor cinza e um ve\u00edculo Fiat Uno, de cor prata, com placas de Para\u00edso das \u00c1guas, trafegava no mesmo sentido: Para\u00edso das \u00c1guas &#8211; Campu\u00e3, quando o Fiat Uno acessava a entrada do condom\u00ednio, foi atingido em cheio pelo Gol, arremessando a motorista para fora [&hellip;]<\/p>\n","protected":false},"author":4,"featured_media":235212,"comment_status":"closed","ping_status":"closed","sticky":false,"template":"","format":"standard","meta":{"footnotes":""},"categories":[41,38],"tags":[],"class_list":["post-235211","post","type-post","status-publish","format-standard","has-post-thumbnail","hentry","category-destaque","category-policia"],"_links":{"self":[{"href":"https:\/\/www.ocorreionews.com.br\/acervo-correio\/index.php?rest_route=\/wp\/v2\/posts\/235211","targetHints":{"allow":["GET"]}}],"collection":[{"href":"https:\/\/www.ocorreionews.com.br\/acervo-correio\/index.php?rest_route=\/wp\/v2\/posts"}],"about":[{"href":"https:\/\/www.ocorreionews.com.br\/acervo-correio\/index.php?rest_route=\/wp\/v2\/types\/post"}],"author":[{"embeddable":true,"href":"https:\/\/www.ocorreionews.com.br\/acervo-correio\/index.php?rest_route=\/wp\/v2\/users\/4"}],"replies":[{"embeddable":true,"href":"https:\/\/www.ocorreionews.com.br\/acervo-correio\/index.php?rest_route=%2Fwp%2Fv2%2Fcomments&post=235211"}],"version-history":[{"count":1,"href":"https:\/\/www.ocorreionews.com.br\/acervo-correio\/index.php?rest_route=\/wp\/v2\/posts\/235211\/revisions"}],"predecessor-version":[{"id":235223,"href":"https:\/\/www.ocorreionews.com.br\/acervo-correio\/index.php?rest_route=\/wp\/v2\/posts\/235211\/revisions\/235223"}],"wp:featuredmedia":[{"embeddable":true,"href":"https:\/\/www.ocorreionews.com.br\/acervo-correio\/index.php?rest_route=\/wp\/v2\/media\/235212"}],"wp:attachment":[{"href":"https:\/\/www.ocorreionews.com.br\/acervo-correio\/index.php?rest_route=%2Fwp%2Fv2%2Fmedia&parent=235211"}],"wp:term":[{"taxonomy":"category","embeddable":true,"href":"https:\/\/www.ocorreionews.com.br\/acervo-correio\/index.php?rest_route=%2Fwp%2Fv2%2Fcategories&post=235211"},{"taxonomy":"post_tag","embeddable":true,"href":"https:\/\/www.ocorreionews.com.br\/acervo-correio\/index.php?rest_route=%2Fwp%2Fv2%2Ftags&post=235211"}],"curies":[{"name":"wp","href":"https:\/\/api.w.org\/{rel}","templated":true}]}}