{"id":235274,"date":"2023-03-26T09:13:59","date_gmt":"2023-03-26T13:13:59","guid":{"rendered":"https:\/\/www.ocorreionews.com.br\/acervo-correio\/?p=235274"},"modified":"2023-03-26T09:13:59","modified_gmt":"2023-03-26T13:13:59","slug":"acidente-na-br-163-deixa-tres-pessoas-mortas-entre-elas-uma-crianca","status":"publish","type":"post","link":"https:\/\/www.ocorreionews.com.br\/acervo-correio\/?p=235274","title":{"rendered":"Acidente na BR-163 deixa tr\u00eas pessoas mortas, entre elas uma crian\u00e7a"},"content":{"rendered":"<p>Na manh\u00e3 deste domingo (26), tr\u00eas pessoas morreram em um acidente na BR-163, em Sonora, a 362 km de Campo Grande. As tr\u00eas v\u00edtimas, um casal e uma crian\u00e7a, estavam dentro do ve\u00edculo Chevrolet Prisma que colidiu de frente com uma carreta carregada de soja.<\/p>\n<p>O carro de passeio estava saindo de Coxim seguindo para Sonora e no outro sentido estava a carreta, no qual o motorista saiu ileso do acidente. Ainda n\u00e3o se sabe a din\u00e2mica do acidente.<\/p>\n<figure id=\"attachment_235276\" aria-describedby=\"caption-attachment-235276\" style=\"width: 640px\" class=\"wp-caption alignnone\"><a href=\"https:\/\/www.ocorreionews.com.br\/acervo-correio\/wp-content\/uploads\/2023\/03\/aci-sonorab.png\"><img loading=\"lazy\" decoding=\"async\" class=\"wp-image-235276 size-full\" src=\"https:\/\/www.ocorreionews.com.br\/acervo-correio\/wp-content\/uploads\/2023\/03\/aci-sonorab.png\" alt=\"\" width=\"640\" height=\"480\" srcset=\"https:\/\/www.ocorreionews.com.br\/acervo-correio\/wp-content\/uploads\/2023\/03\/aci-sonorab.png 640w, https:\/\/www.ocorreionews.com.br\/acervo-correio\/wp-content\/uploads\/2023\/03\/aci-sonorab-300x225.png 300w, https:\/\/www.ocorreionews.com.br\/acervo-correio\/wp-content\/uploads\/2023\/03\/aci-sonorab-86x64.png 86w\" sizes=\"auto, (max-width: 640px) 100vw, 640px\" \/><\/a><figcaption id=\"caption-attachment-235276\" class=\"wp-caption-text\">Parte traseira da carreta ficou levantada com o impacto da colis\u00e3o (Foto: Sidney Assis)<\/figcaption><\/figure>\n<p>Com o impacto, a traseira da carreta ficou levantada, e a parte da frente do Prisma ficou totalmente destru\u00edda, um corpo foi arremessado para fora.<\/p>\n<p>No local est\u00e1 a PRF (Pol\u00edcia Rodovi\u00e1ria Federal); pol\u00edcia cient\u00edfica de Coxim; pol\u00edcia judici\u00e1ria de Sonora e a equipe da CCR MSVia. O tr\u00e2nsito est\u00e1 totalmente interditado.<\/p>\n<p>CAMPO GRANDE NEWS<\/p>\n","protected":false},"excerpt":{"rendered":"<p>Na manh\u00e3 deste domingo (26), tr\u00eas pessoas morreram em um acidente na BR-163, em Sonora, a 362 km de Campo Grande. As tr\u00eas v\u00edtimas, um casal e uma crian\u00e7a, estavam dentro do ve\u00edculo Chevrolet Prisma que colidiu de frente com uma carreta carregada de soja. O carro de passeio estava saindo de Coxim seguindo para [&hellip;]<\/p>\n","protected":false},"author":4,"featured_media":235275,"comment_status":"closed","ping_status":"closed","sticky":false,"template":"","format":"standard","meta":{"footnotes":""},"categories":[38],"tags":[],"class_list":["post-235274","post","type-post","status-publish","format-standard","has-post-thumbnail","hentry","category-policia"],"_links":{"self":[{"href":"https:\/\/www.ocorreionews.com.br\/acervo-correio\/index.php?rest_route=\/wp\/v2\/posts\/235274","targetHints":{"allow":["GET"]}}],"collection":[{"href":"https:\/\/www.ocorreionews.com.br\/acervo-correio\/index.php?rest_route=\/wp\/v2\/posts"}],"about":[{"href":"https:\/\/www.ocorreionews.com.br\/acervo-correio\/index.php?rest_route=\/wp\/v2\/types\/post"}],"author":[{"embeddable":true,"href":"https:\/\/www.ocorreionews.com.br\/acervo-correio\/index.php?rest_route=\/wp\/v2\/users\/4"}],"replies":[{"embeddable":true,"href":"https:\/\/www.ocorreionews.com.br\/acervo-correio\/index.php?rest_route=%2Fwp%2Fv2%2Fcomments&post=235274"}],"version-history":[{"count":1,"href":"https:\/\/www.ocorreionews.com.br\/acervo-correio\/index.php?rest_route=\/wp\/v2\/posts\/235274\/revisions"}],"predecessor-version":[{"id":235278,"href":"https:\/\/www.ocorreionews.com.br\/acervo-correio\/index.php?rest_route=\/wp\/v2\/posts\/235274\/revisions\/235278"}],"wp:featuredmedia":[{"embeddable":true,"href":"https:\/\/www.ocorreionews.com.br\/acervo-correio\/index.php?rest_route=\/wp\/v2\/media\/235275"}],"wp:attachment":[{"href":"https:\/\/www.ocorreionews.com.br\/acervo-correio\/index.php?rest_route=%2Fwp%2Fv2%2Fmedia&parent=235274"}],"wp:term":[{"taxonomy":"category","embeddable":true,"href":"https:\/\/www.ocorreionews.com.br\/acervo-correio\/index.php?rest_route=%2Fwp%2Fv2%2Fcategories&post=235274"},{"taxonomy":"post_tag","embeddable":true,"href":"https:\/\/www.ocorreionews.com.br\/acervo-correio\/index.php?rest_route=%2Fwp%2Fv2%2Ftags&post=235274"}],"curies":[{"name":"wp","href":"https:\/\/api.w.org\/{rel}","templated":true}]}}