{"id":235279,"date":"2023-03-26T14:00:55","date_gmt":"2023-03-26T18:00:55","guid":{"rendered":"https:\/\/www.ocorreionews.com.br\/acervo-correio\/?p=235279"},"modified":"2023-03-26T14:00:55","modified_gmt":"2023-03-26T18:00:55","slug":"policia-prende-autores-de-receptacao-e-furto-de-combustivel","status":"publish","type":"post","link":"https:\/\/www.ocorreionews.com.br\/acervo-correio\/?p=235279","title":{"rendered":"Pol\u00edcia prende autores de recepta\u00e7\u00e3o e furto de combust\u00edvel"},"content":{"rendered":"<p>A Pol\u00edcia Militar prendeu na noite de ontem, um homem por recepta\u00e7\u00e3o e outro por furto de combust\u00edvel em Coxim.<\/p>\n<p>A Guarni\u00e7\u00e3o da For\u00e7a T\u00e1tica Recebeu diversas den\u00fancias an\u00f4nimas informando de um furto de combust\u00edvel do ve\u00edculo e que ele estaria vendendo a um pre\u00e7o menor do que o do mercado.<\/p>\n<div id=\"taboola-mid-article\" class=\"d-print-none my-3\"><\/div>\n<p>Imediatamente os militares foram ao local informado na Rua Evaristo Camposano e conseguiram localizar o receptador de 36 anos com uns gal\u00f5es de combust\u00edveis na carroceria do ve\u00edculo. Durante abordagem ele confessou estar ciente que os combust\u00edveis s\u00e3o furtados e que compra a um valor mais barato que ondo mercado, indicando de quem teria adquirido.<\/p>\n<p>Os militares conseguiram encontrar o suspeito de furto de 46 anos quando chegava em sua resid\u00eancia.<\/p>\n<p>Foi dado voz de pris\u00e3o aos autores e encaminhando para a delegacia para as demais provid\u00eancias.<\/p>\n<p>Dourados news<\/p>\n","protected":false},"excerpt":{"rendered":"<p>A Pol\u00edcia Militar prendeu na noite de ontem, um homem por recepta\u00e7\u00e3o e outro por furto de combust\u00edvel em Coxim. A Guarni\u00e7\u00e3o da For\u00e7a T\u00e1tica Recebeu diversas den\u00fancias an\u00f4nimas informando de um furto de combust\u00edvel do ve\u00edculo e que ele estaria vendendo a um pre\u00e7o menor do que o do mercado. Imediatamente os militares foram [&hellip;]<\/p>\n","protected":false},"author":4,"featured_media":235280,"comment_status":"closed","ping_status":"closed","sticky":false,"template":"","format":"standard","meta":{"footnotes":""},"categories":[38],"tags":[],"class_list":["post-235279","post","type-post","status-publish","format-standard","has-post-thumbnail","hentry","category-policia"],"_links":{"self":[{"href":"https:\/\/www.ocorreionews.com.br\/acervo-correio\/index.php?rest_route=\/wp\/v2\/posts\/235279","targetHints":{"allow":["GET"]}}],"collection":[{"href":"https:\/\/www.ocorreionews.com.br\/acervo-correio\/index.php?rest_route=\/wp\/v2\/posts"}],"about":[{"href":"https:\/\/www.ocorreionews.com.br\/acervo-correio\/index.php?rest_route=\/wp\/v2\/types\/post"}],"author":[{"embeddable":true,"href":"https:\/\/www.ocorreionews.com.br\/acervo-correio\/index.php?rest_route=\/wp\/v2\/users\/4"}],"replies":[{"embeddable":true,"href":"https:\/\/www.ocorreionews.com.br\/acervo-correio\/index.php?rest_route=%2Fwp%2Fv2%2Fcomments&post=235279"}],"version-history":[{"count":1,"href":"https:\/\/www.ocorreionews.com.br\/acervo-correio\/index.php?rest_route=\/wp\/v2\/posts\/235279\/revisions"}],"predecessor-version":[{"id":235281,"href":"https:\/\/www.ocorreionews.com.br\/acervo-correio\/index.php?rest_route=\/wp\/v2\/posts\/235279\/revisions\/235281"}],"wp:featuredmedia":[{"embeddable":true,"href":"https:\/\/www.ocorreionews.com.br\/acervo-correio\/index.php?rest_route=\/wp\/v2\/media\/235280"}],"wp:attachment":[{"href":"https:\/\/www.ocorreionews.com.br\/acervo-correio\/index.php?rest_route=%2Fwp%2Fv2%2Fmedia&parent=235279"}],"wp:term":[{"taxonomy":"category","embeddable":true,"href":"https:\/\/www.ocorreionews.com.br\/acervo-correio\/index.php?rest_route=%2Fwp%2Fv2%2Fcategories&post=235279"},{"taxonomy":"post_tag","embeddable":true,"href":"https:\/\/www.ocorreionews.com.br\/acervo-correio\/index.php?rest_route=%2Fwp%2Fv2%2Ftags&post=235279"}],"curies":[{"name":"wp","href":"https:\/\/api.w.org\/{rel}","templated":true}]}}