{"id":235282,"date":"2023-03-26T14:11:42","date_gmt":"2023-03-26T18:11:42","guid":{"rendered":"https:\/\/www.ocorreionews.com.br\/acervo-correio\/?p=235282"},"modified":"2023-03-26T16:05:27","modified_gmt":"2023-03-26T20:05:27","slug":"casal-e-filha-de-5-anos-que-morreram-em-acidente-moravam-em-sonora-credito-campo-grande-news","status":"publish","type":"post","link":"https:\/\/www.ocorreionews.com.br\/acervo-correio\/?p=235282","title":{"rendered":"Casal e filha de 5 anos que morreram em acidente moravam em Sonora"},"content":{"rendered":"<p>Foram identificados como Fabiana Bispo Lira, de 39 anos; Sidnei Aur\u00e9lio Pereira, de 44 anos, e Thais Bispo Ara\u00fajo, de 5 anos, as pessoas que morreram em acidente na manh\u00e3 deste domingo, na BR-163, em Sonora, a 362 km de Campo Grande.<\/p>\n<p>As tr\u00eas v\u00edtimas estavam no Chevrolet Prisma, conduzido por Fabiana. O corpo da crian\u00e7a foi arremessado para fora do carro. O motorista da carreta, Sandro Flores, de 50 anos, saiu ileso do acidente.<\/p>\n<p>O ve\u00edculo de passeio estava saindo de Coxim seguindo para Sonora e no outro sentido estava a carreta carregada de milho. Os ve\u00edculos bateram de frente, mas ainda n\u00e3o se sabe a exata din\u00e2mica do acidente.<\/p>\n<p>Estiveram no local, a PRF (Pol\u00edcia Rodovi\u00e1ria Federal), pol\u00edcia cient\u00edfica de Coxim, pol\u00edcia judici\u00e1ria de Sonora e a equipe da CCR MSVia. A pista ficou interditada por aproximadamente 4 horas, mas j\u00e1 foi liberada.<\/p>\n<p><a href=\"https:\/\/www.ocorreionews.com.br\/acervo-correio\/wp-content\/uploads\/2023\/03\/aci-sonora2.png\"><img loading=\"lazy\" decoding=\"async\" class=\"alignnone size-full wp-image-235283\" src=\"https:\/\/www.ocorreionews.com.br\/acervo-correio\/wp-content\/uploads\/2023\/03\/aci-sonora2.png\" alt=\"\" width=\"640\" height=\"480\" srcset=\"https:\/\/www.ocorreionews.com.br\/acervo-correio\/wp-content\/uploads\/2023\/03\/aci-sonora2.png 640w, https:\/\/www.ocorreionews.com.br\/acervo-correio\/wp-content\/uploads\/2023\/03\/aci-sonora2-300x225.png 300w, https:\/\/www.ocorreionews.com.br\/acervo-correio\/wp-content\/uploads\/2023\/03\/aci-sonora2-86x64.png 86w\" sizes=\"auto, (max-width: 640px) 100vw, 640px\" \/><\/a><br \/>\nCarro destru\u00eddo ap\u00f3s acidente, pr\u00f3ximo a uma placa de &#8220;proibido ultrapassagem&#8221;. Logo mais a frente a carreta envolvida no acidente (Foto: Sidney Assis, de Coxim) &#8211; CREDITO: CAMPO GRANDE NEWS<\/p>\n","protected":false},"excerpt":{"rendered":"<p>Foram identificados como Fabiana Bispo Lira, de 39 anos; Sidnei Aur\u00e9lio Pereira, de 44 anos, e Thais Bispo Ara\u00fajo, de 5 anos, as pessoas que morreram em acidente na manh\u00e3 deste domingo, na BR-163, em Sonora, a 362 km de Campo Grande. As tr\u00eas v\u00edtimas estavam no Chevrolet Prisma, conduzido por Fabiana. O corpo da [&hellip;]<\/p>\n","protected":false},"author":4,"featured_media":235284,"comment_status":"closed","ping_status":"closed","sticky":false,"template":"","format":"standard","meta":{"footnotes":""},"categories":[38],"tags":[],"class_list":["post-235282","post","type-post","status-publish","format-standard","has-post-thumbnail","hentry","category-policia"],"_links":{"self":[{"href":"https:\/\/www.ocorreionews.com.br\/acervo-correio\/index.php?rest_route=\/wp\/v2\/posts\/235282","targetHints":{"allow":["GET"]}}],"collection":[{"href":"https:\/\/www.ocorreionews.com.br\/acervo-correio\/index.php?rest_route=\/wp\/v2\/posts"}],"about":[{"href":"https:\/\/www.ocorreionews.com.br\/acervo-correio\/index.php?rest_route=\/wp\/v2\/types\/post"}],"author":[{"embeddable":true,"href":"https:\/\/www.ocorreionews.com.br\/acervo-correio\/index.php?rest_route=\/wp\/v2\/users\/4"}],"replies":[{"embeddable":true,"href":"https:\/\/www.ocorreionews.com.br\/acervo-correio\/index.php?rest_route=%2Fwp%2Fv2%2Fcomments&post=235282"}],"version-history":[{"count":1,"href":"https:\/\/www.ocorreionews.com.br\/acervo-correio\/index.php?rest_route=\/wp\/v2\/posts\/235282\/revisions"}],"predecessor-version":[{"id":235288,"href":"https:\/\/www.ocorreionews.com.br\/acervo-correio\/index.php?rest_route=\/wp\/v2\/posts\/235282\/revisions\/235288"}],"wp:featuredmedia":[{"embeddable":true,"href":"https:\/\/www.ocorreionews.com.br\/acervo-correio\/index.php?rest_route=\/wp\/v2\/media\/235284"}],"wp:attachment":[{"href":"https:\/\/www.ocorreionews.com.br\/acervo-correio\/index.php?rest_route=%2Fwp%2Fv2%2Fmedia&parent=235282"}],"wp:term":[{"taxonomy":"category","embeddable":true,"href":"https:\/\/www.ocorreionews.com.br\/acervo-correio\/index.php?rest_route=%2Fwp%2Fv2%2Fcategories&post=235282"},{"taxonomy":"post_tag","embeddable":true,"href":"https:\/\/www.ocorreionews.com.br\/acervo-correio\/index.php?rest_route=%2Fwp%2Fv2%2Ftags&post=235282"}],"curies":[{"name":"wp","href":"https:\/\/api.w.org\/{rel}","templated":true}]}}