{"id":235286,"date":"2023-03-26T16:07:35","date_gmt":"2023-03-26T20:07:35","guid":{"rendered":"https:\/\/www.ocorreionews.com.br\/acervo-correio\/?p=235286"},"modified":"2023-03-27T09:09:10","modified_gmt":"2023-03-27T13:09:10","slug":"pm-de-paraiso-das-aguas-identifica-prende-suspeito-e-recupera-veiculo-furtado","status":"publish","type":"post","link":"https:\/\/www.ocorreionews.com.br\/acervo-correio\/?p=235286","title":{"rendered":"Homem \u00e9 preso ap\u00f3s furtar e capotar ve\u00edculo durante fuga em Para\u00edso das \u00c1guas"},"content":{"rendered":"<p>Na tarde deste domingo (26) um jovem de 22 anos foi preso ap\u00f3s furtar um ve\u00edculo em frente a um estabelecimento comercial de Para\u00edso das \u00c1guas e capotar o mesmo na BR 060.<\/p>\n<p>De acordo com informa\u00e7\u00f5es do Boletim de Ocorr\u00eancia, por volta das 14h10min quando a pol\u00edcia militar foi acionada, onde a v\u00edtima uma jovem de 23 anos, informava que havia estacionou seu ve\u00edculo Fita\/Uno de cor prata em frente ao estabelecimento para efetuar compras e, ao sair, o ve\u00edculo n\u00e3o estava no local.<\/p>\n<p>Em dilig\u00eancias, os policiais localizaram o ve\u00edculo da v\u00edtima capotado \u00e0s margens do km 64 da rodovia BR060, pr\u00f3ximo a ponte do Rio Sucuri\u00fa sentido a cidade Camapu\u00e3, e logo a frente um indiv\u00edduo correndo a p\u00e9.<\/p>\n<p>Os militares conseguiram abordar o indiv\u00edduo e constataram ser o autor do furto, que foi preso e encaminhado para delegacia.<\/p>\n<figure id=\"attachment_235290\" aria-describedby=\"caption-attachment-235290\" style=\"width: 700px\" class=\"wp-caption alignnone\"><a href=\"https:\/\/www.ocorreionews.com.br\/acervo-correio\/wp-content\/uploads\/2023\/03\/prisao-asalantes-paraiso2.jpg\"><img loading=\"lazy\" decoding=\"async\" class=\"wp-image-235290 size-full\" src=\"https:\/\/www.ocorreionews.com.br\/acervo-correio\/wp-content\/uploads\/2023\/03\/prisao-asalantes-paraiso2.jpg\" alt=\"\" width=\"700\" height=\"315\" srcset=\"https:\/\/www.ocorreionews.com.br\/acervo-correio\/wp-content\/uploads\/2023\/03\/prisao-asalantes-paraiso2.jpg 700w, https:\/\/www.ocorreionews.com.br\/acervo-correio\/wp-content\/uploads\/2023\/03\/prisao-asalantes-paraiso2-300x135.jpg 300w\" sizes=\"auto, (max-width: 700px) 100vw, 700px\" \/><\/a><figcaption id=\"caption-attachment-235290\" class=\"wp-caption-text\">Foto: Fernando Brito<\/figcaption><\/figure>\n<figure id=\"attachment_235328\" aria-describedby=\"caption-attachment-235328\" style=\"width: 718px\" class=\"wp-caption alignnone\"><a href=\"https:\/\/www.ocorreionews.com.br\/acervo-correio\/wp-content\/uploads\/2023\/03\/carro.jpg\"><img loading=\"lazy\" decoding=\"async\" class=\"size-full wp-image-235328\" src=\"https:\/\/www.ocorreionews.com.br\/acervo-correio\/wp-content\/uploads\/2023\/03\/carro.jpg\" alt=\"\" width=\"718\" height=\"754\" srcset=\"https:\/\/www.ocorreionews.com.br\/acervo-correio\/wp-content\/uploads\/2023\/03\/carro.jpg 718w, https:\/\/www.ocorreionews.com.br\/acervo-correio\/wp-content\/uploads\/2023\/03\/carro-286x300.jpg 286w\" sizes=\"auto, (max-width: 718px) 100vw, 718px\" \/><\/a><figcaption id=\"caption-attachment-235328\" class=\"wp-caption-text\">Foto Divulga\u00e7\u00e3o Policia Militar<\/figcaption><\/figure>\n<p>&nbsp;<\/p>\n","protected":false},"excerpt":{"rendered":"<p>Na tarde deste domingo (26) um jovem de 22 anos foi preso ap\u00f3s furtar um ve\u00edculo em frente a um estabelecimento comercial de Para\u00edso das \u00c1guas e capotar o mesmo na BR 060. De acordo com informa\u00e7\u00f5es do Boletim de Ocorr\u00eancia, por volta das 14h10min quando a pol\u00edcia militar foi acionada, onde a v\u00edtima uma [&hellip;]<\/p>\n","protected":false},"author":4,"featured_media":235289,"comment_status":"closed","ping_status":"closed","sticky":false,"template":"","format":"standard","meta":{"footnotes":""},"categories":[41,36,38],"tags":[],"class_list":["post-235286","post","type-post","status-publish","format-standard","has-post-thumbnail","hentry","category-destaque","category-paraiso-das-aguas","category-policia"],"_links":{"self":[{"href":"https:\/\/www.ocorreionews.com.br\/acervo-correio\/index.php?rest_route=\/wp\/v2\/posts\/235286","targetHints":{"allow":["GET"]}}],"collection":[{"href":"https:\/\/www.ocorreionews.com.br\/acervo-correio\/index.php?rest_route=\/wp\/v2\/posts"}],"about":[{"href":"https:\/\/www.ocorreionews.com.br\/acervo-correio\/index.php?rest_route=\/wp\/v2\/types\/post"}],"author":[{"embeddable":true,"href":"https:\/\/www.ocorreionews.com.br\/acervo-correio\/index.php?rest_route=\/wp\/v2\/users\/4"}],"replies":[{"embeddable":true,"href":"https:\/\/www.ocorreionews.com.br\/acervo-correio\/index.php?rest_route=%2Fwp%2Fv2%2Fcomments&post=235286"}],"version-history":[{"count":1,"href":"https:\/\/www.ocorreionews.com.br\/acervo-correio\/index.php?rest_route=\/wp\/v2\/posts\/235286\/revisions"}],"predecessor-version":[{"id":235330,"href":"https:\/\/www.ocorreionews.com.br\/acervo-correio\/index.php?rest_route=\/wp\/v2\/posts\/235286\/revisions\/235330"}],"wp:featuredmedia":[{"embeddable":true,"href":"https:\/\/www.ocorreionews.com.br\/acervo-correio\/index.php?rest_route=\/wp\/v2\/media\/235289"}],"wp:attachment":[{"href":"https:\/\/www.ocorreionews.com.br\/acervo-correio\/index.php?rest_route=%2Fwp%2Fv2%2Fmedia&parent=235286"}],"wp:term":[{"taxonomy":"category","embeddable":true,"href":"https:\/\/www.ocorreionews.com.br\/acervo-correio\/index.php?rest_route=%2Fwp%2Fv2%2Fcategories&post=235286"},{"taxonomy":"post_tag","embeddable":true,"href":"https:\/\/www.ocorreionews.com.br\/acervo-correio\/index.php?rest_route=%2Fwp%2Fv2%2Ftags&post=235286"}],"curies":[{"name":"wp","href":"https:\/\/api.w.org\/{rel}","templated":true}]}}