{"id":235375,"date":"2023-03-27T14:31:38","date_gmt":"2023-03-27T18:31:38","guid":{"rendered":"https:\/\/www.ocorreionews.com.br\/acervo-correio\/?p=235375"},"modified":"2023-03-27T14:46:34","modified_gmt":"2023-03-27T18:46:34","slug":"moradores-fazem-oracao-e-pedem-seguranca-em-local-que-adolescente-morreu-afogado-em-chapadao-do-sul","status":"publish","type":"post","link":"https:\/\/www.ocorreionews.com.br\/acervo-correio\/?p=235375","title":{"rendered":"Moradores fazem ora\u00e7\u00e3o e pedem seguran\u00e7a em local que adolescente morreu afogado em Chapad\u00e3o do Sul"},"content":{"rendered":"<p>Familiares e amigos do estudante Guilherme Henrique de Oliveira Faustino, 12 anos, se reuniram, no final da tarde de s\u00e1bado (25), para dar um \u00faltimo adeus ao adolescente, que morreu no dia 25 de fevereiro. A v\u00edtima caiu em em uma vala, utilizada como rede de capta\u00e7\u00e3o de \u00e1gua, durante chuva, e foi arrastado pela correnteza, em Chapad\u00e3o do Sul.<\/p>\n<figure style=\"width: 286px\" class=\"wp-caption alignleft\"><img loading=\"lazy\" decoding=\"async\" class=\"img-fluid\" src=\"https:\/\/cdn6.campograndenews.com.br\/uploads\/noticias\/2023\/03\/27\/13sq8d14ebfmg.jpg\" sizes=\"auto, (min-width: 1024px) calc(.5 * (100vw - 21.875em)), 100vw\" srcset=\"https:\/\/cdn6.campograndenews.com.br\/uploads\/noticias\/2023\/03\/27\/276a8e08yrwg4.jpg 1024w, https:\/\/cdn6.campograndenews.com.br\/uploads\/noticias\/2023\/03\/27\/175kuq3ghkerj.jpg 640w, https:\/\/cdn6.campograndenews.com.br\/uploads\/noticias\/2023\/03\/27\/13sq8d14ebfmg.jpg 320w\" alt=\"Fabiana Faustino, m\u00e3e da v\u00edtima, recebe apoio de outros pais durante \u00fatimo adeus a Guilherme. (Foto: Direto das Ruas_\" width=\"286\" height=\"576\" data-width=\"576\" data-height=\"1024\" \/><figcaption class=\"wp-caption-text\">Fabiana Faustino, m\u00e3e da v\u00edtima, recebe apoio de outros pais durante \u00fatimo adeus a Guilherme. (Foto: Direto das Ruas)<\/figcaption><\/figure>\n<p>Na cerim\u00f4nia, foi lida uma carta aberta de desabafo, escrita pelo av\u00f4 da v\u00edtima, que denuncia o descaso em deixar o local aberto. Tamb\u00e9m foram feitas ora\u00e7\u00f5es, em que Fabiane agradeceu pelos 12 anos que passou ao lado do filho, al\u00e9m de cantarem os louvores favoritos do adolescente.<\/p>\n<p>&nbsp;<\/p>\n<p>Participaram cerca de 200 pessoas. Estiveram presentes familiares, amigos da escola e m\u00e3es da cidade que se uniram a causa para prestar solidariedade \u00e0 Fabiane. \u201cEu, como m\u00e3e, estou com a minha alma morta, para mim est\u00e1 sendo muito dif\u00edcil, e a minha revolta \u00e9 porque l\u00e1 n\u00e3o podia ser aberto daquele jeito\u201d, desabafa.<\/p>\n<figure style=\"width: 271px\" class=\"wp-caption alignright\"><img loading=\"lazy\" decoding=\"async\" class=\"note-float-right\" src=\"https:\/\/www.bncnoticias.com.br\/arquivos\/img-uploads\/ximagem_90.jpeg.pagespeed.ic.owZkQyoFUL.jpg\" alt=\"\" width=\"271\" height=\"361\" \/><figcaption class=\"wp-caption-text\">Familia e amigos rezando no local o Guilherme caiu no canal de \u00e1guas pluviais. (Foto redes sociais)<\/figcaption><\/figure>\n<p>Exatamente um m\u00eas ap\u00f3s o tr\u00e1gico incidente, a m\u00e3e do adolescente frisa que o ato serve para relembrar a vida do filho e pedir melhorias na seguran\u00e7a do local, para que a trag\u00e9dia n\u00e3o se repita com outra fam\u00edlia. \u201cA gente quer lutar por justi\u00e7a para que aquilo ali seja fechado o mais r\u00e1pido poss\u00edvel, para que outra m\u00e3e n\u00e3o sofra e n\u00e3o chore como estou chorando\u201d.<\/p>\n<p>Guilherme \u00e9 lembrado como uma crian\u00e7a feliz, caseira, muito bem cuidado e amado.<\/p>\n<p>A reportagem do Campo Grande News entrou em contato com a Prefeitura de Chapad\u00e3o do Sul e foi informada que est\u00e1 sendo feito um estudo t\u00e9cnico para fazer projeto que oferte mais seguran\u00e7a no local do bueiro destinado a captar \u00e1gua pluvial.<\/p>\n<p>De acordo com informa\u00e7\u00f5es da assessoria de imprensa, o prefeito da cidade, Jo\u00e3o Carlos Krug, esteve recentemente em reuni\u00e3o junto com a Secretaria de Infraestrutura e com as equipes de arquitetos e engenheiros da prefeitura para serem feitas modifica\u00e7\u00f5es no canal.<\/p>\n<p><strong>Incidente\u00a0\u2013<\/strong> Conforme explica Fabiane, Guilherme estava na companhia de um amigo quando escorregou e caiu no bueiro, momento em que foi arrastado pela enxurrada. A valeta em que o adolescente foi encontrado, localizada no meio da Avenida Rio Grande do Sul, era destinada \u00e0 capta\u00e7\u00e3o de \u00e1gua pluvial. Ele foi arrastado pela forte correnteza por cerca de 1,5 quil\u00f4metro.<\/p>\n<p>Segundo apurado pela reportagem com a m\u00e3e da v\u00edtima, ele supostamente teria deixado o chinelo cair e acabou escorregando para dentro do bueiro ao tentar pegar o cal\u00e7ado. Moradores acionaram o Corpo de Bombeiros Militar e a Pol\u00edcia Militar para informar o desaparecimento da v\u00edtima.<\/p>\n<figure style=\"width: 601px\" class=\"wp-caption aligncenter\"><img loading=\"lazy\" decoding=\"async\" class=\"img-fluid\" src=\"https:\/\/cdn6.campograndenews.com.br\/uploads\/noticias\/2023\/02\/25\/jx2n01uefxb2.jpeg\" sizes=\"auto, (min-width: 1024px) calc(.5 * (100vw - 21.875em)), 100vw\" srcset=\"https:\/\/cdn6.campograndenews.com.br\/uploads\/noticias\/2023\/02\/25\/visx06kbk6b9.jpeg 1024w, https:\/\/cdn6.campograndenews.com.br\/uploads\/noticias\/2023\/02\/25\/1pkao5i7nlm0u.jpeg 640w, https:\/\/cdn6.campograndenews.com.br\/uploads\/noticias\/2023\/02\/25\/jx2n01uefxb2.jpeg 320w\" alt=\"Bombeiros realizam busca pela v\u00edtima. (Foto: Divulga\u00e7\u00e3o)\" width=\"601\" height=\"801\" \/><figcaption class=\"wp-caption-text\">Bombeiros durante as busca pela v\u00edtima. (Foto: Divulga\u00e7\u00e3o)<\/figcaption><\/figure>\n<p><em>Fonte: Campograndenews, Idaicy Solano<\/em><\/p>\n","protected":false},"excerpt":{"rendered":"<p>Familiares e amigos do estudante Guilherme Henrique de Oliveira Faustino, 12 anos, se reuniram, no final da tarde de s\u00e1bado (25), para dar um \u00faltimo adeus ao adolescente, que morreu no dia 25 de fevereiro. A v\u00edtima caiu em em uma vala, utilizada como rede de capta\u00e7\u00e3o de \u00e1gua, durante chuva, e foi arrastado pela [&hellip;]<\/p>\n","protected":false},"author":5,"featured_media":235376,"comment_status":"closed","ping_status":"closed","sticky":false,"template":"","format":"standard","meta":{"footnotes":""},"categories":[23],"tags":[],"class_list":["post-235375","post","type-post","status-publish","format-standard","has-post-thumbnail","hentry","category-chapadao-do-sul"],"_links":{"self":[{"href":"https:\/\/www.ocorreionews.com.br\/acervo-correio\/index.php?rest_route=\/wp\/v2\/posts\/235375","targetHints":{"allow":["GET"]}}],"collection":[{"href":"https:\/\/www.ocorreionews.com.br\/acervo-correio\/index.php?rest_route=\/wp\/v2\/posts"}],"about":[{"href":"https:\/\/www.ocorreionews.com.br\/acervo-correio\/index.php?rest_route=\/wp\/v2\/types\/post"}],"author":[{"embeddable":true,"href":"https:\/\/www.ocorreionews.com.br\/acervo-correio\/index.php?rest_route=\/wp\/v2\/users\/5"}],"replies":[{"embeddable":true,"href":"https:\/\/www.ocorreionews.com.br\/acervo-correio\/index.php?rest_route=%2Fwp%2Fv2%2Fcomments&post=235375"}],"version-history":[{"count":1,"href":"https:\/\/www.ocorreionews.com.br\/acervo-correio\/index.php?rest_route=\/wp\/v2\/posts\/235375\/revisions"}],"predecessor-version":[{"id":235383,"href":"https:\/\/www.ocorreionews.com.br\/acervo-correio\/index.php?rest_route=\/wp\/v2\/posts\/235375\/revisions\/235383"}],"wp:featuredmedia":[{"embeddable":true,"href":"https:\/\/www.ocorreionews.com.br\/acervo-correio\/index.php?rest_route=\/wp\/v2\/media\/235376"}],"wp:attachment":[{"href":"https:\/\/www.ocorreionews.com.br\/acervo-correio\/index.php?rest_route=%2Fwp%2Fv2%2Fmedia&parent=235375"}],"wp:term":[{"taxonomy":"category","embeddable":true,"href":"https:\/\/www.ocorreionews.com.br\/acervo-correio\/index.php?rest_route=%2Fwp%2Fv2%2Fcategories&post=235375"},{"taxonomy":"post_tag","embeddable":true,"href":"https:\/\/www.ocorreionews.com.br\/acervo-correio\/index.php?rest_route=%2Fwp%2Fv2%2Ftags&post=235375"}],"curies":[{"name":"wp","href":"https:\/\/api.w.org\/{rel}","templated":true}]}}