{"id":235379,"date":"2023-03-27T14:36:25","date_gmt":"2023-03-27T18:36:25","guid":{"rendered":"https:\/\/www.ocorreionews.com.br\/acervo-correio\/?p=235379"},"modified":"2023-03-27T14:36:25","modified_gmt":"2023-03-27T18:36:25","slug":"crueldade-filhote-de-onca-e-amarrado-e-fica-ao-lado-da-cabeca-decepada-da-suposta-mae-e-irmao","status":"publish","type":"post","link":"https:\/\/www.ocorreionews.com.br\/acervo-correio\/?p=235379","title":{"rendered":"&#8216;Crueldade&#8217;: filhote de on\u00e7a \u00e9 amarrado e fica ao lado da cabe\u00e7a decepada da suposta m\u00e3e e irm\u00e3o"},"content":{"rendered":"<p>V\u00eddeo que circula nas redes sociais mostra crueldade feita contra um dos mais belos felinos do mundo, a on\u00e7a pintada. Neste caso, as imagens mostram um filhote amarrado, que estaria ao lado da suposta m\u00e3e e irm\u00e3o. Pouco antes, dois animais teriam sido decepados e o sobrevivente \u00e9 obrigado a ficar ao lado das demais on\u00e7as mortas.<\/p>\n<p>A atitude de ca\u00e7adores foi divulgada em v\u00e1rios perfis no Instagram, entre eles o Pescadores MS, no qual o empres\u00e1rio Bruno Girotto, de 36 anos, \u00e9 o administrador. &#8220;\u00c9 uma tristeza sem tamanho ver isso e acredito que a postagem \u00e9 para chamar aten\u00e7\u00e3o para o problema. J\u00e1 passou da hora de acabar, tinha que ter leis mais rigorosas em rela\u00e7\u00e3o a esse tipo de animal e tamb\u00e9m a pesca predat\u00f3ria&#8221;, afirmou.<\/p>\n<div class=\"teads-adCall\"><\/div>\n<p>Conforme Girotto, que pratica a pesca esportiva h\u00e1 15 anos, uma atitude desta causa enorme tristeza. &#8220;A gente fica triste demais. Eu j\u00e1 tive a oportunidade de ver, v\u00e1rias vezes, on\u00e7a pintada na pescaria, o que \u00e9 o sonho de muita gente. E, por causa deste tipo de atitude, \u00e9 que fica cada vez mais dif\u00edcil. Foi justamente por isso que postei. Com o alcance da p\u00e1gina, pode ajudar a encontrar e punir os respons\u00e1veis&#8221;, argumentou.<\/p>\n<div><\/div>\n<div><\/div>\n<h2>Crueldade e indigna\u00e7\u00e3o<\/h2>\n<p>Na legenda, o empres\u00e1rio usa o termo &#8220;crueldade&#8221; e ressalta que possui o dever de fazer tal postagem, com a inten\u00e7\u00e3o de localizar os respons\u00e1veis. O v\u00eddeo foi um repost do bi\u00f3logo Roberto Cabral, que reside no estado de Minas Gerais. Tamb\u00e9m indignado com a situa\u00e7\u00e3o, diz que sempre lutou contra ca\u00e7adores e que o v\u00eddeo &#8220;explica por si s\u00f3&#8221;.<\/p>\n<p>&#8220;Imaginem: sua m\u00e3e \u00e9 morta na sua frente, depois cortam sua cabe\u00e7a e colocam na sua cara, seu irm\u00e3o tamb\u00e9m \u00e9 decepado e sua cabe\u00e7a mostrada a voc\u00ea. Qual n\u00edvel de psicopata voc\u00ea consideraria algu\u00e9m que fizesse isso? Qual n\u00edvel de crueldade e agress\u00e3o? O filhote est\u00e1 amarrado. Ser\u00e1\/foi torturado&#8221;, lamentou.<\/p>\n<p><strong>V\u00cdDEO: CENAS FORTES<\/strong><\/p>\n<div><\/div>\n<div><\/div>\n<p><iframe id=\"instagram-embed-0\" class=\"instagram-media instagram-media-rendered\" src=\"https:\/\/www.instagram.com\/reel\/CqPBdYQLiH0\/embed\/captioned\/?cr=1&amp;v=14&amp;wp=540&amp;rd=https%3A%2F%2Fmidiamax.uol.com.br&amp;rp=%2Fbrasil%2F2023%2Fcrueldade-filhote-de-onca-e-amarrado-e-fica-ao-lado-da-cabeca-decepada-da-suposta-mae-e-irmao%2F#%7B%22ci%22%3A0%2C%22os%22%3A3901%2C%22ls%22%3A602%2C%22le%22%3A3863%7D\" height=\"1761\" frameborder=\"0\" scrolling=\"no\" allowfullscreen=\"allowfullscreen\" data-instgrm-payload-id=\"instagram-media-payload-0\" data-mce-fragment=\"1\"><\/iframe><\/p>\n<h2 id=\"h-pena-branda\">Pena branda<\/h2>\n<p>Ainda de acordo com Cabral, \u00e9 poss\u00edvel que os ca\u00e7adores n\u00e3o tenham nenhuma puni\u00e7\u00e3o. No caso deste crime, que \u00e9 a ca\u00e7a sem permiss\u00e3o, a pena varia de seis meses a um ano. &#8220;E, na pr\u00e1tica, ningu\u00e9m vai preso&#8221;, complementou.<\/p>\n<p>Quem souber informa\u00e7\u00f5es sobre os criminosos, pode entrar em contato com a Linha Verde, do Ibama (Instituto Brasileiro do Meio Ambiente e dos Recursos Naturais Renov\u00e1veis), pelo telefone 0800 061 8080.<\/p>\n<p>&nbsp;<\/p>\n<p>&nbsp;<\/p>\n<p>Fonte: M\u00eddiamax\u00a0 &#8211; Graziela Rezende<\/p>\n","protected":false},"excerpt":{"rendered":"<p>V\u00eddeo que circula nas redes sociais mostra crueldade feita contra um dos mais belos felinos do mundo, a on\u00e7a pintada. Neste caso, as imagens mostram um filhote amarrado, que estaria ao lado da suposta m\u00e3e e irm\u00e3o. Pouco antes, dois animais teriam sido decepados e o sobrevivente \u00e9 obrigado a ficar ao lado das demais [&hellip;]<\/p>\n","protected":false},"author":5,"featured_media":235380,"comment_status":"closed","ping_status":"closed","sticky":false,"template":"","format":"standard","meta":{"footnotes":""},"categories":[38],"tags":[],"class_list":["post-235379","post","type-post","status-publish","format-standard","has-post-thumbnail","hentry","category-policia"],"_links":{"self":[{"href":"https:\/\/www.ocorreionews.com.br\/acervo-correio\/index.php?rest_route=\/wp\/v2\/posts\/235379","targetHints":{"allow":["GET"]}}],"collection":[{"href":"https:\/\/www.ocorreionews.com.br\/acervo-correio\/index.php?rest_route=\/wp\/v2\/posts"}],"about":[{"href":"https:\/\/www.ocorreionews.com.br\/acervo-correio\/index.php?rest_route=\/wp\/v2\/types\/post"}],"author":[{"embeddable":true,"href":"https:\/\/www.ocorreionews.com.br\/acervo-correio\/index.php?rest_route=\/wp\/v2\/users\/5"}],"replies":[{"embeddable":true,"href":"https:\/\/www.ocorreionews.com.br\/acervo-correio\/index.php?rest_route=%2Fwp%2Fv2%2Fcomments&post=235379"}],"version-history":[{"count":1,"href":"https:\/\/www.ocorreionews.com.br\/acervo-correio\/index.php?rest_route=\/wp\/v2\/posts\/235379\/revisions"}],"predecessor-version":[{"id":235381,"href":"https:\/\/www.ocorreionews.com.br\/acervo-correio\/index.php?rest_route=\/wp\/v2\/posts\/235379\/revisions\/235381"}],"wp:featuredmedia":[{"embeddable":true,"href":"https:\/\/www.ocorreionews.com.br\/acervo-correio\/index.php?rest_route=\/wp\/v2\/media\/235380"}],"wp:attachment":[{"href":"https:\/\/www.ocorreionews.com.br\/acervo-correio\/index.php?rest_route=%2Fwp%2Fv2%2Fmedia&parent=235379"}],"wp:term":[{"taxonomy":"category","embeddable":true,"href":"https:\/\/www.ocorreionews.com.br\/acervo-correio\/index.php?rest_route=%2Fwp%2Fv2%2Fcategories&post=235379"},{"taxonomy":"post_tag","embeddable":true,"href":"https:\/\/www.ocorreionews.com.br\/acervo-correio\/index.php?rest_route=%2Fwp%2Fv2%2Ftags&post=235379"}],"curies":[{"name":"wp","href":"https:\/\/api.w.org\/{rel}","templated":true}]}}