{"id":235388,"date":"2023-03-27T15:26:36","date_gmt":"2023-03-27T19:26:36","guid":{"rendered":"https:\/\/www.ocorreionews.com.br\/acervo-correio\/?p=235388"},"modified":"2023-03-27T15:30:25","modified_gmt":"2023-03-27T19:30:25","slug":"235388-2","status":"publish","type":"post","link":"https:\/\/www.ocorreionews.com.br\/acervo-correio\/?p=235388","title":{"rendered":"Professora morreu esfaqueada pelo aluno em SP; Ataque deixou 4 feridos"},"content":{"rendered":"<div id=\"chunk-354aa\">\n<div class=\"mc-column content-text active-extra-styles \" data-block-type=\"unstyled\" data-block-weight=\"48\" data-block-id=\"4\">\n<p class=\"content-text__container \" data-track-category=\"Link no Texto\" data-track-links=\"\">Quatro professoras e um aluno foram esfaqueados manh\u00e3 desta segunda-feira (27) dentro da Escola Estadual Thomazia Montoro, na Vila S\u00f4nia, em S\u00e3o Paulo, segundo o governo de S\u00e3o Paulo. Uma das professoras, Elisabete Tenreiro, de 71 anos, teve uma parada card\u00edaca e morreu no Hospital Universit\u00e1rio da USP.<\/p>\n<p data-track-category=\"Link no Texto\" data-track-links=\"\">\n<\/div>\n<\/div>\n<div class=\"wall protected-content\">\n<div id=\"chunk-dmphr\">\n<div class=\"mc-column content-text active-extra-styles \" data-block-type=\"unstyled\" data-block-weight=\"44\" data-block-id=\"5\">\n<p class=\"content-text__container \" data-track-category=\"Link no Texto\" data-track-links=\"\">O agressor, um aluno de 13 anos do oitavo ano na escola, foi desarmado por professoras, apreendido por policiais e levado para o 34\u00b0 DP, onde o caso foi registrado. O <strong>v\u00eddeo\u00a0 abaixo mostra o momento em que ele foi desarmado<\/strong> por duas professoras.<\/p>\n<p data-track-category=\"Link no Texto\" data-track-links=\"\">\n<\/div>\n<\/div>\n<p><a href=\"https:\/\/g1.globo.com\/sp\/sao-paulo\/video\/professora-imobiliza-agressor-para-salvar-vitima-na-escola-thomazia-montoro-11482739.ghtml\"><strong>Veja o V\u00eddeo acessando aqui<\/strong><\/a><\/p>\n<div class=\"mc-column content-text active-extra-styles\" data-block-type=\"raw\" data-block-weight=\"6\" data-block-id=\"6\">\n<p>&nbsp;<\/p>\n<\/div>\n<div id=\"chunk-8tkh0\">\n<div class=\"mc-column content-text active-extra-styles \" data-block-type=\"unstyled\" data-block-weight=\"56\" data-block-id=\"7\">\n<p class=\"content-text__container \" data-track-category=\"Link no Texto\" data-track-links=\"\">Inicialmente, a pol\u00edcia havia informado que dois alunos tinham sido atingidos. Um deles, por\u00e9m, foi socorrido em estado de choque, mas sem ferimentos. A outra crian\u00e7a ferida sofreu um corte no bra\u00e7o e foi levada a um hospital da regi\u00e3o. Segundo a m\u00e3e de outro aluno, ele tentou salvar uma das professoras e ficou ferido superficialmente.<\/p>\n<\/div>\n<\/div>\n<div id=\"chunk-ou0p\">\n<div class=\"content-ads content-ads--reveal\" data-block-type=\"ads\" data-block-id=\"8\">\n<div id=\"banner_materia2\" class=\"tag-manager-publicidade-container mc-has-reveal mc-has-ad-lazyload tag-manager-publicidade-banner_materia2 tag-manager-publicidade-container--carregado tag-manager-publicidade-container--visivel\" data-id=\"banner_materia2\" data-google-query-id=\"CP3GoIvn_P0CFaEGuQYd3z0Nsw\">\n<div id=\"google_ads_iframe_\/95377733\/tvg_G1\/Sua_Regiao&gt;Sudeste&gt;Sao_Paulo_3__container__\"><\/div>\n<\/div>\n<\/div>\n<\/div>\n<div id=\"chunk-foiof\">\n<div class=\"mc-column content-text active-extra-styles \" data-block-type=\"unstyled\" data-block-weight=\"14\" data-block-id=\"9\">\n<p class=\"content-text__container \" data-track-category=\"Link no Texto\" data-track-links=\"\">As v\u00edtimas foram levadas para os hospitais das Cl\u00ednicas, Bandeirantes, Universit\u00e1rio e S\u00e3o Lu\u00eds.<\/p>\n<\/div>\n<\/div>\n<div id=\"chunk-760cb\">\n<div class=\"bs-video-block mc-column content-media content-video\" data-block-type=\"backstage-video\" data-block-id=\"10\">\n<div class=\"content-media__container\">\n<div class=\"content-video__bigger-player-description-fixer\">\n<article class=\"content-video\">\n<section class=\"content-video__video-container\">\n<div class=\"content-video__video\">\n<div class=\"content-video__placeholder\" data-video-id=\"11482696\" data-video-has-viewport-play=\"True\"><\/div>\n<\/div>\n<\/section>\n<\/article>\n<\/div>\n<\/div>\n<\/div>\n<\/div>\n<\/div>\n<div id=\"chunk-760cb\">\n<div class=\"bs-video-block mc-column content-media content-video\" data-block-type=\"backstage-video\" data-block-id=\"10\">\n<div class=\"content-media__container\">\n<div class=\"content-video__bigger-player-description-fixer\">\n<article class=\"content-video\">\n<section class=\"content-video__video-container\">\n<div class=\"content-video__video\"><\/div>\n<\/section>\n<\/article>\n<\/div>\n<p class=\"content-media__description\"><a href=\"https:\/\/g1.globo.com\/sp\/sao-paulo\/video\/ataque-em-escola-mata-professora-e-quatro-feridos-11482696.ghtml\"><strong>Vejo o v\u00eddeo aqui do ataque em escola mata professora e deixa quatro feridos<\/strong><\/a><\/p>\n<p>&nbsp;<\/p>\n<\/div>\n<\/div>\n<\/div>\n<div id=\"chunk-3p4a7\">\n<div class=\"row medium-uncollapsed content-media content-photo\" data-block-type=\"backstage-photo\" data-block-id=\"11\">\n<div class=\"mc-column content-media__container\">\n<div class=\"content-media-container glb-skeleton-box\">\n<figure class=\"content-media-figure\">\n<p><figure style=\"width: 647px\" class=\"wp-caption aligncenter\"><img loading=\"lazy\" decoding=\"async\" class=\"i-amphtml-fill-content i-amphtml-replaced-content\" src=\"https:\/\/s2.glbimg.com\/YvGGbjENYROSiRKJJJ5vB4cKMJ4=\/0x0:539x357\/984x0\/smart\/filters:strip_icc()\/i.s3.glbimg.com\/v1\/AUTH_59edd422c0c84a879bd37670ae4f538a\/internal_photos\/bs\/2023\/s\/B\/HnAtpSQ76g6p2Olxayzw\/foto-professora.jpg\" sizes=\"auto, (max-width: 1366px) 648px, 100vw\" srcset=\"https:\/\/s2.glbimg.com\/Ab13yx0Ta7_IpX7RBg1vUVAHmEk=\/0x0:539x357\/1000x0\/smart\/filters:strip_icc()\/i.s3.glbimg.com\/v1\/AUTH_59edd422c0c84a879bd37670ae4f538a\/internal_photos\/bs\/2023\/s\/B\/HnAtpSQ76g6p2Olxayzw\/foto-professora.jpg 1000w, https:\/\/s2.glbimg.com\/YvGGbjENYROSiRKJJJ5vB4cKMJ4=\/0x0:539x357\/984x0\/smart\/filters:strip_icc()\/i.s3.glbimg.com\/v1\/AUTH_59edd422c0c84a879bd37670ae4f538a\/internal_photos\/bs\/2023\/s\/B\/HnAtpSQ76g6p2Olxayzw\/foto-professora.jpg 984w, https:\/\/s2.glbimg.com\/Bd1sooa97vdGkUGq6CHI5-33-gc=\/0x0:539x357\/640x0\/smart\/filters:strip_icc()\/i.s3.glbimg.com\/v1\/AUTH_59edd422c0c84a879bd37670ae4f538a\/internal_photos\/bs\/2023\/s\/B\/HnAtpSQ76g6p2Olxayzw\/foto-professora.jpg 640w, https:\/\/s2.glbimg.com\/592KzpchBEPBMYa2_KbKTyx_Z2g=\/0x0:539x357\/600x0\/smart\/filters:strip_icc()\/i.s3.glbimg.com\/v1\/AUTH_59edd422c0c84a879bd37670ae4f538a\/internal_photos\/bs\/2023\/s\/B\/HnAtpSQ76g6p2Olxayzw\/foto-professora.jpg 600w\" alt=\"Elisabete Tenreiro, 71 anos, morta no Hospital Universit\u00e1rio da USP ap\u00f3s ser esfaqueada por aluno em escola da Vila S\u00f4nia, em SP \u2014 Foto: Reprodu\u00e7\u00e3o\/ Redes sociais\" width=\"647\" height=\"429\" \/><figcaption class=\"wp-caption-text\">Elisabete Tenreiro, 71 anos, morta no Hospital Universit\u00e1rio da USP ap\u00f3s ser esfaqueada por aluno em escola da Vila S\u00f4nia, em SP \u2014 Foto: Reprodu\u00e7\u00e3o\/ Redes sociais<\/figcaption><\/figure><\/figure>\n<\/div>\n<p>&nbsp;<\/p>\n<\/div>\n<\/div>\n<\/div>\n<div id=\"chunk-86hso\">\n<div class=\"mc-column content-text active-extra-styles \" data-block-type=\"unstyled\" data-block-weight=\"45\" data-block-id=\"15\">\n<p class=\"content-text__container \" data-track-category=\"Link no Texto\" data-track-links=\"\">O vice-presidente Geraldo Alckmin (PSB) postou mensagem nas redes sociais sobre o ataque. &#8220;Transmito meus sentimentos e ora\u00e7\u00f5es \u00e0 fam\u00edlia da professora Elisabete Tenreiro, aos feridos e a toda a comunidade da Escola Estadual Thomazia Montoro, em S\u00e3o Paulo, atingida por uma lament\u00e1vel ocorr\u00eancia&#8221;, disse.<\/p>\n<p data-track-category=\"Link no Texto\" data-track-links=\"\">\n<\/div>\n<\/div>\n<div id=\"chunk-2j7bh\">\n<div class=\"mc-column content-text active-extra-styles \" data-block-type=\"unstyled\" data-block-weight=\"48\" data-block-id=\"16\">\n<p class=\"content-text__container \" data-track-category=\"Link no Texto\" data-track-links=\"\">O governador de S\u00e3o Paulo, Tarc\u00edsio de Freitas (Republicanos) que cumpre agenda fora do pa\u00eds, lamentou por meio das redes sociais &#8220;N\u00e3o tenho palavras para expressar a minha tristeza&#8221;, escreveu ele. \u00c0 colunista do<strong> g1<\/strong> Andreia Sadi, Freitas disse que estuda colocar policiais em escolas de forma permanente.<\/p>\n<p data-track-category=\"Link no Texto\" data-track-links=\"\">\n<\/div>\n<\/div>\n<div id=\"chunk-6t30s\">\n<div class=\"mc-column content-text active-extra-styles \" data-block-type=\"unstyled\" data-block-weight=\"21\" data-block-id=\"17\">\n<p class=\"content-text__container \" data-track-category=\"Link no Texto\" data-track-links=\"\">O prefeito da capital paulista, Ricardo Nunes (MDB), tamb\u00e9m lamentou o ataque. &#8220;Uma trag\u00e9dia que nos deixa sem palavras&#8221;, disse.<\/p>\n<p data-track-category=\"Link no Texto\" data-track-links=\"\">\n<\/div>\n<\/div>\n<div id=\"chunk-8m7v\">\n<div class=\"mc-column content-text active-extra-styles \" data-block-type=\"unstyled\" data-block-weight=\"42\" data-block-id=\"18\">\n<p class=\"content-text__container \" data-track-category=\"Link no Texto\" data-track-links=\"\">A ministra da Igualdade Racial, Anielle Franco, se solidarizou com as fam\u00edlias e disse que vai trabalhar pela seguran\u00e7a nas escolas. &#8220;Vamos trabalhar para que as escolas sejam lugares seguros para crian\u00e7as, jovens e toda a comunidade escolar&#8221;, afirmou em rede social.<\/p>\n<\/div>\n<\/div>\n<div id=\"chunk-3he4j\">\n<div class=\"content-ads content-ads--reveal\" data-block-type=\"ads\" data-block-id=\"19\">\n<div><\/div>\n<\/div>\n<\/div>\n<div id=\"chunk-9fcaq\">\n<div class=\"row medium-uncollapsed content-media content-photo\" data-block-type=\"backstage-photo\" data-block-id=\"20\">\n<div class=\"mc-column content-media__container\">\n<div class=\"content-media-container glb-skeleton-box\">\n<figure class=\"content-media-figure\">\n<p><figure style=\"width: 647px\" class=\"wp-caption aligncenter\"><img loading=\"lazy\" decoding=\"async\" class=\"i-amphtml-fill-content i-amphtml-replaced-content\" src=\"https:\/\/s2.glbimg.com\/ZSRnBu6NEEUWvhjv4EAEKh-dy1Y=\/0x0:1920x1080\/984x0\/smart\/filters:strip_icc()\/i.s3.glbimg.com\/v1\/AUTH_59edd422c0c84a879bd37670ae4f538a\/internal_photos\/bs\/2023\/a\/A\/o8myEgTteFIsFadAa5Ug\/ataque-a-escola-na-vila-sonia-sao-paulo.jpg\" sizes=\"auto, (max-width: 1366px) 648px, 100vw\" srcset=\"https:\/\/s2.glbimg.com\/pFTgF9GStjClFDjQDxbnanWUQh0=\/0x0:1920x1080\/1000x0\/smart\/filters:strip_icc()\/i.s3.glbimg.com\/v1\/AUTH_59edd422c0c84a879bd37670ae4f538a\/internal_photos\/bs\/2023\/a\/A\/o8myEgTteFIsFadAa5Ug\/ataque-a-escola-na-vila-sonia-sao-paulo.jpg 1000w, https:\/\/s2.glbimg.com\/ZSRnBu6NEEUWvhjv4EAEKh-dy1Y=\/0x0:1920x1080\/984x0\/smart\/filters:strip_icc()\/i.s3.glbimg.com\/v1\/AUTH_59edd422c0c84a879bd37670ae4f538a\/internal_photos\/bs\/2023\/a\/A\/o8myEgTteFIsFadAa5Ug\/ataque-a-escola-na-vila-sonia-sao-paulo.jpg 984w, https:\/\/s2.glbimg.com\/IJL9VCdf5438gsC4-NbUxYvCXhE=\/0x0:1920x1080\/640x0\/smart\/filters:strip_icc()\/i.s3.glbimg.com\/v1\/AUTH_59edd422c0c84a879bd37670ae4f538a\/internal_photos\/bs\/2023\/a\/A\/o8myEgTteFIsFadAa5Ug\/ataque-a-escola-na-vila-sonia-sao-paulo.jpg 640w, https:\/\/s2.glbimg.com\/e-WcZzixKYmuVdrT0zXyVJfEa48=\/0x0:1920x1080\/600x0\/smart\/filters:strip_icc()\/i.s3.glbimg.com\/v1\/AUTH_59edd422c0c84a879bd37670ae4f538a\/internal_photos\/bs\/2023\/a\/A\/o8myEgTteFIsFadAa5Ug\/ataque-a-escola-na-vila-sonia-sao-paulo.jpg 600w\" alt=\"Professores e alunos foram esfaqueados na Escola Estadual Thomazia Montoro, na Vila S\u00f4nia, em S\u00e3o Paulo, no dia 27 de mar\u00e7o de 2023 \u2014 Foto: Cristina Mayumi\/TV Globo\" width=\"647\" height=\"364\" \/><figcaption class=\"wp-caption-text\">Professores e alunos foram esfaqueados na Escola Estadual Thomazia Montoro, na Vila S\u00f4nia, em S\u00e3o Paulo, no dia 27 de mar\u00e7o de 2023 \u2014 Foto: Cristina Mayumi\/TV Globo<\/figcaption><\/figure><\/figure>\n<\/div>\n<p class=\"content-media__description \">\n<\/div>\n<\/div>\n<\/div>\n<div id=\"chunk-6vhn6\">\n<div class=\"mc-column content-text active-extra-styles \" data-block-type=\"unstyled\" data-block-weight=\"21\" data-block-id=\"21\">\n<p class=\"content-text__container \" data-track-category=\"Link no Texto\" data-track-links=\"\">Na porta da escola, pais relataram \u00e0 reportagem da TV Globo que agress\u00f5es f\u00edsicas entre os alunos s\u00e3o constantes na escola.<\/p>\n<div class=\"content-media-container glb-skeleton-box\">\n<figure class=\"content-media-figure\">\n<p><figure style=\"width: 647px\" class=\"wp-caption aligncenter\"><img loading=\"lazy\" decoding=\"async\" class=\"i-amphtml-fill-content i-amphtml-replaced-content\" src=\"https:\/\/s2.glbimg.com\/5N9I1NU-gT55O11MFaeOpO3mfeY=\/0x0:854x1280\/984x0\/smart\/filters:strip_icc()\/i.s3.glbimg.com\/v1\/AUTH_59edd422c0c84a879bd37670ae4f538a\/internal_photos\/bs\/2023\/g\/w\/cH6fjUTUihH57yhSCYyQ\/mapa-do-acidente.jpg\" sizes=\"auto, (max-width: 1366px) 648px, 100vw\" srcset=\"https:\/\/s2.glbimg.com\/LH7b32M1YRz8Td9xmxy_hmoKmNU=\/0x0:854x1280\/1000x0\/smart\/filters:strip_icc()\/i.s3.glbimg.com\/v1\/AUTH_59edd422c0c84a879bd37670ae4f538a\/internal_photos\/bs\/2023\/g\/w\/cH6fjUTUihH57yhSCYyQ\/mapa-do-acidente.jpg 1000w, https:\/\/s2.glbimg.com\/5N9I1NU-gT55O11MFaeOpO3mfeY=\/0x0:854x1280\/984x0\/smart\/filters:strip_icc()\/i.s3.glbimg.com\/v1\/AUTH_59edd422c0c84a879bd37670ae4f538a\/internal_photos\/bs\/2023\/g\/w\/cH6fjUTUihH57yhSCYyQ\/mapa-do-acidente.jpg 984w, https:\/\/s2.glbimg.com\/emJd82k5Qzodvr8p8J9Ghs9YfXA=\/0x0:854x1280\/640x0\/smart\/filters:strip_icc()\/i.s3.glbimg.com\/v1\/AUTH_59edd422c0c84a879bd37670ae4f538a\/internal_photos\/bs\/2023\/g\/w\/cH6fjUTUihH57yhSCYyQ\/mapa-do-acidente.jpg 640w, https:\/\/s2.glbimg.com\/AKpMIFR8FqzlbZTLxlJc446nQqo=\/0x0:854x1280\/600x0\/smart\/filters:strip_icc()\/i.s3.glbimg.com\/v1\/AUTH_59edd422c0c84a879bd37670ae4f538a\/internal_photos\/bs\/2023\/g\/w\/cH6fjUTUihH57yhSCYyQ\/mapa-do-acidente.jpg 600w\" alt=\"Atentado em escola em S\u00e3o Paulo \u2014 Foto: Arte\/g1\" width=\"647\" height=\"971\" \/><figcaption class=\"wp-caption-text\">Atentado em escola em S\u00e3o Paulo \u2014 Foto: Arte\/g1<\/figcaption><\/figure><\/figure>\n<\/div>\n<p data-track-category=\"Link no Texto\" data-track-links=\"\">Por g1 SP e TV Globo<\/p>\n<p data-track-category=\"Link no Texto\" data-track-links=\"\">\n<\/div>\n<\/div>\n","protected":false},"excerpt":{"rendered":"<p>Quatro professoras e um aluno foram esfaqueados manh\u00e3 desta segunda-feira (27) dentro da Escola Estadual Thomazia Montoro, na Vila S\u00f4nia, em S\u00e3o Paulo, segundo o governo de S\u00e3o Paulo. Uma das professoras, Elisabete Tenreiro, de 71 anos, teve uma parada card\u00edaca e morreu no Hospital Universit\u00e1rio da USP. O agressor, um aluno de 13 anos [&hellip;]<\/p>\n","protected":false},"author":5,"featured_media":235389,"comment_status":"closed","ping_status":"closed","sticky":false,"template":"","format":"standard","meta":{"footnotes":""},"categories":[38],"tags":[],"class_list":["post-235388","post","type-post","status-publish","format-standard","has-post-thumbnail","hentry","category-policia"],"_links":{"self":[{"href":"https:\/\/www.ocorreionews.com.br\/acervo-correio\/index.php?rest_route=\/wp\/v2\/posts\/235388","targetHints":{"allow":["GET"]}}],"collection":[{"href":"https:\/\/www.ocorreionews.com.br\/acervo-correio\/index.php?rest_route=\/wp\/v2\/posts"}],"about":[{"href":"https:\/\/www.ocorreionews.com.br\/acervo-correio\/index.php?rest_route=\/wp\/v2\/types\/post"}],"author":[{"embeddable":true,"href":"https:\/\/www.ocorreionews.com.br\/acervo-correio\/index.php?rest_route=\/wp\/v2\/users\/5"}],"replies":[{"embeddable":true,"href":"https:\/\/www.ocorreionews.com.br\/acervo-correio\/index.php?rest_route=%2Fwp%2Fv2%2Fcomments&post=235388"}],"version-history":[{"count":1,"href":"https:\/\/www.ocorreionews.com.br\/acervo-correio\/index.php?rest_route=\/wp\/v2\/posts\/235388\/revisions"}],"predecessor-version":[{"id":235392,"href":"https:\/\/www.ocorreionews.com.br\/acervo-correio\/index.php?rest_route=\/wp\/v2\/posts\/235388\/revisions\/235392"}],"wp:featuredmedia":[{"embeddable":true,"href":"https:\/\/www.ocorreionews.com.br\/acervo-correio\/index.php?rest_route=\/wp\/v2\/media\/235389"}],"wp:attachment":[{"href":"https:\/\/www.ocorreionews.com.br\/acervo-correio\/index.php?rest_route=%2Fwp%2Fv2%2Fmedia&parent=235388"}],"wp:term":[{"taxonomy":"category","embeddable":true,"href":"https:\/\/www.ocorreionews.com.br\/acervo-correio\/index.php?rest_route=%2Fwp%2Fv2%2Fcategories&post=235388"},{"taxonomy":"post_tag","embeddable":true,"href":"https:\/\/www.ocorreionews.com.br\/acervo-correio\/index.php?rest_route=%2Fwp%2Fv2%2Ftags&post=235388"}],"curies":[{"name":"wp","href":"https:\/\/api.w.org\/{rel}","templated":true}]}}