{"id":235432,"date":"2023-03-28T08:36:08","date_gmt":"2023-03-28T12:36:08","guid":{"rendered":"https:\/\/www.ocorreionews.com.br\/acervo-correio\/?p=235432"},"modified":"2023-03-28T08:36:08","modified_gmt":"2023-03-28T12:36:08","slug":"adolescente-em-motocicleta-foge-da-pm-e-so-para-depois-de-cair-do-veiculo-em-chapadao-do-sul","status":"publish","type":"post","link":"https:\/\/www.ocorreionews.com.br\/acervo-correio\/?p=235432","title":{"rendered":"Adolescente em motocicleta foge da PM e s\u00f3 para depois de cair do ve\u00edculo em Chapad\u00e3o do Sul"},"content":{"rendered":"<p>&nbsp;<\/p>\n<p>Um adolescente de 16 anos, foi apreendido na madrugada desta ter\u00e7a-feira (28), em Chapad\u00e3o do Sul, depois de tentar fugir de uma abordagem policial e s\u00f3 parou quando sofreu uma queda da motocicleta.<\/p>\n<p>Segundo informa\u00e7\u00f5es do Boletim de Ocorr\u00eancia, por volta das 00h35min, uma equipe da Pol\u00edcia Militar realizava patrulhamento ostensivo e preventivo no Centro da cidade, quando avistou uma motocicleta em atitude suspeita, quando, ao ver a viatura da PM, demonstrou nervosismo e tentou disfar\u00e7ar.<\/p>\n<p>O condutor tentou empreender fuga pela contram\u00e3o em v\u00e1rias ruas do centro da cidade, at\u00e9 que na Rua Doze, veio a perder o controle da dire\u00e7\u00e3o e cair em um monte de entulho.<\/p>\n<p>Foi realizada a abordagem e constatado que se tratava de um menor, o qual alegou ter corrido pois pegou a motocicleta, uma Honda\/Biz de cor vermelha, escondido de seus pais.<\/p>\n<p>O Adolescente foi apreendido e encaminhado \u00e0 delegacia de pol\u00edcia. A motocicleta foi recolhida ao p\u00e1tio do Detran.<\/p>\n<p><a href=\"https:\/\/www.ocorreionews.com.br\/acervo-correio\/adolescente-e-apreendido-depois-de-ser-flagrado-pilotando-moto-em-alta-velocidade-e-fugir-de-abordagem-policial\/?fbclid=IwAR0wQjp2pxJjl8MlNw5rjdyFvXLXl1t_liYsTivXjXoFRkD1xjTnAMhjOfM\">Este \u00e9 o segundo caso em tr\u00eas dias em que adolescente \u00e9 flagrado pela pol\u00edcia militar de Chapad\u00e3o do Sul pilotando motos e empreendem fuga e s\u00f3 param quando sofreram quedas dos ve\u00edculos.<\/a><\/p>\n","protected":false},"excerpt":{"rendered":"<p>&nbsp; Um adolescente de 16 anos, foi apreendido na madrugada desta ter\u00e7a-feira (28), em Chapad\u00e3o do Sul, depois de tentar fugir de uma abordagem policial e s\u00f3 parou quando sofreu uma queda da motocicleta. Segundo informa\u00e7\u00f5es do Boletim de Ocorr\u00eancia, por volta das 00h35min, uma equipe da Pol\u00edcia Militar realizava patrulhamento ostensivo e preventivo no [&hellip;]<\/p>\n","protected":false},"author":5,"featured_media":229309,"comment_status":"closed","ping_status":"closed","sticky":false,"template":"","format":"standard","meta":{"footnotes":""},"categories":[23,38],"tags":[],"class_list":["post-235432","post","type-post","status-publish","format-standard","has-post-thumbnail","hentry","category-chapadao-do-sul","category-policia"],"_links":{"self":[{"href":"https:\/\/www.ocorreionews.com.br\/acervo-correio\/index.php?rest_route=\/wp\/v2\/posts\/235432","targetHints":{"allow":["GET"]}}],"collection":[{"href":"https:\/\/www.ocorreionews.com.br\/acervo-correio\/index.php?rest_route=\/wp\/v2\/posts"}],"about":[{"href":"https:\/\/www.ocorreionews.com.br\/acervo-correio\/index.php?rest_route=\/wp\/v2\/types\/post"}],"author":[{"embeddable":true,"href":"https:\/\/www.ocorreionews.com.br\/acervo-correio\/index.php?rest_route=\/wp\/v2\/users\/5"}],"replies":[{"embeddable":true,"href":"https:\/\/www.ocorreionews.com.br\/acervo-correio\/index.php?rest_route=%2Fwp%2Fv2%2Fcomments&post=235432"}],"version-history":[{"count":1,"href":"https:\/\/www.ocorreionews.com.br\/acervo-correio\/index.php?rest_route=\/wp\/v2\/posts\/235432\/revisions"}],"predecessor-version":[{"id":235435,"href":"https:\/\/www.ocorreionews.com.br\/acervo-correio\/index.php?rest_route=\/wp\/v2\/posts\/235432\/revisions\/235435"}],"wp:featuredmedia":[{"embeddable":true,"href":"https:\/\/www.ocorreionews.com.br\/acervo-correio\/index.php?rest_route=\/wp\/v2\/media\/229309"}],"wp:attachment":[{"href":"https:\/\/www.ocorreionews.com.br\/acervo-correio\/index.php?rest_route=%2Fwp%2Fv2%2Fmedia&parent=235432"}],"wp:term":[{"taxonomy":"category","embeddable":true,"href":"https:\/\/www.ocorreionews.com.br\/acervo-correio\/index.php?rest_route=%2Fwp%2Fv2%2Fcategories&post=235432"},{"taxonomy":"post_tag","embeddable":true,"href":"https:\/\/www.ocorreionews.com.br\/acervo-correio\/index.php?rest_route=%2Fwp%2Fv2%2Ftags&post=235432"}],"curies":[{"name":"wp","href":"https:\/\/api.w.org\/{rel}","templated":true}]}}