{"id":235434,"date":"2023-03-28T08:50:33","date_gmt":"2023-03-28T12:50:33","guid":{"rendered":"https:\/\/www.ocorreionews.com.br\/acervo-correio\/?p=235434"},"modified":"2023-03-28T09:36:56","modified_gmt":"2023-03-28T13:36:56","slug":"pm-de-costa-apreende-equipamentos-de-som-em-bar-que-incomodava-a-vizinhanca","status":"publish","type":"post","link":"https:\/\/www.ocorreionews.com.br\/acervo-correio\/?p=235434","title":{"rendered":"PM de Costa Rica apreende equipamentos de som em Bar que incomodava a vizinhan\u00e7a"},"content":{"rendered":"<p>Na noite da \u00faltima sexta-feira (24), uma mulher de 44 anos, propriet\u00e1ria de um estabelecimento comercial, teve seus equipamentos de som apreendido, por perturbar a vizinhan\u00e7a com o alto volume.<\/p>\n<p>Segundo informa\u00e7\u00f5es do Boletim de Ocorr\u00eancia, a Pol\u00edcia Militar foi acionada diversas vezes sobre som alto em um estabelecimento comercial localizado na RuaJ esquina com a M, onde a por v\u00e1rias vezes a propriet\u00e1ria foi devidamente orientada e conscientizada.<\/p>\n<p>Por\u00e9m as den\u00fancias continuavam e, por volta das 22 horas de sexta-feira, os policiais apreenderam o equipamento sonoro e encaminharam a propriet\u00e1ria para delegacia para tomar as provid\u00eancias cab\u00edveis.<\/p>\n","protected":false},"excerpt":{"rendered":"<p>Na noite da \u00faltima sexta-feira (24), uma mulher de 44 anos, propriet\u00e1ria de um estabelecimento comercial, teve seus equipamentos de som apreendido, por perturbar a vizinhan\u00e7a com o alto volume. Segundo informa\u00e7\u00f5es do Boletim de Ocorr\u00eancia, a Pol\u00edcia Militar foi acionada diversas vezes sobre som alto em um estabelecimento comercial localizado na RuaJ esquina com [&hellip;]<\/p>\n","protected":false},"author":5,"featured_media":235436,"comment_status":"closed","ping_status":"closed","sticky":false,"template":"","format":"standard","meta":{"footnotes":""},"categories":[25,38],"tags":[],"class_list":["post-235434","post","type-post","status-publish","format-standard","has-post-thumbnail","hentry","category-costa-rica","category-policia"],"_links":{"self":[{"href":"https:\/\/www.ocorreionews.com.br\/acervo-correio\/index.php?rest_route=\/wp\/v2\/posts\/235434","targetHints":{"allow":["GET"]}}],"collection":[{"href":"https:\/\/www.ocorreionews.com.br\/acervo-correio\/index.php?rest_route=\/wp\/v2\/posts"}],"about":[{"href":"https:\/\/www.ocorreionews.com.br\/acervo-correio\/index.php?rest_route=\/wp\/v2\/types\/post"}],"author":[{"embeddable":true,"href":"https:\/\/www.ocorreionews.com.br\/acervo-correio\/index.php?rest_route=\/wp\/v2\/users\/5"}],"replies":[{"embeddable":true,"href":"https:\/\/www.ocorreionews.com.br\/acervo-correio\/index.php?rest_route=%2Fwp%2Fv2%2Fcomments&post=235434"}],"version-history":[{"count":1,"href":"https:\/\/www.ocorreionews.com.br\/acervo-correio\/index.php?rest_route=\/wp\/v2\/posts\/235434\/revisions"}],"predecessor-version":[{"id":235458,"href":"https:\/\/www.ocorreionews.com.br\/acervo-correio\/index.php?rest_route=\/wp\/v2\/posts\/235434\/revisions\/235458"}],"wp:featuredmedia":[{"embeddable":true,"href":"https:\/\/www.ocorreionews.com.br\/acervo-correio\/index.php?rest_route=\/wp\/v2\/media\/235436"}],"wp:attachment":[{"href":"https:\/\/www.ocorreionews.com.br\/acervo-correio\/index.php?rest_route=%2Fwp%2Fv2%2Fmedia&parent=235434"}],"wp:term":[{"taxonomy":"category","embeddable":true,"href":"https:\/\/www.ocorreionews.com.br\/acervo-correio\/index.php?rest_route=%2Fwp%2Fv2%2Fcategories&post=235434"},{"taxonomy":"post_tag","embeddable":true,"href":"https:\/\/www.ocorreionews.com.br\/acervo-correio\/index.php?rest_route=%2Fwp%2Fv2%2Ftags&post=235434"}],"curies":[{"name":"wp","href":"https:\/\/api.w.org\/{rel}","templated":true}]}}