{"id":235446,"date":"2023-03-28T09:03:12","date_gmt":"2023-03-28T13:03:12","guid":{"rendered":"https:\/\/www.ocorreionews.com.br\/acervo-correio\/?p=235446"},"modified":"2023-03-28T09:03:12","modified_gmt":"2023-03-28T13:03:12","slug":"aluno-de-14-anos-e-flagrado-com-porcao-de-maconha-na-mochila-em-costa-rica","status":"publish","type":"post","link":"https:\/\/www.ocorreionews.com.br\/acervo-correio\/?p=235446","title":{"rendered":"Aluno de 14 anos \u00e9 flagrado com por\u00e7\u00e3o de maconha na mochila em Costa Rica"},"content":{"rendered":"<p>Na tarde desta segunda-feira (27), policiais militares encontraram uma por\u00e7\u00e3o de maconha com um aluno de 14 anos dentro da escola em Costa Rica.<\/p>\n<p>De acordo com informa\u00e7\u00f5es do Boletim de Ocorr\u00eancia, por volta das 14 horas, a Pol\u00edcia Militar recebeu den\u00fancia de que em uma escola municipal teria um aluno carregando um objeto estranho na mochila. No local, os policiais localizaram o aluno e, ao verificar em sua mochila, localizaram uma por\u00e7\u00e3o de 1,2g de subst\u00e2ncia an\u00e1loga \u00e0 maconha.<\/p>\n<p>O Conselho tutelar foi acionado e o menor encaminhado para delegacia para provid\u00eancias.<\/p>\n","protected":false},"excerpt":{"rendered":"<p>Na tarde desta segunda-feira (27), policiais militares encontraram uma por\u00e7\u00e3o de maconha com um aluno de 14 anos dentro da escola em Costa Rica. De acordo com informa\u00e7\u00f5es do Boletim de Ocorr\u00eancia, por volta das 14 horas, a Pol\u00edcia Militar recebeu den\u00fancia de que em uma escola municipal teria um aluno carregando um objeto estranho [&hellip;]<\/p>\n","protected":false},"author":5,"featured_media":235438,"comment_status":"closed","ping_status":"closed","sticky":false,"template":"","format":"standard","meta":{"footnotes":""},"categories":[25,38],"tags":[],"class_list":["post-235446","post","type-post","status-publish","format-standard","has-post-thumbnail","hentry","category-costa-rica","category-policia"],"_links":{"self":[{"href":"https:\/\/www.ocorreionews.com.br\/acervo-correio\/index.php?rest_route=\/wp\/v2\/posts\/235446","targetHints":{"allow":["GET"]}}],"collection":[{"href":"https:\/\/www.ocorreionews.com.br\/acervo-correio\/index.php?rest_route=\/wp\/v2\/posts"}],"about":[{"href":"https:\/\/www.ocorreionews.com.br\/acervo-correio\/index.php?rest_route=\/wp\/v2\/types\/post"}],"author":[{"embeddable":true,"href":"https:\/\/www.ocorreionews.com.br\/acervo-correio\/index.php?rest_route=\/wp\/v2\/users\/5"}],"replies":[{"embeddable":true,"href":"https:\/\/www.ocorreionews.com.br\/acervo-correio\/index.php?rest_route=%2Fwp%2Fv2%2Fcomments&post=235446"}],"version-history":[{"count":1,"href":"https:\/\/www.ocorreionews.com.br\/acervo-correio\/index.php?rest_route=\/wp\/v2\/posts\/235446\/revisions"}],"predecessor-version":[{"id":235450,"href":"https:\/\/www.ocorreionews.com.br\/acervo-correio\/index.php?rest_route=\/wp\/v2\/posts\/235446\/revisions\/235450"}],"wp:featuredmedia":[{"embeddable":true,"href":"https:\/\/www.ocorreionews.com.br\/acervo-correio\/index.php?rest_route=\/wp\/v2\/media\/235438"}],"wp:attachment":[{"href":"https:\/\/www.ocorreionews.com.br\/acervo-correio\/index.php?rest_route=%2Fwp%2Fv2%2Fmedia&parent=235446"}],"wp:term":[{"taxonomy":"category","embeddable":true,"href":"https:\/\/www.ocorreionews.com.br\/acervo-correio\/index.php?rest_route=%2Fwp%2Fv2%2Fcategories&post=235446"},{"taxonomy":"post_tag","embeddable":true,"href":"https:\/\/www.ocorreionews.com.br\/acervo-correio\/index.php?rest_route=%2Fwp%2Fv2%2Ftags&post=235446"}],"curies":[{"name":"wp","href":"https:\/\/api.w.org\/{rel}","templated":true}]}}