{"id":235451,"date":"2023-03-28T09:25:48","date_gmt":"2023-03-28T13:25:48","guid":{"rendered":"https:\/\/www.ocorreionews.com.br\/acervo-correio\/?p=235451"},"modified":"2023-03-28T09:25:48","modified_gmt":"2023-03-28T13:25:48","slug":"pai-e-preso-suspeito-de-estuprar-filhas-em-cacu-e-divulgar-videos-dos-abusos-nas-redes-sociais","status":"publish","type":"post","link":"https:\/\/www.ocorreionews.com.br\/acervo-correio\/?p=235451","title":{"rendered":"Pai \u00e9 preso suspeito de estuprar filhas em Ca\u00e7u e divulgar v\u00eddeos dos abusos nas redes sociais"},"content":{"rendered":"<div id=\"chunk-ae10f\">\n<div class=\"mc-column content-text active-extra-styles \" data-block-type=\"unstyled\" data-block-weight=\"48\" data-block-id=\"3\">\n<p class=\"content-text__container \" data-track-category=\"Link no Texto\" data-track-links=\"\">Um homem foi preso em flagrante, nesta segunda-feira (27), suspeito de estuprar a pr\u00f3pria filha, de 10 anos, e compartilhar v\u00eddeos do crime nas redes sociais, em Ca\u00e7u, no sudoeste goiano. Segundo o delegado Nicolas Alvarenga, o homem tamb\u00e9m armazenava m\u00eddias pornogr\u00e1ficas da outra filha, de 16 anos.<\/p>\n<\/div>\n<\/div>\n<div class=\"wall protected-content\">\n<p>&nbsp;<\/p>\n<div id=\"chunk-dsrlc\">\n<div class=\"mc-column content-text active-extra-styles \" data-block-type=\"unstyled\" data-block-weight=\"27\" data-block-id=\"5\">\n<p class=\"content-text__container \" data-track-category=\"Link no Texto\" data-track-links=\"\">Como o nome do suspeito n\u00e3o foi divulgado, o g1 n\u00e3o conseguiu localizar a defesa dele para que se posicionasse at\u00e9 a \u00faltima atualiza\u00e7\u00e3o desta reportagem.<\/p>\n<\/div>\n<\/div>\n<div id=\"chunk-1aqtn\">\n<div class=\"mc-column content-text active-extra-styles \" data-block-type=\"unstyled\" data-block-weight=\"3\" data-block-id=\"6\"><\/div>\n<\/div>\n<div class=\"mc-column content-text active-extra-styles\" data-block-type=\"raw\" data-block-weight=\"43\" data-block-id=\"7\">\n<p>&nbsp;<\/p>\n<\/div>\n<div id=\"chunk-286rs\">\n<div class=\"content-ads content-ads--reveal\" data-block-type=\"ads\" data-block-id=\"8\">\n<div><\/div>\n<\/div>\n<\/div>\n<div id=\"chunk-8ukh2\">\n<div class=\"mc-column content-text active-extra-styles \" data-block-type=\"unstyled\" data-block-weight=\"33\" data-block-id=\"9\">\n<p class=\"content-text__container \" data-track-category=\"Link no Texto\" data-track-links=\"\">A investiga\u00e7\u00e3o come\u00e7ou, de acordo com o delegado, ap\u00f3s o v\u00eddeo em que o homem aparece praticando atos sexuais com sua filha, de 10 anos, chegar ao conhecimento da Pol\u00edcia Civil (PC).<\/p>\n<p data-track-category=\"Link no Texto\" data-track-links=\"\">\n<\/div>\n<\/div>\n<div id=\"chunk-c3h7l\">\n<div class=\"mc-column content-text active-extra-styles \" data-block-type=\"unstyled\" data-block-weight=\"40\" data-block-id=\"10\">\n<p class=\"content-text__container \" data-track-category=\"Link no Texto\" data-track-links=\"\">Ele afirma que o suspeito usava o celular para produzir e armazenar imagens e v\u00eddeos de teor sexual das filhas, como cenas e poses sensuais. Al\u00e9m do mandado de pris\u00e3o, tamb\u00e9m tamb\u00e9m foi cumprido um mandado de busca e apreens\u00e3o.<\/p>\n<p data-track-category=\"Link no Texto\" data-track-links=\"\">\n<\/div>\n<\/div>\n<div id=\"chunk-ei8vl\">\n<div class=\"mc-column content-text active-extra-styles \" data-block-type=\"unstyled\" data-block-weight=\"22\" data-block-id=\"11\">\n<p class=\"content-text__container \" data-track-category=\"Link no Texto\" data-track-links=\"\">\u201cChegou [conte\u00fado pornogr\u00e1fico] na semana passada. A\u00ed j\u00e1 pedimos a pris\u00e3o. Ele publicou no status do whatsApp para todo mundo ver\u201d, explicou.<\/p>\n<p data-track-category=\"Link no Texto\" data-track-links=\"\">\n<\/div>\n<\/div>\n<div id=\"chunk-9g45l\">\n<div class=\"mc-column content-text active-extra-styles \" data-block-type=\"unstyled\" data-block-weight=\"53\" data-block-id=\"12\">\n<p class=\"content-text__container \" data-track-category=\"Link no Texto\" data-track-links=\"\">Depois de preso, o homem foi encaminhado para o pres\u00eddio de Cachoeira Alta, onde se encontra \u00e0 disposi\u00e7\u00e3o da Justi\u00e7a.<\/p>\n<p class=\"content-text__container \" data-track-category=\"Link no Texto\" data-track-links=\"\">Segundo Nicolas, caso seja condenado, o pai poder\u00e1 pegar uma pena de at\u00e9 21 anos de pris\u00e3o pelos crimes de estupro de vulner\u00e1vel e divulga\u00e7\u00e3o de cena de sexo envolvendo crian\u00e7a e adolescente.<\/p>\n<p data-track-category=\"Link no Texto\" data-track-links=\"\">\n<p class=\"content-text__container \" data-track-category=\"Link no Texto\" data-track-links=\"\">Por Pedro Moura, g1 Goi\u00e1s<\/p>\n<\/div>\n<\/div>\n<\/div>\n","protected":false},"excerpt":{"rendered":"<p>Um homem foi preso em flagrante, nesta segunda-feira (27), suspeito de estuprar a pr\u00f3pria filha, de 10 anos, e compartilhar v\u00eddeos do crime nas redes sociais, em Ca\u00e7u, no sudoeste goiano. Segundo o delegado Nicolas Alvarenga, o homem tamb\u00e9m armazenava m\u00eddias pornogr\u00e1ficas da outra filha, de 16 anos. &nbsp; Como o nome do suspeito n\u00e3o [&hellip;]<\/p>\n","protected":false},"author":5,"featured_media":229215,"comment_status":"closed","ping_status":"closed","sticky":false,"template":"","format":"standard","meta":{"footnotes":""},"categories":[38],"tags":[],"class_list":["post-235451","post","type-post","status-publish","format-standard","has-post-thumbnail","hentry","category-policia"],"_links":{"self":[{"href":"https:\/\/www.ocorreionews.com.br\/acervo-correio\/index.php?rest_route=\/wp\/v2\/posts\/235451","targetHints":{"allow":["GET"]}}],"collection":[{"href":"https:\/\/www.ocorreionews.com.br\/acervo-correio\/index.php?rest_route=\/wp\/v2\/posts"}],"about":[{"href":"https:\/\/www.ocorreionews.com.br\/acervo-correio\/index.php?rest_route=\/wp\/v2\/types\/post"}],"author":[{"embeddable":true,"href":"https:\/\/www.ocorreionews.com.br\/acervo-correio\/index.php?rest_route=\/wp\/v2\/users\/5"}],"replies":[{"embeddable":true,"href":"https:\/\/www.ocorreionews.com.br\/acervo-correio\/index.php?rest_route=%2Fwp%2Fv2%2Fcomments&post=235451"}],"version-history":[{"count":1,"href":"https:\/\/www.ocorreionews.com.br\/acervo-correio\/index.php?rest_route=\/wp\/v2\/posts\/235451\/revisions"}],"predecessor-version":[{"id":235452,"href":"https:\/\/www.ocorreionews.com.br\/acervo-correio\/index.php?rest_route=\/wp\/v2\/posts\/235451\/revisions\/235452"}],"wp:featuredmedia":[{"embeddable":true,"href":"https:\/\/www.ocorreionews.com.br\/acervo-correio\/index.php?rest_route=\/wp\/v2\/media\/229215"}],"wp:attachment":[{"href":"https:\/\/www.ocorreionews.com.br\/acervo-correio\/index.php?rest_route=%2Fwp%2Fv2%2Fmedia&parent=235451"}],"wp:term":[{"taxonomy":"category","embeddable":true,"href":"https:\/\/www.ocorreionews.com.br\/acervo-correio\/index.php?rest_route=%2Fwp%2Fv2%2Fcategories&post=235451"},{"taxonomy":"post_tag","embeddable":true,"href":"https:\/\/www.ocorreionews.com.br\/acervo-correio\/index.php?rest_route=%2Fwp%2Fv2%2Ftags&post=235451"}],"curies":[{"name":"wp","href":"https:\/\/api.w.org\/{rel}","templated":true}]}}