{"id":235453,"date":"2023-03-28T09:27:54","date_gmt":"2023-03-28T13:27:54","guid":{"rendered":"https:\/\/www.ocorreionews.com.br\/acervo-correio\/?p=235453"},"modified":"2023-03-28T09:27:54","modified_gmt":"2023-03-28T13:27:54","slug":"adolescente-suspeita-de-matar-a-facadas-enteado-de-4-anos-e-solta-em-mt","status":"publish","type":"post","link":"https:\/\/www.ocorreionews.com.br\/acervo-correio\/?p=235453","title":{"rendered":"Adolescente suspeita de matar a facadas enteado de 4 anos \u00e9 solta em MT"},"content":{"rendered":"<div id=\"chunk-12tra\">\n<div class=\"mc-column content-text active-extra-styles \" data-block-type=\"unstyled\" data-block-weight=\"54\" data-block-id=\"3\">\n<p class=\"content-text__container \" data-track-category=\"Link no Texto\" data-track-links=\"\">A adolescente de 14 anos, que foi apreendida por suspeita de matar o enteado dela, de 4 anos, em Nova Ubirat\u00e3, a 506 km de Cuiab\u00e1, foi solta, nesta segunda-feira (27). Segundo o delegado da Pol\u00edcia Civil respons\u00e1vel pela investiga\u00e7\u00e3o, Bruno Fran\u00e7a, as provas indicam que a confiss\u00e3o da adolescente n\u00e3o est\u00e1 sendo sustentada.<\/p>\n<p data-track-category=\"Link no Texto\" data-track-links=\"\">\n<\/div>\n<\/div>\n<div class=\"wall protected-content\">\n<div id=\"chunk-edb9p\">\n<div class=\"mc-column content-text active-extra-styles \" data-block-type=\"unstyled\" data-block-weight=\"43\" data-block-id=\"4\">\n<p class=\"content-text__container \" data-track-category=\"Link no Texto\" data-track-links=\"\">A adolescente foi apreendida na \u00faltima sexta-feira (24). De acordo com a Pol\u00edcia Civil, ela apresentou tr\u00eas vers\u00f5es enquanto era conduzida \u00e0 delegacia. Antes de admitir o crime, ela afirmou que um homem tentou cometer viol\u00eancia sexual contra ela e matou o menino.<\/p>\n<p data-track-category=\"Link no Texto\" data-track-links=\"\">\n<\/div>\n<\/div>\n<div id=\"chunk-e142b\">\n<div class=\"mc-column content-text active-extra-styles \" data-block-type=\"unstyled\" data-block-weight=\"27\" data-block-id=\"5\">\n<p class=\"content-text__container \" data-track-category=\"Link no Texto\" data-track-links=\"\">Depois, disse que a crian\u00e7a teria cometido suic\u00eddio e, ao ser questionada novamente, confessou o crime e contou que matou a crian\u00e7a por ela ser \u201cmuito arteira\u201d.<\/p>\n<\/div>\n<\/div>\n<div id=\"chunk-2uo6k\">\n<div class=\"content-ads content-ads--reveal\" data-block-type=\"ads\" data-block-id=\"6\">\n<div><\/div>\n<\/div>\n<\/div>\n<div id=\"chunk-aoov6\">\n<div class=\"mc-column content-text active-extra-styles \" data-block-type=\"unstyled\" data-block-weight=\"45\" data-block-id=\"7\">\n<p class=\"content-text__container \" data-track-category=\"Link no Texto\" data-track-links=\"\">\u201cA investiga\u00e7\u00e3o n\u00e3o pode ser guiada apenas pelo depoimento da adolescente. Por isso, a Pol\u00edcia Civil est\u00e1 fazendo dilig\u00eancias para apurar todos os fatos, como ocorreram, enfim, a din\u00e2mica do crime que vitimou essa crian\u00e7a para chegar ao completo esclarecimento do homic\u00eddio\u201d, afirmou o delegado.<\/p>\n<p data-track-category=\"Link no Texto\" data-track-links=\"\">\n<\/div>\n<\/div>\n<div class=\"mc-column content-text active-extra-styles\" data-block-type=\"raw\" data-block-weight=\"3\" data-block-id=\"8\">\n<p class=\"content-text__container\">\n<div class=\"content-intertitle\">\n<h2>Entenda o caso<\/h2>\n<p>&nbsp;<\/p>\n<\/div>\n<p>&nbsp;<\/p>\n<\/div>\n<div id=\"chunk-1offc\">\n<div class=\"mc-column content-text active-extra-styles \" data-block-type=\"unstyled\" data-block-weight=\"54\" data-block-id=\"9\">\n<p class=\"content-text__container \" data-track-category=\"Link no Texto\" data-track-links=\"\">Jefferson Miguel Mann de Almeida, de 4 anos, foi socorrido pelo Servi\u00e7o M\u00f3vel de Urg\u00eancia (Samu) para ser levado para Feliz Natal, 538 km da capital. A equipe m\u00e9dica fez seguidas manobras de reanima\u00e7\u00e3o, mas a crian\u00e7a n\u00e3o resistiu aos ferimentos e, conforme boletim de ocorr\u00eancia, morreu nos bra\u00e7os da av\u00f3 dentro da ambul\u00e2ncia.<\/p>\n<p data-track-category=\"Link no Texto\" data-track-links=\"\">\n<\/div>\n<\/div>\n<div id=\"chunk-du0ql\">\n<div class=\"mc-column content-text active-extra-styles \" data-block-type=\"unstyled\" data-block-weight=\"51\" data-block-id=\"10\">\n<p class=\"content-text__container \" data-track-category=\"Link no Texto\" data-track-links=\"\">Segundo a PM, a adolescente desferiu dois golpes de faca no peito e no bra\u00e7o do enteado, no lado esquerdo do corpo. O cabo da Pol\u00edcia Militar Alexandre Souza Ferreira, que atendeu a ocorr\u00eancia no local, contou que a adolescente estava sozinha na casa com o enteado no momento do homic\u00eddio.<\/p>\n<p data-track-category=\"Link no Texto\" data-track-links=\"\">\n<\/div>\n<\/div>\n<div id=\"chunk-fcpb3\">\n<div class=\"mc-column content-text active-extra-styles \" data-block-type=\"unstyled\" data-block-weight=\"20\" data-block-id=\"11\">\n<p class=\"content-text__container \" data-track-category=\"Link no Texto\" data-track-links=\"\">Segundo ele, o pai trabalha em uma fazenda distante do distrito e estava fora h\u00e1 cerca de tr\u00eas dias.<\/p>\n<p data-track-category=\"Link no Texto\" data-track-links=\"\">\n<\/div>\n<\/div>\n<div id=\"chunk-a3dsa\">\n<div class=\"mc-column content-text active-extra-styles \" data-block-type=\"unstyled\" data-block-weight=\"23\" data-block-id=\"12\">\n<p class=\"content-text__container \" data-track-category=\"Link no Texto\" data-track-links=\"\">\u201cEla disse que a crian\u00e7a estava brincando e depois come\u00e7ou a bagun\u00e7ar, gritar e ela acabou \u2018perdendo a cabe\u00e7a\u2019 e a esfaqueou\u201d, disse.<\/p>\n<p data-track-category=\"Link no Texto\" data-track-links=\"\">\n<\/div>\n<\/div>\n<div id=\"chunk-3geci\">\n<div class=\"mc-column content-text active-extra-styles \" data-block-type=\"unstyled\" data-block-weight=\"26\" data-block-id=\"13\">\n<p class=\"content-text__container \" data-track-category=\"Link no Texto\" data-track-links=\"\">O pai de Jefferson, segundo o policial, \u00e9 separado da m\u00e3e biol\u00f3gica e tinha a guarda do menino. O homem, no entanto, ainda n\u00e3o foi localizado.<\/p>\n<\/div>\n<\/div>\n<div id=\"chunk-1eb1f\">\n<div class=\"content-ads content-ads--reveal\" data-block-type=\"ads\" data-block-id=\"14\">\n<div><\/div>\n<\/div>\n<\/div>\n<div id=\"chunk-1hmc2\">\n<div class=\"mc-column content-text active-extra-styles \" data-block-type=\"unstyled\" data-block-weight=\"33\" data-block-id=\"15\">\n<p class=\"content-text__container \" data-track-category=\"Link no Texto\" data-track-links=\"\">\u201cA crian\u00e7a morava com o pai, mas nesse per\u00edodo que ele estava para a fazenda, ela ficava com a av\u00f3 paterna, mas, nesse momento do fato, estava aos cuidados da menor\u201d, explicou Alexandre.<\/p>\n<p data-track-category=\"Link no Texto\" data-track-links=\"\">\n<\/div>\n<\/div>\n<\/div>\n<p>&nbsp;<\/p>\n<p class=\"content-publication-data__from\" title=\"g1 MT e TV Centro Am\u00e9rica\">Por g1 MT e TV Centro Am\u00e9rica<\/p>\n","protected":false},"excerpt":{"rendered":"<p>A adolescente de 14 anos, que foi apreendida por suspeita de matar o enteado dela, de 4 anos, em Nova Ubirat\u00e3, a 506 km de Cuiab\u00e1, foi solta, nesta segunda-feira (27). Segundo o delegado da Pol\u00edcia Civil respons\u00e1vel pela investiga\u00e7\u00e3o, Bruno Fran\u00e7a, as provas indicam que a confiss\u00e3o da adolescente n\u00e3o est\u00e1 sendo sustentada. A [&hellip;]<\/p>\n","protected":false},"author":5,"featured_media":235400,"comment_status":"closed","ping_status":"closed","sticky":false,"template":"","format":"standard","meta":{"footnotes":""},"categories":[38],"tags":[],"class_list":["post-235453","post","type-post","status-publish","format-standard","has-post-thumbnail","hentry","category-policia"],"_links":{"self":[{"href":"https:\/\/www.ocorreionews.com.br\/acervo-correio\/index.php?rest_route=\/wp\/v2\/posts\/235453","targetHints":{"allow":["GET"]}}],"collection":[{"href":"https:\/\/www.ocorreionews.com.br\/acervo-correio\/index.php?rest_route=\/wp\/v2\/posts"}],"about":[{"href":"https:\/\/www.ocorreionews.com.br\/acervo-correio\/index.php?rest_route=\/wp\/v2\/types\/post"}],"author":[{"embeddable":true,"href":"https:\/\/www.ocorreionews.com.br\/acervo-correio\/index.php?rest_route=\/wp\/v2\/users\/5"}],"replies":[{"embeddable":true,"href":"https:\/\/www.ocorreionews.com.br\/acervo-correio\/index.php?rest_route=%2Fwp%2Fv2%2Fcomments&post=235453"}],"version-history":[{"count":1,"href":"https:\/\/www.ocorreionews.com.br\/acervo-correio\/index.php?rest_route=\/wp\/v2\/posts\/235453\/revisions"}],"predecessor-version":[{"id":235454,"href":"https:\/\/www.ocorreionews.com.br\/acervo-correio\/index.php?rest_route=\/wp\/v2\/posts\/235453\/revisions\/235454"}],"wp:featuredmedia":[{"embeddable":true,"href":"https:\/\/www.ocorreionews.com.br\/acervo-correio\/index.php?rest_route=\/wp\/v2\/media\/235400"}],"wp:attachment":[{"href":"https:\/\/www.ocorreionews.com.br\/acervo-correio\/index.php?rest_route=%2Fwp%2Fv2%2Fmedia&parent=235453"}],"wp:term":[{"taxonomy":"category","embeddable":true,"href":"https:\/\/www.ocorreionews.com.br\/acervo-correio\/index.php?rest_route=%2Fwp%2Fv2%2Fcategories&post=235453"},{"taxonomy":"post_tag","embeddable":true,"href":"https:\/\/www.ocorreionews.com.br\/acervo-correio\/index.php?rest_route=%2Fwp%2Fv2%2Ftags&post=235453"}],"curies":[{"name":"wp","href":"https:\/\/api.w.org\/{rel}","templated":true}]}}