{"id":235495,"date":"2023-03-28T15:29:50","date_gmt":"2023-03-28T19:29:50","guid":{"rendered":"https:\/\/www.ocorreionews.com.br\/acervo-correio\/?p=235495"},"modified":"2023-03-28T15:29:50","modified_gmt":"2023-03-28T19:29:50","slug":"crianca-e-levada-a-hospital-com-o-rosto-desfigurado-apos-ser-queimada-e-espancada-por-mae-e-madrasta-em-goias","status":"publish","type":"post","link":"https:\/\/www.ocorreionews.com.br\/acervo-correio\/?p=235495","title":{"rendered":"Crian\u00e7a \u00e9 levada a hospital com o rosto desfigurado ap\u00f3s ser queimada e espancada por m\u00e3e e madrasta em Goi\u00e1s"},"content":{"rendered":"<div id=\"chunk-84l47\">\n<div class=\"mc-column content-text active-extra-styles \" data-block-type=\"unstyled\" data-block-weight=\"59\" data-block-id=\"3\">\n<p class=\"content-text__container \" data-track-category=\"Link no Texto\" data-track-links=\"\">Uma m\u00e3e de 22 anos e a companheira dela, de 26 anos, foram presas suspeitas de espancar e desfigurar o rosto da pr\u00f3pria filha, de 4 anos, em Morrinhos, no sul goiano. Segundo o delegado Fabiano Henrique, a crian\u00e7a precisou ser encaminhada ao Hospital Estadual de Urg\u00eancias Governador Ot\u00e1vio Lage de Siqueira (Hugol), em Goi\u00e2nia, devido \u00e0s agress\u00f5es.<\/p>\n<\/div>\n<\/div>\n<div class=\"wall protected-content\">\n<p>&nbsp;<\/p>\n<div id=\"chunk-6sdom\">\n<div class=\"mc-column content-text active-extra-styles \" data-block-type=\"unstyled\" data-block-weight=\"28\" data-block-id=\"5\">\n<p class=\"content-text__container \" data-track-category=\"Link no Texto\" data-track-links=\"\">O g1 tentou contato com as defesas de Brunna Cruz e Thacila Carmen para que se posicionassem, mas n\u00e3o conseguiu localiz\u00e1-las at\u00e9 a \u00faltima atualiza\u00e7\u00e3o desta reportagem.<\/p>\n<\/div>\n<\/div>\n<div id=\"chunk-64grj\">\n<div class=\"mc-column content-text active-extra-styles \" data-block-type=\"unstyled\" data-block-weight=\"3\" data-block-id=\"6\">\n<p data-track-category=\"Link no Texto\" data-track-links=\"\">\n<\/div>\n<\/div>\n<div id=\"chunk-ddn11\">\n<div class=\"content-ads content-ads--reveal\" data-block-type=\"ads\" data-block-id=\"8\">\n<div><\/div>\n<\/div>\n<\/div>\n<div id=\"chunk-37gsb\">\n<div class=\"mc-column content-text active-extra-styles \" data-block-type=\"unstyled\" data-block-weight=\"41\" data-block-id=\"9\">\n<p class=\"content-text__container \" data-track-category=\"Link no Texto\" data-track-links=\"\">Fabiano conta que as mulheres foram presas ap\u00f3s Brunna procurar a delegacia para denunciar a companheira Thacila, que segundo ela, teria agredido a v\u00edtima. A m\u00e3e, por\u00e9m, tamb\u00e9m acabou sendo presa depois que a pol\u00edcia comprovou que ela participou do crime.<\/p>\n<p data-track-category=\"Link no Texto\" data-track-links=\"\">\n<\/div>\n<\/div>\n<div id=\"chunk-5e3r6\">\n<div class=\"mc-column content-text active-extra-styles \" data-block-type=\"unstyled\" data-block-weight=\"50\" data-block-id=\"10\">\n<p class=\"content-text__container \" data-track-category=\"Link no Texto\" data-track-links=\"\">\u201cA crian\u00e7a est\u00e1 toda destru\u00edda, precisamos correr com ela para o hospital de Morrinhos. Devido a gravidade, ela foi transferida para Goi\u00e2nia. No relat\u00f3rio m\u00e9dico preliminar, ela tinha at\u00e9 queimaduras. Vamos aguardar o laudo para saber o que realmente aconteceu. Acreditamos que as agress\u00f5es j\u00e1 ocorrem h\u00e1 alguns dias\u201d, afirmou.<\/p>\n<p data-track-category=\"Link no Texto\" data-track-links=\"\">\n<\/div>\n<\/div>\n<div id=\"chunk-b6l5n\">\n<div class=\"mc-column content-text active-extra-styles \" data-block-type=\"unstyled\" data-block-weight=\"17\" data-block-id=\"11\">\n<p class=\"content-text__container \" data-track-category=\"Link no Texto\" data-track-links=\"\">Em nota, o Hugol informou que a crian\u00e7a est\u00e1 em estado grave, mas consciente e respirando espontaneamente.<\/p>\n<p data-track-category=\"Link no Texto\" data-track-links=\"\">\n<\/div>\n<\/div>\n<div id=\"chunk-8b5l6\">\n<div class=\"mc-column content-text active-extra-styles \" data-block-type=\"unstyled\" data-block-weight=\"37\" data-block-id=\"12\">\n<p class=\"content-text__container \" data-track-category=\"Link no Texto\" data-track-links=\"\">Thacila foi autuada por tentativa de homic\u00eddio, enquanto Brunna pode responder por tentativa de homic\u00eddio e falsa comunica\u00e7\u00e3o de crime, de acordo com Fabiano. Caso sejam condenadas, as mulheres podem pegar mais de 20 anos de pris\u00e3o.<\/p>\n<\/div>\n<\/div>\n<div id=\"chunk-fl6cn\">\n<p class=\"content-text__container \" data-track-category=\"Link no Texto\" data-track-links=\"\">\n<\/div>\n<div id=\"chunk-7qeil\">\n<div class=\"row medium-uncollapsed content-media content-photo\" data-block-type=\"backstage-photo\" data-block-id=\"14\">\n<div class=\"mc-column content-media__container\">\n<div class=\"content-media-container glb-skeleton-box\">\n<figure class=\"content-media-figure\">\n<p><figure style=\"width: 647px\" class=\"wp-caption aligncenter\"><img loading=\"lazy\" decoding=\"async\" class=\"i-amphtml-fill-content i-amphtml-replaced-content\" src=\"https:\/\/s2.glbimg.com\/TzwoTx2DCTJphvF539PwsWtrW4o=\/0x0:1700x1065\/984x0\/smart\/filters:strip_icc()\/i.s3.glbimg.com\/v1\/AUTH_59edd422c0c84a879bd37670ae4f538a\/internal_photos\/bs\/2023\/9\/0\/O6OiXBRZKyWaYPilrBcA\/crianca-agredida-morrinhos.png\" sizes=\"auto, (max-width: 1525px) 648px, 100vw\" srcset=\"https:\/\/s2.glbimg.com\/T3f8jocrprqIyuXfhh0NdecwLpU=\/0x0:1700x1065\/1000x0\/smart\/filters:strip_icc()\/i.s3.glbimg.com\/v1\/AUTH_59edd422c0c84a879bd37670ae4f538a\/internal_photos\/bs\/2023\/9\/0\/O6OiXBRZKyWaYPilrBcA\/crianca-agredida-morrinhos.png 1000w, https:\/\/s2.glbimg.com\/TzwoTx2DCTJphvF539PwsWtrW4o=\/0x0:1700x1065\/984x0\/smart\/filters:strip_icc()\/i.s3.glbimg.com\/v1\/AUTH_59edd422c0c84a879bd37670ae4f538a\/internal_photos\/bs\/2023\/9\/0\/O6OiXBRZKyWaYPilrBcA\/crianca-agredida-morrinhos.png 984w, https:\/\/s2.glbimg.com\/H6aQpYTar6nzRUpu1kkitJWeXJ0=\/0x0:1700x1065\/640x0\/smart\/filters:strip_icc()\/i.s3.glbimg.com\/v1\/AUTH_59edd422c0c84a879bd37670ae4f538a\/internal_photos\/bs\/2023\/9\/0\/O6OiXBRZKyWaYPilrBcA\/crianca-agredida-morrinhos.png 640w, https:\/\/s2.glbimg.com\/AyvzZ5CyoGqHu9zskElYfuy6XyM=\/0x0:1700x1065\/600x0\/smart\/filters:strip_icc()\/i.s3.glbimg.com\/v1\/AUTH_59edd422c0c84a879bd37670ae4f538a\/internal_photos\/bs\/2023\/9\/0\/O6OiXBRZKyWaYPilrBcA\/crianca-agredida-morrinhos.png 600w\" alt=\"Crian\u00e7a espancada pela m\u00e3e e a madrasta, em Morrinhos, Goi\u00e1s  \u2014 Foto: Reprodu\u00e7\u00e3o\/Redes sociais\" width=\"647\" height=\"405\" \/><figcaption class=\"wp-caption-text\">Crian\u00e7a espancada pela m\u00e3e e a madrasta, em Morrinhos, Goi\u00e1s \u2014 Foto: Reprodu\u00e7\u00e3o\/Redes sociais<\/figcaption><\/figure><\/figure>\n<\/div>\n<p class=\"content-media__description \">\n<\/div>\n<\/div>\n<\/div>\n<\/div>\n<p>&nbsp;<\/p>\n<p class=\"content-publication-data__from\" title=\"Pedro Moura, g1 Goi\u00e1s\">Por Pedro Moura, g1 Goi\u00e1s<\/p>\n","protected":false},"excerpt":{"rendered":"<p>Uma m\u00e3e de 22 anos e a companheira dela, de 26 anos, foram presas suspeitas de espancar e desfigurar o rosto da pr\u00f3pria filha, de 4 anos, em Morrinhos, no sul goiano. Segundo o delegado Fabiano Henrique, a crian\u00e7a precisou ser encaminhada ao Hospital Estadual de Urg\u00eancias Governador Ot\u00e1vio Lage de Siqueira (Hugol), em Goi\u00e2nia, [&hellip;]<\/p>\n","protected":false},"author":5,"featured_media":235496,"comment_status":"closed","ping_status":"closed","sticky":false,"template":"","format":"standard","meta":{"footnotes":""},"categories":[38],"tags":[],"class_list":["post-235495","post","type-post","status-publish","format-standard","has-post-thumbnail","hentry","category-policia"],"_links":{"self":[{"href":"https:\/\/www.ocorreionews.com.br\/acervo-correio\/index.php?rest_route=\/wp\/v2\/posts\/235495","targetHints":{"allow":["GET"]}}],"collection":[{"href":"https:\/\/www.ocorreionews.com.br\/acervo-correio\/index.php?rest_route=\/wp\/v2\/posts"}],"about":[{"href":"https:\/\/www.ocorreionews.com.br\/acervo-correio\/index.php?rest_route=\/wp\/v2\/types\/post"}],"author":[{"embeddable":true,"href":"https:\/\/www.ocorreionews.com.br\/acervo-correio\/index.php?rest_route=\/wp\/v2\/users\/5"}],"replies":[{"embeddable":true,"href":"https:\/\/www.ocorreionews.com.br\/acervo-correio\/index.php?rest_route=%2Fwp%2Fv2%2Fcomments&post=235495"}],"version-history":[{"count":1,"href":"https:\/\/www.ocorreionews.com.br\/acervo-correio\/index.php?rest_route=\/wp\/v2\/posts\/235495\/revisions"}],"predecessor-version":[{"id":235497,"href":"https:\/\/www.ocorreionews.com.br\/acervo-correio\/index.php?rest_route=\/wp\/v2\/posts\/235495\/revisions\/235497"}],"wp:featuredmedia":[{"embeddable":true,"href":"https:\/\/www.ocorreionews.com.br\/acervo-correio\/index.php?rest_route=\/wp\/v2\/media\/235496"}],"wp:attachment":[{"href":"https:\/\/www.ocorreionews.com.br\/acervo-correio\/index.php?rest_route=%2Fwp%2Fv2%2Fmedia&parent=235495"}],"wp:term":[{"taxonomy":"category","embeddable":true,"href":"https:\/\/www.ocorreionews.com.br\/acervo-correio\/index.php?rest_route=%2Fwp%2Fv2%2Fcategories&post=235495"},{"taxonomy":"post_tag","embeddable":true,"href":"https:\/\/www.ocorreionews.com.br\/acervo-correio\/index.php?rest_route=%2Fwp%2Fv2%2Ftags&post=235495"}],"curies":[{"name":"wp","href":"https:\/\/api.w.org\/{rel}","templated":true}]}}