{"id":235499,"date":"2023-03-28T15:43:24","date_gmt":"2023-03-28T19:43:24","guid":{"rendered":"https:\/\/www.ocorreionews.com.br\/acervo-correio\/?p=235499"},"modified":"2023-03-28T15:43:24","modified_gmt":"2023-03-28T19:43:24","slug":"prefeito-de-chapadao-do-sul-vai-a-policia-apos-acusacao-em-grupo-de-whatsapp","status":"publish","type":"post","link":"https:\/\/www.ocorreionews.com.br\/acervo-correio\/?p=235499","title":{"rendered":"Prefeito de Chapad\u00e3o do Sul vai \u00e0 pol\u00edcia ap\u00f3s acusa\u00e7\u00e3o em grupo de WhatsApp"},"content":{"rendered":"<p>O\u00a0prefeito\u00a0de\u00a0Chapad\u00e3o do Sul,\u00a0Jo\u00e3o Carlos Krug (PSDB), denunciou \u00e0\u00a0Pol\u00edcia Civil de Mato Grosso do Sul\u00a0que foi alvo de acusa\u00e7\u00e3o em um grupo do\u00a0WhatsApp. A advogada do pol\u00edtico representou contra um empres\u00e1rio da cidade.<\/p>\n<p>Um \u00e1udio enviado em um grupo, em que \u00e9 poss\u00edvel identificar a voz do empres\u00e1rio, acusa Krug de atrapalh\u00e1-lo de vencer concess\u00f5es p\u00fablicas, sem especificar se se tratava de contrato da prefeitura, do Governo do Estado ou do governo federal.<\/p>\n<p>Assim, o empres\u00e1rio que n\u00e3o teve o nome revelado, alega que o prefeito estaria usando o cargo para dificultar seu trabalho, mas n\u00e3o h\u00e1 detalhes ou provas disso. O caso ser\u00e1 investigado pela Delegacia de Pol\u00edcia\u00a0da cidade como cal\u00fania.<\/p>\n<p>&nbsp;<\/p>\n<p>Fonte: Midiamax &#8211; Adriel Mattos e Danielle Errobidarte<\/p>\n<div class=\"elementor-element elementor-element-ec9eab2 elementor-widget__width-auto elementor-widget elementor-widget-text-editor\" data-id=\"ec9eab2\" data-element_type=\"widget\" data-widget_type=\"text-editor.default\"><\/div>\n<p>&nbsp;<\/p>\n","protected":false},"excerpt":{"rendered":"<p>O\u00a0prefeito\u00a0de\u00a0Chapad\u00e3o do Sul,\u00a0Jo\u00e3o Carlos Krug (PSDB), denunciou \u00e0\u00a0Pol\u00edcia Civil de Mato Grosso do Sul\u00a0que foi alvo de acusa\u00e7\u00e3o em um grupo do\u00a0WhatsApp. A advogada do pol\u00edtico representou contra um empres\u00e1rio da cidade. Um \u00e1udio enviado em um grupo, em que \u00e9 poss\u00edvel identificar a voz do empres\u00e1rio, acusa Krug de atrapalh\u00e1-lo de vencer concess\u00f5es p\u00fablicas, [&hellip;]<\/p>\n","protected":false},"author":5,"featured_media":201715,"comment_status":"closed","ping_status":"closed","sticky":false,"template":"","format":"standard","meta":{"footnotes":""},"categories":[23,41],"tags":[],"class_list":["post-235499","post","type-post","status-publish","format-standard","has-post-thumbnail","hentry","category-chapadao-do-sul","category-destaque"],"_links":{"self":[{"href":"https:\/\/www.ocorreionews.com.br\/acervo-correio\/index.php?rest_route=\/wp\/v2\/posts\/235499","targetHints":{"allow":["GET"]}}],"collection":[{"href":"https:\/\/www.ocorreionews.com.br\/acervo-correio\/index.php?rest_route=\/wp\/v2\/posts"}],"about":[{"href":"https:\/\/www.ocorreionews.com.br\/acervo-correio\/index.php?rest_route=\/wp\/v2\/types\/post"}],"author":[{"embeddable":true,"href":"https:\/\/www.ocorreionews.com.br\/acervo-correio\/index.php?rest_route=\/wp\/v2\/users\/5"}],"replies":[{"embeddable":true,"href":"https:\/\/www.ocorreionews.com.br\/acervo-correio\/index.php?rest_route=%2Fwp%2Fv2%2Fcomments&post=235499"}],"version-history":[{"count":1,"href":"https:\/\/www.ocorreionews.com.br\/acervo-correio\/index.php?rest_route=\/wp\/v2\/posts\/235499\/revisions"}],"predecessor-version":[{"id":235505,"href":"https:\/\/www.ocorreionews.com.br\/acervo-correio\/index.php?rest_route=\/wp\/v2\/posts\/235499\/revisions\/235505"}],"wp:featuredmedia":[{"embeddable":true,"href":"https:\/\/www.ocorreionews.com.br\/acervo-correio\/index.php?rest_route=\/wp\/v2\/media\/201715"}],"wp:attachment":[{"href":"https:\/\/www.ocorreionews.com.br\/acervo-correio\/index.php?rest_route=%2Fwp%2Fv2%2Fmedia&parent=235499"}],"wp:term":[{"taxonomy":"category","embeddable":true,"href":"https:\/\/www.ocorreionews.com.br\/acervo-correio\/index.php?rest_route=%2Fwp%2Fv2%2Fcategories&post=235499"},{"taxonomy":"post_tag","embeddable":true,"href":"https:\/\/www.ocorreionews.com.br\/acervo-correio\/index.php?rest_route=%2Fwp%2Fv2%2Ftags&post=235499"}],"curies":[{"name":"wp","href":"https:\/\/api.w.org\/{rel}","templated":true}]}}