{"id":235521,"date":"2023-03-29T07:11:10","date_gmt":"2023-03-29T11:11:10","guid":{"rendered":"https:\/\/www.ocorreionews.com.br\/acervo-correio\/?p=235521"},"modified":"2023-03-29T07:11:10","modified_gmt":"2023-03-29T11:11:10","slug":"vereadores-de-alcinopolis-vao-analisar-dois-importantes-projetos-do-executivo","status":"publish","type":"post","link":"https:\/\/www.ocorreionews.com.br\/acervo-correio\/?p=235521","title":{"rendered":"Vereadores de Alcin\u00f3polis v\u00e3o analisar dois importantes projetos do executivo"},"content":{"rendered":"<p>Os vereadores reuniram-se para uma Sess\u00e3o Ordin\u00e1ria, registrada no Plen\u00e1rio \u201cAdolfo Alves Carneiro\u201d, tendo como destaques a apresenta\u00e7\u00e3o de dois Projetos de Lei Complementares, ambos de autoria do Executivo Municipal.<\/p>\n<p>O de n\u00ba 002\/23, estabelece o regime jur\u00eddico estatut\u00e1rio aos servidores p\u00fablicos da administra\u00e7\u00e3o direta, indireta ou fundacional de Alcin\u00f3polis; e o de n\u00ba 003\/23, disp\u00f5e sobre a consolida\u00e7\u00e3o da legisla\u00e7\u00e3o sobre o Plano de Cargos e Remunera\u00e7\u00e3o dos servidores do Poder Executivo municipal de Alcin\u00f3polis.<\/p>\n<p>Al\u00e9m destes, cinco indica\u00e7\u00f5es foram apresentadas, de autoria do Legislativo que atende as mais diversas \u00e1reas, a fim de garantir melhorias e qualidade para o cidad\u00e3o alcinopolense. Tr\u00eas foram de autoria do vereador Valdeci Passarinho (UNI\u00c3O), uma de autoria da vereadora Rosangela Campos (PL), e a outra de autoria da vereadora Onilza Matias (PL).<\/p>\n<p>A pr\u00f3xima Sess\u00e3o Ordin\u00e1ria est\u00e1 prevista para o dia 03 de abril, a partir das 09h00, e ser\u00e1 transmitida pelas m\u00eddias sociais oficiais do Poder Legislativo Municipal, atrav\u00e9s de Live, e pela R\u00e1dio Educativa FM.<\/p>\n<p>Assessoria de Comunica\u00e7\u00e3o \u2013 ASCOM<\/p>\n<p>Jornalista Bruna Souza<\/p>\n","protected":false},"excerpt":{"rendered":"<p>Os vereadores reuniram-se para uma Sess\u00e3o Ordin\u00e1ria, registrada no Plen\u00e1rio \u201cAdolfo Alves Carneiro\u201d, tendo como destaques a apresenta\u00e7\u00e3o de dois Projetos de Lei Complementares, ambos de autoria do Executivo Municipal. O de n\u00ba 002\/23, estabelece o regime jur\u00eddico estatut\u00e1rio aos servidores p\u00fablicos da administra\u00e7\u00e3o direta, indireta ou fundacional de Alcin\u00f3polis; e o de n\u00ba 003\/23, [&hellip;]<\/p>\n","protected":false},"author":4,"featured_media":232601,"comment_status":"closed","ping_status":"closed","sticky":false,"template":"","format":"standard","meta":{"footnotes":""},"categories":[18,20],"tags":[],"class_list":["post-235521","post","type-post","status-publish","format-standard","has-post-thumbnail","hentry","category-alcinopolis","category-camara-municipal"],"_links":{"self":[{"href":"https:\/\/www.ocorreionews.com.br\/acervo-correio\/index.php?rest_route=\/wp\/v2\/posts\/235521","targetHints":{"allow":["GET"]}}],"collection":[{"href":"https:\/\/www.ocorreionews.com.br\/acervo-correio\/index.php?rest_route=\/wp\/v2\/posts"}],"about":[{"href":"https:\/\/www.ocorreionews.com.br\/acervo-correio\/index.php?rest_route=\/wp\/v2\/types\/post"}],"author":[{"embeddable":true,"href":"https:\/\/www.ocorreionews.com.br\/acervo-correio\/index.php?rest_route=\/wp\/v2\/users\/4"}],"replies":[{"embeddable":true,"href":"https:\/\/www.ocorreionews.com.br\/acervo-correio\/index.php?rest_route=%2Fwp%2Fv2%2Fcomments&post=235521"}],"version-history":[{"count":1,"href":"https:\/\/www.ocorreionews.com.br\/acervo-correio\/index.php?rest_route=\/wp\/v2\/posts\/235521\/revisions"}],"predecessor-version":[{"id":235522,"href":"https:\/\/www.ocorreionews.com.br\/acervo-correio\/index.php?rest_route=\/wp\/v2\/posts\/235521\/revisions\/235522"}],"wp:featuredmedia":[{"embeddable":true,"href":"https:\/\/www.ocorreionews.com.br\/acervo-correio\/index.php?rest_route=\/wp\/v2\/media\/232601"}],"wp:attachment":[{"href":"https:\/\/www.ocorreionews.com.br\/acervo-correio\/index.php?rest_route=%2Fwp%2Fv2%2Fmedia&parent=235521"}],"wp:term":[{"taxonomy":"category","embeddable":true,"href":"https:\/\/www.ocorreionews.com.br\/acervo-correio\/index.php?rest_route=%2Fwp%2Fv2%2Fcategories&post=235521"},{"taxonomy":"post_tag","embeddable":true,"href":"https:\/\/www.ocorreionews.com.br\/acervo-correio\/index.php?rest_route=%2Fwp%2Fv2%2Ftags&post=235521"}],"curies":[{"name":"wp","href":"https:\/\/api.w.org\/{rel}","templated":true}]}}