{"id":235572,"date":"2023-03-29T15:07:08","date_gmt":"2023-03-29T19:07:08","guid":{"rendered":"https:\/\/www.ocorreionews.com.br\/acervo-correio\/?p=235572"},"modified":"2023-03-29T15:07:08","modified_gmt":"2023-03-29T19:07:08","slug":"chuvas-ampliam-crateras-que-ameacam-fazer-municipio-sumir-do-mapa-no-maranhao","status":"publish","type":"post","link":"https:\/\/www.ocorreionews.com.br\/acervo-correio\/?p=235572","title":{"rendered":"Chuvas ampliam crateras que amea\u00e7am fazer munic\u00edpio &#8216;sumir do mapa&#8217; no Maranh\u00e3o"},"content":{"rendered":"<p>O Minist\u00e9rio de Integra\u00e7\u00e3o e Desenvolvimento Regional reconheceu o estado de calamidade p\u00fablica no munic\u00edpio maranhense de Buriticupu em raz\u00e3o das enormes eros\u00f5es que surgiram ao redor da cidade. As crateras, que s\u00e3o mais de 20, avan\u00e7am sobre o munic\u00edpio que fica a cerca de 400 quil\u00f4metros da capital, S\u00e3o Lu\u00eds.<\/p>\n<p>Algumas das crateras chegam a medir 600 metros (m) de extens\u00e3o e at\u00e9 70 m de profundidade. A\u00a0<a href=\"https:\/\/www.in.gov.br\/en\/web\/dou\/-\/portaria-n-1.240-de-28-de-marco-de-2023-473399980\">portaria<\/a>\u00a0do reconhecimento do estado de calamidade p\u00fablica foi publicada na edi\u00e7\u00e3o desta ter\u00e7a-feira (28) do Di\u00e1rio Oficial da Uni\u00e3o.<\/p>\n<p>Conhecido como vo\u00e7oroca, o fen\u00f4meno geol\u00f3gico surge como fendas no solo, geralmente provocadas pela \u00e1gua da chuva. O fen\u00f4meno ocorre h\u00e1 alguns anos em Buriticupu, munic\u00edpio com mais de 70 mil moradores, em raz\u00e3o do desmatamento, mas tem se intensificado devido ao per\u00edodo chuvoso, que vai de janeiro a junho na regi\u00e3o.<\/p>\n<div class=\"content-media-container glb-skeleton-box\">\n<figure class=\"content-media-figure\">\n<p><figure style=\"width: 647px\" class=\"wp-caption aligncenter\"><img loading=\"lazy\" decoding=\"async\" class=\"i-amphtml-fill-content i-amphtml-replaced-content\" src=\"https:\/\/s2.glbimg.com\/eMF5cbFDJypvd2aMDgrNo9QVmPM=\/0x0:1920x1080\/984x0\/smart\/filters:strip_icc()\/i.s3.glbimg.com\/v1\/AUTH_59edd422c0c84a879bd37670ae4f538a\/internal_photos\/bs\/2023\/Y\/Z\/R3ZB3HRBuiGyAOmOITSQ\/g1-ma-buracos.jpg\" sizes=\"auto, (max-width: 1525px) 648px, 100vw\" srcset=\"https:\/\/s2.glbimg.com\/ETc6JNQe8Yu_ziY7j9aU6ztxv5s=\/0x0:1920x1080\/1000x0\/smart\/filters:strip_icc()\/i.s3.glbimg.com\/v1\/AUTH_59edd422c0c84a879bd37670ae4f538a\/internal_photos\/bs\/2023\/Y\/Z\/R3ZB3HRBuiGyAOmOITSQ\/g1-ma-buracos.jpg 1000w, https:\/\/s2.glbimg.com\/eMF5cbFDJypvd2aMDgrNo9QVmPM=\/0x0:1920x1080\/984x0\/smart\/filters:strip_icc()\/i.s3.glbimg.com\/v1\/AUTH_59edd422c0c84a879bd37670ae4f538a\/internal_photos\/bs\/2023\/Y\/Z\/R3ZB3HRBuiGyAOmOITSQ\/g1-ma-buracos.jpg 984w, https:\/\/s2.glbimg.com\/dXo-fXA3AHHmYtcZaqhsjsVHwg4=\/0x0:1920x1080\/640x0\/smart\/filters:strip_icc()\/i.s3.glbimg.com\/v1\/AUTH_59edd422c0c84a879bd37670ae4f538a\/internal_photos\/bs\/2023\/Y\/Z\/R3ZB3HRBuiGyAOmOITSQ\/g1-ma-buracos.jpg 640w, https:\/\/s2.glbimg.com\/4-l8G1b9w3aOSh7lHW4IltLASu0=\/0x0:1920x1080\/600x0\/smart\/filters:strip_icc()\/i.s3.glbimg.com\/v1\/AUTH_59edd422c0c84a879bd37670ae4f538a\/internal_photos\/bs\/2023\/Y\/Z\/R3ZB3HRBuiGyAOmOITSQ\/g1-ma-buracos.jpg 600w\" alt=\"Crateras amea\u00e7am centenas de moradores em Buriticupu, no Maranh\u00e3o \u2014 Foto: Reprodu\u00e7\u00e3o\/Marinho Drones\" width=\"647\" height=\"364\" \/><figcaption class=\"wp-caption-text\">Crateras amea\u00e7am centenas de moradores em Buriticupu, no Maranh\u00e3o \u2014 Foto: Reprodu\u00e7\u00e3o\/Marinho Drones<\/figcaption><\/figure><\/figure>\n<\/div>\n<p class=\"content-media__description \">\n<p>No \u00faltimo domingo (26), o prefeito de Buriticupu, Jo\u00e3o Carlos Teixeira, decretou estado de calamidade p\u00fablica na cidade. No fim de semana, a Defesa Civil Nacional e o Corpo de Bombeiros avaliaram as \u00e1reas de risco no munic\u00edpio e conclu\u00edram que ser\u00e1 preciso realocar cerca de 220 fam\u00edlias que moram nas proximidades das fendas.<\/p>\n<p>As duas institui\u00e7\u00f5es tamb\u00e9m mapearam as \u00e1reas de risco de Buriticupu para elaborar estudos t\u00e9cnicos sobre tais ocorr\u00eancias. A prefeitura promete evacuar as demais fam\u00edlias identificadas em 220 locais perigosos.<\/p>\n<p>As chuvas nas \u00faltimas semanas levaram 51 munic\u00edpios maranhenses a declarar estado de emerg\u00eancia.<\/p>\n<figure style=\"width: 647px\" class=\"wp-caption aligncenter\"><img loading=\"lazy\" decoding=\"async\" class=\"i-amphtml-fill-content i-amphtml-replaced-content\" src=\"https:\/\/s2.glbimg.com\/SWG80sdRCA9gSX_HvWRrJbavhhM=\/0x0:1920x1080\/984x0\/smart\/filters:strip_icc()\/i.s3.glbimg.com\/v1\/AUTH_59edd422c0c84a879bd37670ae4f538a\/internal_photos\/bs\/2023\/g\/M\/8H6bUnQE2riJn4xeJNlg\/g1-ma-buracos-3.jpg\" sizes=\"auto, (max-width: 1525px) 648px, 100vw\" srcset=\"https:\/\/s2.glbimg.com\/yJvjlNkLjkJtAVKnn8-Vp2F5C-4=\/0x0:1920x1080\/1000x0\/smart\/filters:strip_icc()\/i.s3.glbimg.com\/v1\/AUTH_59edd422c0c84a879bd37670ae4f538a\/internal_photos\/bs\/2023\/g\/M\/8H6bUnQE2riJn4xeJNlg\/g1-ma-buracos-3.jpg 1000w, https:\/\/s2.glbimg.com\/SWG80sdRCA9gSX_HvWRrJbavhhM=\/0x0:1920x1080\/984x0\/smart\/filters:strip_icc()\/i.s3.glbimg.com\/v1\/AUTH_59edd422c0c84a879bd37670ae4f538a\/internal_photos\/bs\/2023\/g\/M\/8H6bUnQE2riJn4xeJNlg\/g1-ma-buracos-3.jpg 984w, https:\/\/s2.glbimg.com\/nyZMVV3NyQo4wf3ODVZD5k75oYk=\/0x0:1920x1080\/640x0\/smart\/filters:strip_icc()\/i.s3.glbimg.com\/v1\/AUTH_59edd422c0c84a879bd37670ae4f538a\/internal_photos\/bs\/2023\/g\/M\/8H6bUnQE2riJn4xeJNlg\/g1-ma-buracos-3.jpg 640w, https:\/\/s2.glbimg.com\/9ouo7mA0ODLvl60HljlreDgeyaA=\/0x0:1920x1080\/600x0\/smart\/filters:strip_icc()\/i.s3.glbimg.com\/v1\/AUTH_59edd422c0c84a879bd37670ae4f538a\/internal_photos\/bs\/2023\/g\/M\/8H6bUnQE2riJn4xeJNlg\/g1-ma-buracos-3.jpg 600w\" alt=\"Enormes crateras se formaram por causa das chuvas, em Buriticupu \u2014 Foto: Reprodu\u00e7\u00e3o\/Marinho Drones\" width=\"647\" height=\"364\" \/><figcaption class=\"wp-caption-text\">Enormes crateras se formaram por causa das chuvas, em Buriticupu \u2014 Foto: Reprodu\u00e7\u00e3o\/Marinho Drones<\/figcaption><\/figure>\n<p>*Ag\u00eancia Brasil<\/p>\n<p class=\"post__title\">\n","protected":false},"excerpt":{"rendered":"<p>O Minist\u00e9rio de Integra\u00e7\u00e3o e Desenvolvimento Regional reconheceu o estado de calamidade p\u00fablica no munic\u00edpio maranhense de Buriticupu em raz\u00e3o das enormes eros\u00f5es que surgiram ao redor da cidade. As crateras, que s\u00e3o mais de 20, avan\u00e7am sobre o munic\u00edpio que fica a cerca de 400 quil\u00f4metros da capital, S\u00e3o Lu\u00eds. Algumas das crateras chegam [&hellip;]<\/p>\n","protected":false},"author":5,"featured_media":235578,"comment_status":"closed","ping_status":"closed","sticky":false,"template":"","format":"standard","meta":{"footnotes":""},"categories":[31],"tags":[],"class_list":["post-235572","post","type-post","status-publish","format-standard","has-post-thumbnail","hentry","category-geral"],"_links":{"self":[{"href":"https:\/\/www.ocorreionews.com.br\/acervo-correio\/index.php?rest_route=\/wp\/v2\/posts\/235572","targetHints":{"allow":["GET"]}}],"collection":[{"href":"https:\/\/www.ocorreionews.com.br\/acervo-correio\/index.php?rest_route=\/wp\/v2\/posts"}],"about":[{"href":"https:\/\/www.ocorreionews.com.br\/acervo-correio\/index.php?rest_route=\/wp\/v2\/types\/post"}],"author":[{"embeddable":true,"href":"https:\/\/www.ocorreionews.com.br\/acervo-correio\/index.php?rest_route=\/wp\/v2\/users\/5"}],"replies":[{"embeddable":true,"href":"https:\/\/www.ocorreionews.com.br\/acervo-correio\/index.php?rest_route=%2Fwp%2Fv2%2Fcomments&post=235572"}],"version-history":[{"count":1,"href":"https:\/\/www.ocorreionews.com.br\/acervo-correio\/index.php?rest_route=\/wp\/v2\/posts\/235572\/revisions"}],"predecessor-version":[{"id":235580,"href":"https:\/\/www.ocorreionews.com.br\/acervo-correio\/index.php?rest_route=\/wp\/v2\/posts\/235572\/revisions\/235580"}],"wp:featuredmedia":[{"embeddable":true,"href":"https:\/\/www.ocorreionews.com.br\/acervo-correio\/index.php?rest_route=\/wp\/v2\/media\/235578"}],"wp:attachment":[{"href":"https:\/\/www.ocorreionews.com.br\/acervo-correio\/index.php?rest_route=%2Fwp%2Fv2%2Fmedia&parent=235572"}],"wp:term":[{"taxonomy":"category","embeddable":true,"href":"https:\/\/www.ocorreionews.com.br\/acervo-correio\/index.php?rest_route=%2Fwp%2Fv2%2Fcategories&post=235572"},{"taxonomy":"post_tag","embeddable":true,"href":"https:\/\/www.ocorreionews.com.br\/acervo-correio\/index.php?rest_route=%2Fwp%2Fv2%2Ftags&post=235572"}],"curies":[{"name":"wp","href":"https:\/\/api.w.org\/{rel}","templated":true}]}}