{"id":235579,"date":"2023-03-29T15:11:12","date_gmt":"2023-03-29T19:11:12","guid":{"rendered":"https:\/\/www.ocorreionews.com.br\/acervo-correio\/?p=235579"},"modified":"2023-03-29T15:11:12","modified_gmt":"2023-03-29T19:11:12","slug":"mulher-enterrada-viva-em-mg-esta-na-uti-em-estado-grave","status":"publish","type":"post","link":"https:\/\/www.ocorreionews.com.br\/acervo-correio\/?p=235579","title":{"rendered":"Mulher enterrada viva em MG est\u00e1 na UTI em estado grave"},"content":{"rendered":"<div id=\"chunk-6tliu\">\n<div class=\"mc-column content-text active-extra-styles \" data-block-type=\"unstyled\" data-block-weight=\"49\" data-block-id=\"4\">\n<p class=\"content-text__container \" data-track-category=\"Link no Texto\" data-track-links=\"\">A mulher de 36 anos agredida e enterrada viva em seguida no Cemit\u00e9rio Municipal de Visconde do Rio Branco, na Zona da Mata mineira, est\u00e1 na Unidade de Terapia Intensiva (UTI) do Hospital S\u00e3o Jo\u00e3o Batista em<strong> estado grave<\/strong>. A informa\u00e7\u00e3o foi confirmada nesta quarta-feira (29) pelo hospital.<\/p>\n<\/div>\n<\/div>\n<div class=\"wall protected-content\">\n<div class=\"mc-column content-text active-extra-styles\" data-block-type=\"raw\" data-block-weight=\"6\" data-block-id=\"5\">\n<p>&nbsp;<\/p>\n<p>&nbsp;<\/p>\n<\/div>\n<div id=\"chunk-eqkm6\">\n<div class=\"mc-column content-text active-extra-styles \" data-block-type=\"unstyled\" data-block-weight=\"36\" data-block-id=\"6\">\n<p class=\"content-text__container \" data-track-category=\"Link no Texto\" data-track-links=\"\">Ela f<span class=\"highlight highlighted\">oi socorrida pelo Servi\u00e7o de Atendimento M\u00f3vel de Urg\u00eancia (Samu) e levada para a unidade de sa\u00fade com ferimentos na cabe\u00e7a e desacordada<\/span>. <strong>Duas pessoas s\u00e3o procuradas na investiga\u00e7\u00e3o policial <\/strong>que j\u00e1 est\u00e1 em andamento.<\/p>\n<p data-track-category=\"Link no Texto\" data-track-links=\"\">\n<\/div>\n<\/div>\n<div id=\"chunk-117nq\">\n<div class=\"mc-column content-text active-extra-styles \" data-block-type=\"unstyled\" data-block-weight=\"48\" data-block-id=\"7\">\n<p class=\"content-text__container \" data-track-category=\"Link no Texto\" data-track-links=\"\">A mulher foi encontrada na ter\u00e7a-feira (28) de manh\u00e3 por coveiros. Eles chegaram para trabalhar e encontraram a estrutura fechada com cimento fresco e sangue no local. Policiais foram chamados e ouviram gritos de socorro. A suspeita \u00e9 que ela tenha ficado 10 horas no t\u00famulo.<\/p>\n<\/div>\n<\/div>\n<div id=\"chunk-9g6pr\">\n<div class=\"content-ads content-ads--reveal\" data-block-type=\"ads\" data-block-id=\"8\">\n<div><\/div>\n<\/div>\n<\/div>\n<div class=\"mc-column content-text active-extra-styles\" data-block-type=\"raw\" data-block-weight=\"42\" data-block-id=\"9\">\n<p class=\"content-text__container\">\n<blockquote class=\"content-blockquote theme-border-color-primary-before\"><p>\u201cAcredito que possa ser um per\u00edodo aproximado de 10 horas. Se a gente fizer um c\u00e1lculo, o hor\u00e1rio pode ser um ind\u00edcio. Ela pode ter sido colocada l\u00e1 de 22h a 2h da manh\u00e3\u201d, explicou tenente da Pol\u00edcia Militar Ely Dias Moreira.<\/p><\/blockquote>\n<\/div>\n<figure id=\"attachment_235492\" aria-describedby=\"caption-attachment-235492\" style=\"width: 601px\" class=\"wp-caption alignnone\"><a href=\"https:\/\/www.ocorreionews.com.br\/acervo-correio\/wp-content\/uploads\/2023\/03\/resgatada-em-tumulo-MG.webp\"><img loading=\"lazy\" decoding=\"async\" class=\" wp-image-235492\" src=\"https:\/\/www.ocorreionews.com.br\/acervo-correio\/wp-content\/uploads\/2023\/03\/resgatada-em-tumulo-MG.webp\" alt=\"\" width=\"601\" height=\"451\" srcset=\"https:\/\/www.ocorreionews.com.br\/acervo-correio\/wp-content\/uploads\/2023\/03\/resgatada-em-tumulo-MG.webp 984w, https:\/\/www.ocorreionews.com.br\/acervo-correio\/wp-content\/uploads\/2023\/03\/resgatada-em-tumulo-MG-300x225.webp 300w, https:\/\/www.ocorreionews.com.br\/acervo-correio\/wp-content\/uploads\/2023\/03\/resgatada-em-tumulo-MG-768x576.webp 768w, https:\/\/www.ocorreionews.com.br\/acervo-correio\/wp-content\/uploads\/2023\/03\/resgatada-em-tumulo-MG-86x64.webp 86w\" sizes=\"auto, (max-width: 601px) 100vw, 601px\" \/><\/a><figcaption id=\"caption-attachment-235492\" class=\"wp-caption-text\">Mulher \u00e9 encontrada em t\u00famulo em Visconde do Rio Branco \u2014 Foto: Pol\u00edcia Militar\/Divulga\u00e7\u00e3o<\/figcaption><\/figure>\n<div id=\"chunk-2p5jm\">\n<div class=\"mc-column content-text active-extra-styles \" data-block-type=\"unstyled\" data-block-weight=\"39\" data-block-id=\"10\">\n<div class=\"mc-column content-text active-extra-styles\" data-block-type=\"raw\" data-block-weight=\"3\" data-block-id=\"15\">\n<div class=\"content-intertitle\">\n<h2>Envolvimento com drogas<\/h2>\n<p>&nbsp;<\/p>\n<p>Segundo a Pol\u00edcia Civil, <span class=\"highlight highlighted\">ela foi colocada no local, sem caix\u00e3o, como forma de vingan\u00e7a por n\u00e3o entregar armas e drogas<\/span> que estaria guardando a pedido dos autores do crime. A mulher alegou que o material foi \u201cextraviado\u201d.<\/p>\n<p>&nbsp;<\/p>\n<\/div>\n<p>&nbsp;<\/p>\n<\/div>\n<div id=\"chunk-c7qdd\">\n<div class=\"mc-column content-text active-extra-styles \" data-block-type=\"unstyled\" data-block-weight=\"54\" data-block-id=\"16\">\n<p class=\"content-text__container \" data-track-category=\"Link no Texto\" data-track-links=\"\">O Registro de Eventos de Defesa Social (REDS) da Pol\u00edcia Militar<strong> indica que a v\u00edtima teria guardado entorpecentes para dois homens, e que o material foi &#8220;extraviado&#8221;.<\/strong> Ao saber do fato, a dupla foi at\u00e9 a casa da mulher e come\u00e7ou a agredi-la. O companheiro da v\u00edtima, que tamb\u00e9m estava na resid\u00eancia, conseguiu fugir.<\/p>\n<p data-track-category=\"Link no Texto\" data-track-links=\"\">\n<\/div>\n<\/div>\n<div id=\"chunk-76tf4\">\n<div class=\"mc-column content-text active-extra-styles \" data-block-type=\"unstyled\" data-block-weight=\"41\" data-block-id=\"17\">\n<p class=\"content-text__container \" data-track-category=\"Link no Texto\" data-track-links=\"\">J\u00e1 conforme a Pol\u00edcia Civil, <strong>a motiva\u00e7\u00e3o para o crime &#8220;seria o desacerto referente a uma arma de fogo&#8221;. <\/strong>O delegado da Regional de Ub\u00e1, Diego Candian Alves, por\u00e9m, n\u00e3o deu nenhum detalhe adicional at\u00e9 a \u00faltima atualiza\u00e7\u00e3o desta reportagem.<\/p>\n<\/div>\n<\/div>\n<p data-track-category=\"Link no Texto\" data-track-links=\"\">\n<\/div>\n<\/div>\n<div id=\"chunk-90d6g\">\n<div class=\"row medium-uncollapsed content-media content-photo\" data-block-type=\"backstage-photo\" data-block-id=\"11\">\n<div class=\"mc-column content-media__container\">\n<div class=\"content-media-container glb-skeleton-box\">\n<figure class=\"content-media-figure\">\n<p><figure style=\"width: 647px\" class=\"wp-caption aligncenter\"><img loading=\"lazy\" decoding=\"async\" class=\"i-amphtml-fill-content i-amphtml-replaced-content\" src=\"https:\/\/s2.glbimg.com\/ZW7TcBCncR4o840xrBU4p0yJCak=\/0x0:1600x1200\/984x0\/smart\/filters:strip_icc()\/i.s3.glbimg.com\/v1\/AUTH_59edd422c0c84a879bd37670ae4f538a\/internal_photos\/bs\/2023\/y\/O\/qlSNljTNO9Uh0B2wzu5Q\/whatsapp-image-2023-03-28-at-16.43.22.jpeg\" sizes=\"auto, (max-width: 1525px) 648px, 100vw\" srcset=\"https:\/\/s2.glbimg.com\/5X5ktQi1NdOrW6lUxAc39WWENMc=\/0x0:1600x1200\/1000x0\/smart\/filters:strip_icc()\/i.s3.glbimg.com\/v1\/AUTH_59edd422c0c84a879bd37670ae4f538a\/internal_photos\/bs\/2023\/y\/O\/qlSNljTNO9Uh0B2wzu5Q\/whatsapp-image-2023-03-28-at-16.43.22.jpeg 1000w, https:\/\/s2.glbimg.com\/ZW7TcBCncR4o840xrBU4p0yJCak=\/0x0:1600x1200\/984x0\/smart\/filters:strip_icc()\/i.s3.glbimg.com\/v1\/AUTH_59edd422c0c84a879bd37670ae4f538a\/internal_photos\/bs\/2023\/y\/O\/qlSNljTNO9Uh0B2wzu5Q\/whatsapp-image-2023-03-28-at-16.43.22.jpeg 984w, https:\/\/s2.glbimg.com\/RFZxE5eh-eQj5PzGg77YHfvlRk0=\/0x0:1600x1200\/640x0\/smart\/filters:strip_icc()\/i.s3.glbimg.com\/v1\/AUTH_59edd422c0c84a879bd37670ae4f538a\/internal_photos\/bs\/2023\/y\/O\/qlSNljTNO9Uh0B2wzu5Q\/whatsapp-image-2023-03-28-at-16.43.22.jpeg 640w, https:\/\/s2.glbimg.com\/IwSEGquJ9ii-Go4F1LCXEmOZ7BE=\/0x0:1600x1200\/600x0\/smart\/filters:strip_icc()\/i.s3.glbimg.com\/v1\/AUTH_59edd422c0c84a879bd37670ae4f538a\/internal_photos\/bs\/2023\/y\/O\/qlSNljTNO9Uh0B2wzu5Q\/whatsapp-image-2023-03-28-at-16.43.22.jpeg 600w\" alt=\"Cova onde mulher foi enterrada viva em Visconde do Rio Branco \u2014 Foto: Marcus Penna\/TV Integra\u00e7\u00e3o\" width=\"647\" height=\"485\" \/><figcaption class=\"wp-caption-text\">Cova onde mulher foi enterrada viva em Visconde do Rio Branco \u2014 Foto: Marcus Penna\/TV Integra\u00e7\u00e3o<\/figcaption><\/figure><\/figure>\n<\/div>\n<p class=\"content-media__description \">\n<p>&nbsp;<\/p>\n<p>&nbsp;<\/p>\n<p class=\"content-media__description \">Por g1 Zona da Mata<\/p>\n<\/div>\n<\/div>\n<\/div>\n<\/div>\n","protected":false},"excerpt":{"rendered":"<p>A mulher de 36 anos agredida e enterrada viva em seguida no Cemit\u00e9rio Municipal de Visconde do Rio Branco, na Zona da Mata mineira, est\u00e1 na Unidade de Terapia Intensiva (UTI) do Hospital S\u00e3o Jo\u00e3o Batista em estado grave. A informa\u00e7\u00e3o foi confirmada nesta quarta-feira (29) pelo hospital. &nbsp; &nbsp; Ela foi socorrida pelo Servi\u00e7o [&hellip;]<\/p>\n","protected":false},"author":5,"featured_media":235581,"comment_status":"closed","ping_status":"closed","sticky":false,"template":"","format":"standard","meta":{"footnotes":""},"categories":[38],"tags":[],"class_list":["post-235579","post","type-post","status-publish","format-standard","has-post-thumbnail","hentry","category-policia"],"_links":{"self":[{"href":"https:\/\/www.ocorreionews.com.br\/acervo-correio\/index.php?rest_route=\/wp\/v2\/posts\/235579","targetHints":{"allow":["GET"]}}],"collection":[{"href":"https:\/\/www.ocorreionews.com.br\/acervo-correio\/index.php?rest_route=\/wp\/v2\/posts"}],"about":[{"href":"https:\/\/www.ocorreionews.com.br\/acervo-correio\/index.php?rest_route=\/wp\/v2\/types\/post"}],"author":[{"embeddable":true,"href":"https:\/\/www.ocorreionews.com.br\/acervo-correio\/index.php?rest_route=\/wp\/v2\/users\/5"}],"replies":[{"embeddable":true,"href":"https:\/\/www.ocorreionews.com.br\/acervo-correio\/index.php?rest_route=%2Fwp%2Fv2%2Fcomments&post=235579"}],"version-history":[{"count":1,"href":"https:\/\/www.ocorreionews.com.br\/acervo-correio\/index.php?rest_route=\/wp\/v2\/posts\/235579\/revisions"}],"predecessor-version":[{"id":235585,"href":"https:\/\/www.ocorreionews.com.br\/acervo-correio\/index.php?rest_route=\/wp\/v2\/posts\/235579\/revisions\/235585"}],"wp:featuredmedia":[{"embeddable":true,"href":"https:\/\/www.ocorreionews.com.br\/acervo-correio\/index.php?rest_route=\/wp\/v2\/media\/235581"}],"wp:attachment":[{"href":"https:\/\/www.ocorreionews.com.br\/acervo-correio\/index.php?rest_route=%2Fwp%2Fv2%2Fmedia&parent=235579"}],"wp:term":[{"taxonomy":"category","embeddable":true,"href":"https:\/\/www.ocorreionews.com.br\/acervo-correio\/index.php?rest_route=%2Fwp%2Fv2%2Fcategories&post=235579"},{"taxonomy":"post_tag","embeddable":true,"href":"https:\/\/www.ocorreionews.com.br\/acervo-correio\/index.php?rest_route=%2Fwp%2Fv2%2Ftags&post=235579"}],"curies":[{"name":"wp","href":"https:\/\/api.w.org\/{rel}","templated":true}]}}