{"id":235586,"date":"2023-03-29T15:16:55","date_gmt":"2023-03-29T19:16:55","guid":{"rendered":"https:\/\/www.ocorreionews.com.br\/acervo-correio\/?p=235586"},"modified":"2023-03-29T15:16:55","modified_gmt":"2023-03-29T19:16:55","slug":"mae-falece-horas-apos-filha-morrer-atropelada-em-ms","status":"publish","type":"post","link":"https:\/\/www.ocorreionews.com.br\/acervo-correio\/?p=235586","title":{"rendered":"M\u00e3e falece horas ap\u00f3s filha morrer atropelada em MS"},"content":{"rendered":"<p>Antes de ser atropelada e morta na tarde desta ter\u00e7a-feira (28), Evanir Carvalho de Souza, 59, havia recebido uma liga\u00e7\u00e3o e estava a caminho da Santa Casa para visitar a m\u00e3e, internada v\u00edtima de doen\u00e7a nos rins. A idosa, Leonilda Rodrigues de Oliveira, 82, morreu poucas horas depois da filha. As duas est\u00e3o sendo veladas lado a lado, na manh\u00e3 desta quarta-feira, em Campo Grande.<\/p>\n<p>No dia de tristeza para os familiares, durante a despedida, Evanir \u00e9 lembrada com carinho. Era ela quem cuidava dos pais e havia, inclusive, sa\u00eddo do trabalho para se dedicar aos idosos. &#8220;Parou tudo para cuidar dos meus av\u00f3s, ela s\u00f3 ia ao m\u00e9dico, fazia o pilates e cuidava deles\u201d, comenta o sobrinho, t\u00e9cnico de enfermagem Jeferson da Costa, 34.<\/p>\n<figure style=\"width: 600px\" class=\"wp-caption aligncenter\"><img loading=\"lazy\" decoding=\"async\" class=\"img-fluid\" src=\"https:\/\/cdn6.campograndenews.com.br\/uploads\/noticias\/2023\/03\/29\/1mckw141hks0u.jpeg\" sizes=\"auto, (min-width: 1024px) calc(.5 * (100vw - 21.875em)), 100vw\" srcset=\"https:\/\/cdn6.campograndenews.com.br\/uploads\/noticias\/2023\/03\/29\/1u9wzuvclzryf.jpeg 1024w, https:\/\/cdn6.campograndenews.com.br\/uploads\/noticias\/2023\/03\/29\/1plly911hb4ji.jpeg 640w, https:\/\/cdn6.campograndenews.com.br\/uploads\/noticias\/2023\/03\/29\/1mckw141hks0u.jpeg 320w\" alt=\"Familiares se despedem de mulheres nesta manh\u00e3. (Foto: Henrique Kawaminami)\" width=\"600\" height=\"400\" \/><figcaption class=\"wp-caption-text\">Familiares se despedem de mulheres nesta manh\u00e3. (Foto: Henrique Kawaminami)<\/figcaption><\/figure>\n<p>&nbsp;<\/p>\n<p>Cuidadosa, na tarde de ontem, Evanir havia rec\u00e9m-sa\u00eddo do consult\u00f3rio m\u00e9dico e recebeu uma liga\u00e7\u00e3o do hospital. &#8220;Ela recebeu uma liga\u00e7\u00e3o da Santa Casa pedindo para ir l\u00e1 ter informa\u00e7\u00f5es da m\u00e3e dela que estava intubada e sedada. A minha tia nunca foi de atravessar fora da faixa, sempre certinha. Acreditamos que no momento ela pudesse estar atordoada, querendo chegar logo no hospital e aconteceu isso&#8221;, lamenta.<\/p>\n<p>Evanir, a tia alegre e que gostava de festa, n\u00e3o p\u00f4de se despedir da m\u00e3e, Leonilda, que morreu sete horas depois no hospital. &#8220;Depois que meu tio faleceu, ela deu uma diminu\u00edda nas festas, mas sempre foi aquelas tias que gostava de Natal, anivers\u00e1rio e sempre que postava alguma coisa ela comentava, era de mandar mensagens todos os dias no WhatsApp. Muito amorosa&#8221;, comenta.<\/p>\n<p>Evanir era vi\u00fava, deixa dois filhos e dois netos. Hoje, est\u00e1 sendo velada ao lado da m\u00e3e, na Capela Campo Grande, localizada no Bairro Pioneiros.<\/p>\n<figure style=\"width: 599px\" class=\"wp-caption aligncenter\"><img loading=\"lazy\" decoding=\"async\" class=\"img-fluid\" src=\"https:\/\/cdn6.campograndenews.com.br\/uploads\/noticias\/2023\/03\/29\/139j8ixjfs41q.jpeg\" sizes=\"auto, (min-width: 1024px) calc(.5 * (100vw - 21.875em)), 100vw\" srcset=\"https:\/\/cdn6.campograndenews.com.br\/uploads\/noticias\/2023\/03\/29\/3aappez17caok.jpeg 1024w, https:\/\/cdn6.campograndenews.com.br\/uploads\/noticias\/2023\/03\/29\/311a23nujd6o8.jpeg 640w, https:\/\/cdn6.campograndenews.com.br\/uploads\/noticias\/2023\/03\/29\/139j8ixjfs41q.jpeg 320w\" alt=\"Jeferson conversou com a reportagem do Campo Grande News durante o vel\u00f3rio. (Foto: Henrique Kawaminami)\" width=\"599\" height=\"399\" \/><figcaption class=\"wp-caption-text\">Jeferson conversou com a reportagem do Campo Grande News durante o vel\u00f3rio. (Foto: Henrique Kawaminami)<\/figcaption><\/figure>\n<p>&nbsp;<\/p>\n<p>A fam\u00edlia est\u00e1 revoltada, pois a motorista pagou fian\u00e7a e foi liberada da delegacia. &#8220;Tem gente culpando minha tia, mas a mulher estava em alta velocidade, na m\u00e3o do \u00f4nibus, al\u00e9m de se recusar a fazer o teste do baf\u00f4metro&#8221;, lamenta Jeferson.<\/p>\n<p>Acidente &#8211; Evanir Carvalho atravessava a Rua Rui Barbosa, no Centro de Campo Grande, quando foi atropelada por um ve\u00edculo Renaul Captur, na tarde de ontem. Socorristas do Samu (Servi\u00e7o de Atendimento M\u00f3vel de Urg\u00eancia) fizeram manobras para reanim\u00e1-la, mas sem sucesso.<\/p>\n<p>A motorista do Captur se recusou a fazer o teste do baf\u00f4metro e foi presa por dirigir na faixa exclusiva para \u00f4nibus. Ap\u00f3s pagar fian\u00e7a de R$ 7 mil, ela foi liberada. O acidente foi registrado como homic\u00eddio culposo, quando n\u00e3o h\u00e1 inten\u00e7\u00e3o de matar.<\/p>\n<figure style=\"width: 599px\" class=\"wp-caption aligncenter\"><img loading=\"lazy\" decoding=\"async\" class=\"img-fluid\" src=\"https:\/\/cdn6.campograndenews.com.br\/uploads\/noticias\/2023\/03\/28\/1eidfnng7zu91.jpeg\" sizes=\"auto, (min-width: 1024px) calc(.5 * (100vw - 21.875em)), 100vw\" srcset=\"https:\/\/cdn6.campograndenews.com.br\/uploads\/noticias\/2023\/03\/28\/1xvgggjrtopn7.jpeg 1024w, https:\/\/cdn6.campograndenews.com.br\/uploads\/noticias\/2023\/03\/28\/oaemzwum07t0.jpeg 640w, https:\/\/cdn6.campograndenews.com.br\/uploads\/noticias\/2023\/03\/28\/1eidfnng7zu91.jpeg 320w\" alt=\"Corpo de idosa sob pano durante trabalho das equipes policiais no local do acidente. (Foto: Alex Machado)\" width=\"599\" height=\"399\" \/><figcaption class=\"wp-caption-text\">Corpo de idosa sob pano durante trabalho das equipes policiais no local do acidente. (Foto: Alex Machado)<\/figcaption><\/figure>\n<p>Por Dayene Paz e Mariely Barros &#8211;\u00a0 CAMPO GRANDE NEWS<\/p>\n","protected":false},"excerpt":{"rendered":"<p>Antes de ser atropelada e morta na tarde desta ter\u00e7a-feira (28), Evanir Carvalho de Souza, 59, havia recebido uma liga\u00e7\u00e3o e estava a caminho da Santa Casa para visitar a m\u00e3e, internada v\u00edtima de doen\u00e7a nos rins. A idosa, Leonilda Rodrigues de Oliveira, 82, morreu poucas horas depois da filha. As duas est\u00e3o sendo veladas [&hellip;]<\/p>\n","protected":false},"author":5,"featured_media":73367,"comment_status":"closed","ping_status":"closed","sticky":false,"template":"","format":"standard","meta":{"footnotes":""},"categories":[38],"tags":[],"class_list":["post-235586","post","type-post","status-publish","format-standard","has-post-thumbnail","hentry","category-policia"],"_links":{"self":[{"href":"https:\/\/www.ocorreionews.com.br\/acervo-correio\/index.php?rest_route=\/wp\/v2\/posts\/235586","targetHints":{"allow":["GET"]}}],"collection":[{"href":"https:\/\/www.ocorreionews.com.br\/acervo-correio\/index.php?rest_route=\/wp\/v2\/posts"}],"about":[{"href":"https:\/\/www.ocorreionews.com.br\/acervo-correio\/index.php?rest_route=\/wp\/v2\/types\/post"}],"author":[{"embeddable":true,"href":"https:\/\/www.ocorreionews.com.br\/acervo-correio\/index.php?rest_route=\/wp\/v2\/users\/5"}],"replies":[{"embeddable":true,"href":"https:\/\/www.ocorreionews.com.br\/acervo-correio\/index.php?rest_route=%2Fwp%2Fv2%2Fcomments&post=235586"}],"version-history":[{"count":1,"href":"https:\/\/www.ocorreionews.com.br\/acervo-correio\/index.php?rest_route=\/wp\/v2\/posts\/235586\/revisions"}],"predecessor-version":[{"id":235587,"href":"https:\/\/www.ocorreionews.com.br\/acervo-correio\/index.php?rest_route=\/wp\/v2\/posts\/235586\/revisions\/235587"}],"wp:featuredmedia":[{"embeddable":true,"href":"https:\/\/www.ocorreionews.com.br\/acervo-correio\/index.php?rest_route=\/wp\/v2\/media\/73367"}],"wp:attachment":[{"href":"https:\/\/www.ocorreionews.com.br\/acervo-correio\/index.php?rest_route=%2Fwp%2Fv2%2Fmedia&parent=235586"}],"wp:term":[{"taxonomy":"category","embeddable":true,"href":"https:\/\/www.ocorreionews.com.br\/acervo-correio\/index.php?rest_route=%2Fwp%2Fv2%2Fcategories&post=235586"},{"taxonomy":"post_tag","embeddable":true,"href":"https:\/\/www.ocorreionews.com.br\/acervo-correio\/index.php?rest_route=%2Fwp%2Fv2%2Ftags&post=235586"}],"curies":[{"name":"wp","href":"https:\/\/api.w.org\/{rel}","templated":true}]}}