{"id":235593,"date":"2023-03-29T16:09:11","date_gmt":"2023-03-29T20:09:11","guid":{"rendered":"https:\/\/www.ocorreionews.com.br\/acervo-correio\/?p=235593"},"modified":"2023-03-29T16:09:11","modified_gmt":"2023-03-29T20:09:11","slug":"dois-veiculos-colidem-em-avenida-no-centro-de-chapadao-do-sul","status":"publish","type":"post","link":"https:\/\/www.ocorreionews.com.br\/acervo-correio\/?p=235593","title":{"rendered":"Dois ve\u00edculos colidem em avenida no Centro de Chapad\u00e3o do Sul"},"content":{"rendered":"<p>Na tarde desta quarta-feira (29), dois ve\u00edculos colidiram no cruzamento da Rua Dezessete com a Avenida Oito, no Centro de Chapad\u00e3o do Sul.<\/p>\n<p>Segundo o site Jovem Sul News, uma idosa de 73 anos, dirigia um SUV Hyundai Creta pela Rua Dezessete, quando acabou invadindo a preferencial e colidindo com um VW Voyage que seguia pela avenida. Com a colis\u00e3o, idosa perdeu o controle de dire\u00e7\u00e3o do seu SUV, e subiu na cal\u00e7ada, atropelando uma lixeira de metal e trafegou desgovernado por aproximadamente 20 metros sobre a cal\u00e7ada at\u00e9 pr\u00f3ximo de uma \u00e1rvore, quando a motorista retomou o controle.<\/p>\n<p>Por sorte n\u00e3o havia nenhum pedestre na cal\u00e7ado na hora do acidente.<\/p>\n<p>O Corpo de Bombeiros juntamente com a Policia Militar foram acionados, mas ambos os motorista n\u00e3o tiveram ferimentos graves.<\/p>\n<p>Ainda segundo o site, a idosa alegou que quando atravessa a avenida, n\u00e3o conseguiu ver o VW, que estava no ponto cego do seu ve\u00edculo.<\/p>\n<p>&nbsp;<\/p>\n<figure class=\"wp-block-image size-large\">\n<p><figure id=\"attachment_40103\" aria-describedby=\"caption-attachment-40103\" style=\"width: 800px\" class=\"wp-caption aligncenter\"><img loading=\"lazy\" decoding=\"async\" class=\"wp-image-40103\" src=\"https:\/\/jovemsulnews.com.br\/wp-content\/uploads\/2023\/03\/ACIDENTE-AV-8-COM-RUA-17-02.jpg\" sizes=\"auto, (max-width: 800px) 100vw, 800px\" srcset=\"https:\/\/jovemsulnews.com.br\/wp-content\/uploads\/2023\/03\/ACIDENTE-AV-8-COM-RUA-17-02.jpg 800w, https:\/\/jovemsulnews.com.br\/wp-content\/uploads\/2023\/03\/ACIDENTE-AV-8-COM-RUA-17-02-300x200.jpg 300w, https:\/\/jovemsulnews.com.br\/wp-content\/uploads\/2023\/03\/ACIDENTE-AV-8-COM-RUA-17-02-768x512.jpg 768w, https:\/\/jovemsulnews.com.br\/wp-content\/uploads\/2023\/03\/ACIDENTE-AV-8-COM-RUA-17-02-305x203.jpg 305w, https:\/\/jovemsulnews.com.br\/wp-content\/uploads\/2023\/03\/ACIDENTE-AV-8-COM-RUA-17-02-400x267.jpg 400w\" alt=\"\" width=\"800\" height=\"533\" \/><figcaption id=\"caption-attachment-40103\" class=\"wp-caption-text\">\u00a0Foto: Norbertino Angeli<\/figcaption><\/figure><figcaption><\/figcaption><\/figure>\n","protected":false},"excerpt":{"rendered":"<p>Na tarde desta quarta-feira (29), dois ve\u00edculos colidiram no cruzamento da Rua Dezessete com a Avenida Oito, no Centro de Chapad\u00e3o do Sul. Segundo o site Jovem Sul News, uma idosa de 73 anos, dirigia um SUV Hyundai Creta pela Rua Dezessete, quando acabou invadindo a preferencial e colidindo com um VW Voyage que seguia [&hellip;]<\/p>\n","protected":false},"author":5,"featured_media":235594,"comment_status":"closed","ping_status":"closed","sticky":false,"template":"","format":"standard","meta":{"footnotes":""},"categories":[23,38],"tags":[],"class_list":["post-235593","post","type-post","status-publish","format-standard","has-post-thumbnail","hentry","category-chapadao-do-sul","category-policia"],"_links":{"self":[{"href":"https:\/\/www.ocorreionews.com.br\/acervo-correio\/index.php?rest_route=\/wp\/v2\/posts\/235593","targetHints":{"allow":["GET"]}}],"collection":[{"href":"https:\/\/www.ocorreionews.com.br\/acervo-correio\/index.php?rest_route=\/wp\/v2\/posts"}],"about":[{"href":"https:\/\/www.ocorreionews.com.br\/acervo-correio\/index.php?rest_route=\/wp\/v2\/types\/post"}],"author":[{"embeddable":true,"href":"https:\/\/www.ocorreionews.com.br\/acervo-correio\/index.php?rest_route=\/wp\/v2\/users\/5"}],"replies":[{"embeddable":true,"href":"https:\/\/www.ocorreionews.com.br\/acervo-correio\/index.php?rest_route=%2Fwp%2Fv2%2Fcomments&post=235593"}],"version-history":[{"count":1,"href":"https:\/\/www.ocorreionews.com.br\/acervo-correio\/index.php?rest_route=\/wp\/v2\/posts\/235593\/revisions"}],"predecessor-version":[{"id":235595,"href":"https:\/\/www.ocorreionews.com.br\/acervo-correio\/index.php?rest_route=\/wp\/v2\/posts\/235593\/revisions\/235595"}],"wp:featuredmedia":[{"embeddable":true,"href":"https:\/\/www.ocorreionews.com.br\/acervo-correio\/index.php?rest_route=\/wp\/v2\/media\/235594"}],"wp:attachment":[{"href":"https:\/\/www.ocorreionews.com.br\/acervo-correio\/index.php?rest_route=%2Fwp%2Fv2%2Fmedia&parent=235593"}],"wp:term":[{"taxonomy":"category","embeddable":true,"href":"https:\/\/www.ocorreionews.com.br\/acervo-correio\/index.php?rest_route=%2Fwp%2Fv2%2Fcategories&post=235593"},{"taxonomy":"post_tag","embeddable":true,"href":"https:\/\/www.ocorreionews.com.br\/acervo-correio\/index.php?rest_route=%2Fwp%2Fv2%2Ftags&post=235593"}],"curies":[{"name":"wp","href":"https:\/\/api.w.org\/{rel}","templated":true}]}}