{"id":235596,"date":"2023-03-29T17:25:53","date_gmt":"2023-03-29T21:25:53","guid":{"rendered":"https:\/\/www.ocorreionews.com.br\/acervo-correio\/?p=235596"},"modified":"2023-03-29T17:25:53","modified_gmt":"2023-03-29T21:25:53","slug":"menino-com-deficiencia-intelectual-e-agredido-por-pm-durante-abordagem-policial-com-apoio-do-conselho-tutelar-diz-familia","status":"publish","type":"post","link":"https:\/\/www.ocorreionews.com.br\/acervo-correio\/?p=235596","title":{"rendered":"Menino com defici\u00eancia intelectual \u00e9 agredido por PM durante abordagem policial com apoio do Conselho Tutelar, Diz Fam\u00edlia"},"content":{"rendered":"<div class=\"x11i5rnm xat24cr x1mh8g0r x1vvkbs xtlvy1s x126k92a\">\n<div dir=\"auto\">A fam\u00edlia de um adolescente de 16 anos denunciou \u00e0 TV Anhanguera que o menino foi agredido por um policial militar durante uma abordagem em Inaciol\u00e2ndia, no sul de Goi\u00e1s. A conselheira tutelar Valdirene de Oliveira disse que a agress\u00e3o aconteceu porque o menino reagiu ao ser contido pelo militar. A profissional disse at\u00e9 que o adolescente tentou tomar a arma do PM para entrar na casa do pai de um dos irm\u00e3os.<\/div>\n<\/div>\n<div class=\"x11i5rnm xat24cr x1mh8g0r x1vvkbs xtlvy1s x126k92a\">\n<div dir=\"auto\">\u201cJ\u00e1 havia hist\u00f3ricos dele tentar agredir esse ex-companheiro da m\u00e3e, que foi o que tomou parte para pegar a guarda das crian\u00e7as menores e ele tentou agredir o senhor, tentou invadir a casa dele dizendo que ia mat\u00e1-lo\u201d, contou.<\/div>\n<\/div>\n<div class=\"x11i5rnm xat24cr x1mh8g0r x1vvkbs xtlvy1s x126k92a\">\n<div dir=\"auto\">Em nota, a PM disse que o menor estava com uma faca, bastante agressivo e amea\u00e7ando um terceiro e, por isso, foi necess\u00e1ria a conten\u00e7\u00e3o pela equipe. Em seguida o menino foi encaminhado para tratamento m\u00e9dico no hospital. O caso est\u00e1 sendo acompanhado pelo Comando de Correi\u00e7\u00f5es e Disciplina, segundo a PM.<\/div>\n<\/div>\n<div class=\"x11i5rnm xat24cr x1mh8g0r x1vvkbs xtlvy1s x126k92a\">\n<div dir=\"auto\">O caso aconteceu na \u00faltima ter\u00e7a-feira (28). Imagens mostram os ferimentos espalhados pelo corpo do menino. Ao rep\u00f3rter Emerson Ferreira, parentes disseram que o Conselho Tutelar n\u00e3o alertou \u00e0 pol\u00edcia que o menino tem defici\u00eancia intelectual no momento da abordagem.<\/div>\n<\/div>\n<div class=\"x11i5rnm xat24cr x1mh8g0r x1vvkbs xtlvy1s x126k92a\">\n<div dir=\"auto\">O g1 questionou o \u00f3rg\u00e3o sobre a alega\u00e7\u00e3o, mas n\u00e3o teve retorno at\u00e9 a \u00faltima atualiza\u00e7\u00e3o desta reportagem.<\/div>\n<\/div>\n<div class=\"x11i5rnm xat24cr x1mh8g0r x1vvkbs xtlvy1s x126k92a\">\n<div dir=\"auto\">DETALHES DO CASO<\/div>\n<\/div>\n<div class=\"x11i5rnm xat24cr x1mh8g0r x1vvkbs xtlvy1s x126k92a\">\n<div dir=\"auto\">Segundo a conselheira, um dos irm\u00e3os do adolescente tem 14 anos e recentemente teve a guarda concedida para o pai, que mora em Minas Gerais. No dia da agress\u00e3o, o Conselho Tutelar foi at\u00e9 a casa do ex-companheiro da m\u00e3e do menino de 14 anos para encontr\u00e1-lo e lev\u00e1-lo at\u00e9 o pai<\/div>\n<\/div>\n<div class=\"x11i5rnm xat24cr x1mh8g0r x1vvkbs xtlvy1s x126k92a\">\n<div dir=\"auto\">Na ocasi\u00e3o, as conselheiras denunciaram que foram amea\u00e7adas pelo adolescente com defici\u00eancia que n\u00e3o queria que o irm\u00e3o fosse levado e, por isso, elas foram embora.<\/div>\n<\/div>\n<div class=\"x11i5rnm xat24cr x1mh8g0r x1vvkbs xtlvy1s x126k92a\">\n<div dir=\"auto\">Mais tarde, as conselheiras voltaram ao local com a Pol\u00edcia Militar para encontrar o menino de 14 e novamente o adolescente agiu com agressividade, conforme Valdirene contou \u00e0 TV Anhanguera. A profissional disse que o menino estava com uma faca e tentou escalar o port\u00e3o da casa do ex-companheiro da m\u00e3e.<\/div>\n<\/div>\n<div class=\"x11i5rnm xat24cr x1mh8g0r x1vvkbs xtlvy1s x126k92a\">\n<div dir=\"auto\">\u201cOs policiais tentaram conter o adolescente e lev\u00e1-lo para o hospital por conta do transtorno mental. O adolescente partiu para cima do policial quando o policial tentou interferir na a\u00e7\u00e3o dele\u201d, completou a conselheira.<\/div>\n<\/div>\n<div class=\"x11i5rnm xat24cr x1mh8g0r x1vvkbs xtlvy1s x126k92a\">\n<div dir=\"auto\">DEFICI\u00caNCIA INTELECTUAL<\/div>\n<\/div>\n<div class=\"x11i5rnm xat24cr x1mh8g0r x1vvkbs xtlvy1s x126k92a\">\n<div dir=\"auto\">Um laudo obtido pela TV Anhanguera mostra que o menino precisa tomar pelo menos tr\u00eas rem\u00e9dios com uso cont\u00ednuo e tem as seguintes comorbidades:<\/div>\n<\/div>\n<div class=\"x11i5rnm xat24cr x1mh8g0r x1vvkbs xtlvy1s x126k92a\">\n<div dir=\"auto\">Encefalopatia cr\u00f4nica n\u00e3o progressiva da inf\u00e2ncia<\/div>\n<div dir=\"auto\">Neuro Toxoplasmose cong\u00eanita<\/div>\n<div dir=\"auto\">Defici\u00eancia mental moderada<\/div>\n<div dir=\"auto\">Epilepsia sintom\u00e1tica secund\u00e1ria a cisto aracn\u00f3ide cerebelar<\/div>\n<div dir=\"auto\">Severo d\u00e9ficit de aten\u00e7\u00e3o<\/div>\n<\/div>\n<div class=\"x11i5rnm xat24cr x1mh8g0r x1vvkbs xtlvy1s x126k92a\">\n<div dir=\"auto\">NOTA POL\u00cdCIA MILITAR<\/div>\n<\/div>\n<div class=\"x11i5rnm xat24cr x1mh8g0r x1vvkbs xtlvy1s x126k92a\">\n<div dir=\"auto\">A Pol\u00edcia Militar foi acionada pelo Conselho Tutelar da cidade, o qual foi prontamente atendido. A ocorr\u00eancia tratava-se de um menor de idade com defici\u00eancia intelectual, o qual portando uma faca e com comportamento bastante agressivo, amea\u00e7a terceiro. Fazendo necess\u00e1ria a conten\u00e7\u00e3o pela equipe. O menor foi encaminhado para tratamento m\u00e9dico no hospital da cidade e ap\u00f3s ser medicado foi entregue aos cuidados de sua m\u00e3e, respons\u00e1vel legal. O caso est\u00e1 sendo acompanhado pelo Comando de Correi\u00e7\u00f5es e Disciplina.<\/div>\n<\/div>\n<div class=\"x11i5rnm xat24cr x1mh8g0r x1vvkbs xtlvy1s x126k92a\">\n<div dir=\"auto\">Fonte: G1<\/div>\n<\/div>\n","protected":false},"excerpt":{"rendered":"<p>A fam\u00edlia de um adolescente de 16 anos denunciou \u00e0 TV Anhanguera que o menino foi agredido por um policial militar durante uma abordagem em Inaciol\u00e2ndia, no sul de Goi\u00e1s. A conselheira tutelar Valdirene de Oliveira disse que a agress\u00e3o aconteceu porque o menino reagiu ao ser contido pelo militar. A profissional disse at\u00e9 que [&hellip;]<\/p>\n","protected":false},"author":4,"featured_media":235597,"comment_status":"closed","ping_status":"closed","sticky":false,"template":"","format":"standard","meta":{"footnotes":""},"categories":[38],"tags":[],"class_list":["post-235596","post","type-post","status-publish","format-standard","has-post-thumbnail","hentry","category-policia"],"_links":{"self":[{"href":"https:\/\/www.ocorreionews.com.br\/acervo-correio\/index.php?rest_route=\/wp\/v2\/posts\/235596","targetHints":{"allow":["GET"]}}],"collection":[{"href":"https:\/\/www.ocorreionews.com.br\/acervo-correio\/index.php?rest_route=\/wp\/v2\/posts"}],"about":[{"href":"https:\/\/www.ocorreionews.com.br\/acervo-correio\/index.php?rest_route=\/wp\/v2\/types\/post"}],"author":[{"embeddable":true,"href":"https:\/\/www.ocorreionews.com.br\/acervo-correio\/index.php?rest_route=\/wp\/v2\/users\/4"}],"replies":[{"embeddable":true,"href":"https:\/\/www.ocorreionews.com.br\/acervo-correio\/index.php?rest_route=%2Fwp%2Fv2%2Fcomments&post=235596"}],"version-history":[{"count":1,"href":"https:\/\/www.ocorreionews.com.br\/acervo-correio\/index.php?rest_route=\/wp\/v2\/posts\/235596\/revisions"}],"predecessor-version":[{"id":235598,"href":"https:\/\/www.ocorreionews.com.br\/acervo-correio\/index.php?rest_route=\/wp\/v2\/posts\/235596\/revisions\/235598"}],"wp:featuredmedia":[{"embeddable":true,"href":"https:\/\/www.ocorreionews.com.br\/acervo-correio\/index.php?rest_route=\/wp\/v2\/media\/235597"}],"wp:attachment":[{"href":"https:\/\/www.ocorreionews.com.br\/acervo-correio\/index.php?rest_route=%2Fwp%2Fv2%2Fmedia&parent=235596"}],"wp:term":[{"taxonomy":"category","embeddable":true,"href":"https:\/\/www.ocorreionews.com.br\/acervo-correio\/index.php?rest_route=%2Fwp%2Fv2%2Fcategories&post=235596"},{"taxonomy":"post_tag","embeddable":true,"href":"https:\/\/www.ocorreionews.com.br\/acervo-correio\/index.php?rest_route=%2Fwp%2Fv2%2Ftags&post=235596"}],"curies":[{"name":"wp","href":"https:\/\/api.w.org\/{rel}","templated":true}]}}