{"id":235634,"date":"2023-03-30T08:44:35","date_gmt":"2023-03-30T12:44:35","guid":{"rendered":"https:\/\/www.ocorreionews.com.br\/acervo-correio\/?p=235634"},"modified":"2023-03-30T14:05:28","modified_gmt":"2023-03-30T18:05:28","slug":"florestinhas-de-costa-rica-reforcam-importancia-da-preservacao-ambiental","status":"publish","type":"post","link":"https:\/\/www.ocorreionews.com.br\/acervo-correio\/?p=235634","title":{"rendered":"Florestinhas de Costa Rica refor\u00e7am import\u00e2ncia da preserva\u00e7\u00e3o ambiental"},"content":{"rendered":"<div class=\"ntc_cont_descricao_noticia sw_txteditor\">\n<div>Conscientizar as pessoas sobre a necessidade de preservar o meio ambiente, mostrando que todos t\u00eam um papel fundamental neste processo \u00e9 uma tarefa cont\u00ednua dos integrantes do Projeto Florestinha de Costa Rica. No m\u00eas de mar\u00e7o, quando s\u00e3o celebradas importantes datas como o dia mundial da vida selvagem, dia internacional das florestas e o dia mundial da \u00e1gua, os florestinhas se encarregaram de intensificar as a\u00e7\u00f5es para mobilizar a sociedade em geral.<\/p>\n<p>Nos dias 22 e 23 de mar\u00e7o, o grupo visitou a Esta\u00e7\u00e3o de Tratamento Municipal com apoio da equipe do SAAE (Servi\u00e7o Municipal de \u00c1gua e Esgoto) bem como uma blitz educativa na avenida Jos\u00e9 Ferreira da Costa, levando a consci\u00eancia de um consumo adequado do recurso h\u00eddrico.<\/p>\n<p>\u201cA educa\u00e7\u00e3o ambiental visa a compreens\u00e3o dos conceitos relacionados com o meio ambiente, sustentabilidade, preserva\u00e7\u00e3o e conserva\u00e7\u00e3o, visando\u00a0a forma\u00e7\u00e3o de cidad\u00e3os conscientes e cr\u00edticos\u201d, destaca o instrutor do projeto, cabo Andr\u00e9 Faustino Dias Filho.<\/p>\n<p>As iniciativas tamb\u00e9m contaram com a participa\u00e7\u00e3o do professor Natureza e do diretor geral do SAAE, Cesarino C\u00e2ndido.<\/p>\n<p><strong>Dia Mundial da Vida Selvagem \u2013 3 de mar\u00e7o<\/strong><br \/>\nCriado pela ONU em 20 de dezembro de 2013, esse dia tem por objetivo sensibilizar os povos sobre a import\u00e2ncia da flora e da fauna selvagem, lembrando dos in\u00fameros benef\u00edcios que ganhamos com sua conserva\u00e7\u00e3o. Al\u00e9m disso, o dia lembra da necessidade de combater os crimes contra a vida selvagem.<\/p>\n<p><strong>Dia Internacional das Florestas \u2013 21 de mar\u00e7o<\/strong><br \/>\nEm 2012, a Assembleia Geral das Na\u00e7\u00f5es Unidas proclamou no 21 de mar\u00e7o como o Dia Internacional das Florestas, atrav\u00e9s da resolu\u00e7\u00e3o A\/RES\/67\/200. O dia tem objetivo de sensibilizar o p\u00fablico sobre a import\u00e2ncia da variedade de \u00e1rvores e florestas para nossos ecossistemas. As florestas e sua gest\u00e3o s\u00e3o elementos essenciais na luta contra as mudan\u00e7as clim\u00e1ticas e contribuem para o bem-estar das gera\u00e7\u00f5es atuais e futuras.<\/p>\n<p><strong>Dia Mundial da \u00c1gua \u2013 22 de mar\u00e7o<\/strong><br \/>\nA data foi sugerida na Confer\u00eancia das Na\u00e7\u00f5es Unidas sobre Meio Ambiente e Desenvolvimento de 1992, e passou a ser comemorada em 1993. A data busca fortalecer a a\u00e7\u00e3o global em defesa da \u00e1gua e do saneamento b\u00e1sico, uma vez que bilh\u00f5es de pessoas n\u00e3o t\u00eam acesso \u00e0 \u00e1gua pot\u00e1vel e segura.<\/div>\n<\/div>\n<div class=\"ntc_area_info_noticia sw_lato\">\n<div>\n<div class=\"ntc_info_noticia\"><strong class=\"sw_lato_black\">Fonte: <\/strong>Assessoria de Comunica\u00e7\u00e3o<\/div>\n<div class=\"ntc_info_noticia\"><strong class=\"sw_lato_black\">Autor: <\/strong>Angela Bezerra<\/div>\n<\/div>\n<\/div>\n","protected":false},"excerpt":{"rendered":"<p>Conscientizar as pessoas sobre a necessidade de preservar o meio ambiente, mostrando que todos t\u00eam um papel fundamental neste processo \u00e9 uma tarefa cont\u00ednua dos integrantes do Projeto Florestinha de Costa Rica. No m\u00eas de mar\u00e7o, quando s\u00e3o celebradas importantes datas como o dia mundial da vida selvagem, dia internacional das florestas e o dia [&hellip;]<\/p>\n","protected":false},"author":4,"featured_media":235636,"comment_status":"closed","ping_status":"closed","sticky":false,"template":"","format":"standard","meta":{"footnotes":""},"categories":[25],"tags":[],"class_list":["post-235634","post","type-post","status-publish","format-standard","has-post-thumbnail","hentry","category-costa-rica"],"_links":{"self":[{"href":"https:\/\/www.ocorreionews.com.br\/acervo-correio\/index.php?rest_route=\/wp\/v2\/posts\/235634","targetHints":{"allow":["GET"]}}],"collection":[{"href":"https:\/\/www.ocorreionews.com.br\/acervo-correio\/index.php?rest_route=\/wp\/v2\/posts"}],"about":[{"href":"https:\/\/www.ocorreionews.com.br\/acervo-correio\/index.php?rest_route=\/wp\/v2\/types\/post"}],"author":[{"embeddable":true,"href":"https:\/\/www.ocorreionews.com.br\/acervo-correio\/index.php?rest_route=\/wp\/v2\/users\/4"}],"replies":[{"embeddable":true,"href":"https:\/\/www.ocorreionews.com.br\/acervo-correio\/index.php?rest_route=%2Fwp%2Fv2%2Fcomments&post=235634"}],"version-history":[{"count":1,"href":"https:\/\/www.ocorreionews.com.br\/acervo-correio\/index.php?rest_route=\/wp\/v2\/posts\/235634\/revisions"}],"predecessor-version":[{"id":235637,"href":"https:\/\/www.ocorreionews.com.br\/acervo-correio\/index.php?rest_route=\/wp\/v2\/posts\/235634\/revisions\/235637"}],"wp:featuredmedia":[{"embeddable":true,"href":"https:\/\/www.ocorreionews.com.br\/acervo-correio\/index.php?rest_route=\/wp\/v2\/media\/235636"}],"wp:attachment":[{"href":"https:\/\/www.ocorreionews.com.br\/acervo-correio\/index.php?rest_route=%2Fwp%2Fv2%2Fmedia&parent=235634"}],"wp:term":[{"taxonomy":"category","embeddable":true,"href":"https:\/\/www.ocorreionews.com.br\/acervo-correio\/index.php?rest_route=%2Fwp%2Fv2%2Fcategories&post=235634"},{"taxonomy":"post_tag","embeddable":true,"href":"https:\/\/www.ocorreionews.com.br\/acervo-correio\/index.php?rest_route=%2Fwp%2Fv2%2Ftags&post=235634"}],"curies":[{"name":"wp","href":"https:\/\/api.w.org\/{rel}","templated":true}]}}