{"id":235644,"date":"2023-03-30T09:22:06","date_gmt":"2023-03-30T13:22:06","guid":{"rendered":"https:\/\/www.ocorreionews.com.br\/acervo-correio\/?p=235644"},"modified":"2023-03-30T10:24:31","modified_gmt":"2023-03-30T14:24:31","slug":"caminhao-sem-freio-carregado-com-soja-tomba-em-rotatoria-de-chapadao-do-sul","status":"publish","type":"post","link":"https:\/\/www.ocorreionews.com.br\/acervo-correio\/?p=235644","title":{"rendered":"Caminh\u00e3o sem freio tomba carga de soja pr\u00f3xima rotat\u00f3ria em Chapad\u00e3o do Sul"},"content":{"rendered":"<p>Na tarde desta quarta-feira, 29 de mar\u00e7o, um caminh\u00e3o carregado com soja saiu bruscamente da pista da BR-060, no Km. 11, a poucos metros da rotat\u00f3ria com a MS-306, em Chapad\u00e3o do Sul.<\/p>\n<p>Estava o caminh\u00e3o Mercedes Bens graneleiro, carregado com soja, vindo da colheita de uma lavoura da regi\u00e3o do Pasto Ruim. Logo que o motorista acessou a BR 060 e iniciou a descida para chegar na rotat\u00f3ria, percebeu que o caminh\u00e3o havia perdido totalmente os freios. Para n\u00e3o invadir a rotat\u00f3ria, com intenso movimento e provocar um acidente muito grave, o motorista desviou o caminh\u00e3o carregado para uma lavoura de milho.<\/p>\n<figure class=\"wp-block-image size-large\"><img loading=\"lazy\" decoding=\"async\" class=\"wp-image-40106\" src=\"https:\/\/jovemsulnews.com.br\/wp-content\/uploads\/2023\/03\/CAMINHAO-SAI-DA-PISTA-PARA-NAO-INVADIR-ROTATORIA-02.jpg\" sizes=\"auto, (max-width: 800px) 100vw, 800px\" srcset=\"https:\/\/jovemsulnews.com.br\/wp-content\/uploads\/2023\/03\/CAMINHAO-SAI-DA-PISTA-PARA-NAO-INVADIR-ROTATORIA-02.jpg 800w, https:\/\/jovemsulnews.com.br\/wp-content\/uploads\/2023\/03\/CAMINHAO-SAI-DA-PISTA-PARA-NAO-INVADIR-ROTATORIA-02-300x200.jpg 300w, https:\/\/jovemsulnews.com.br\/wp-content\/uploads\/2023\/03\/CAMINHAO-SAI-DA-PISTA-PARA-NAO-INVADIR-ROTATORIA-02-768x512.jpg 768w, https:\/\/jovemsulnews.com.br\/wp-content\/uploads\/2023\/03\/CAMINHAO-SAI-DA-PISTA-PARA-NAO-INVADIR-ROTATORIA-02-305x203.jpg 305w, https:\/\/jovemsulnews.com.br\/wp-content\/uploads\/2023\/03\/CAMINHAO-SAI-DA-PISTA-PARA-NAO-INVADIR-ROTATORIA-02-400x267.jpg 400w\" alt=\"\" width=\"800\" height=\"533\" \/><figcaption><em>A soja foi recolhida e transportada em outro ve\u00edculo. Foto: Norbertino Angeli)<\/em><\/figcaption><\/figure>\n<p>Ao descer o aterro da rodovia BR-060, a carroceria graneleira quebrou, se desprendeu de uma grande parte do chassi e derramou a carga.<\/p>\n<p>O propriet\u00e1rio da soja disse que o caminh\u00e3o foi fretado para transportar o produto de sua lavoura e ele mesmo estava no local providenciando a retirada da carga que ficou esparramada ao solo.<\/p>\n<p>No acidente resultaram-se apenas danos materiais e n\u00e3o envolveu outros usu\u00e1rios da rodovia. N\u00e3o foi necess\u00e1rio acionar o Corpo de Bombeiros.<\/p>\n<figure class=\"wp-block-image size-large\"><img loading=\"lazy\" decoding=\"async\" class=\"wp-image-40107\" src=\"https:\/\/jovemsulnews.com.br\/wp-content\/uploads\/2023\/03\/CAMINHAO-SAI-DA-PISTA-PARA-NAO-INVADIR-ROTATORIA-03.jpg\" sizes=\"auto, (max-width: 800px) 100vw, 800px\" srcset=\"https:\/\/jovemsulnews.com.br\/wp-content\/uploads\/2023\/03\/CAMINHAO-SAI-DA-PISTA-PARA-NAO-INVADIR-ROTATORIA-03.jpg 800w, https:\/\/jovemsulnews.com.br\/wp-content\/uploads\/2023\/03\/CAMINHAO-SAI-DA-PISTA-PARA-NAO-INVADIR-ROTATORIA-03-300x200.jpg 300w, https:\/\/jovemsulnews.com.br\/wp-content\/uploads\/2023\/03\/CAMINHAO-SAI-DA-PISTA-PARA-NAO-INVADIR-ROTATORIA-03-768x512.jpg 768w, https:\/\/jovemsulnews.com.br\/wp-content\/uploads\/2023\/03\/CAMINHAO-SAI-DA-PISTA-PARA-NAO-INVADIR-ROTATORIA-03-305x203.jpg 305w, https:\/\/jovemsulnews.com.br\/wp-content\/uploads\/2023\/03\/CAMINHAO-SAI-DA-PISTA-PARA-NAO-INVADIR-ROTATORIA-03-400x267.jpg 400w\" alt=\"\" width=\"800\" height=\"533\" \/><figcaption><em>Ao perceber que n\u00e3o poderia parar na rotat\u00f3ria, o motorista desviou o ve\u00edculo para a faixa de dom\u00ednio da rodovia. Foto: Norbertino Angeli<\/em><\/figcaption><\/figure>\n<p>&nbsp;<\/p>\n<p><em>Fonte: Jovemsulnews (Norbertino Angeli)<\/em><\/p>\n","protected":false},"excerpt":{"rendered":"<p>Na tarde desta quarta-feira, 29 de mar\u00e7o, um caminh\u00e3o carregado com soja saiu bruscamente da pista da BR-060, no Km. 11, a poucos metros da rotat\u00f3ria com a MS-306, em Chapad\u00e3o do Sul. Estava o caminh\u00e3o Mercedes Bens graneleiro, carregado com soja, vindo da colheita de uma lavoura da regi\u00e3o do Pasto Ruim. Logo que [&hellip;]<\/p>\n","protected":false},"author":5,"featured_media":235645,"comment_status":"closed","ping_status":"closed","sticky":false,"template":"","format":"standard","meta":{"footnotes":""},"categories":[23,38],"tags":[],"class_list":["post-235644","post","type-post","status-publish","format-standard","has-post-thumbnail","hentry","category-chapadao-do-sul","category-policia"],"_links":{"self":[{"href":"https:\/\/www.ocorreionews.com.br\/acervo-correio\/index.php?rest_route=\/wp\/v2\/posts\/235644","targetHints":{"allow":["GET"]}}],"collection":[{"href":"https:\/\/www.ocorreionews.com.br\/acervo-correio\/index.php?rest_route=\/wp\/v2\/posts"}],"about":[{"href":"https:\/\/www.ocorreionews.com.br\/acervo-correio\/index.php?rest_route=\/wp\/v2\/types\/post"}],"author":[{"embeddable":true,"href":"https:\/\/www.ocorreionews.com.br\/acervo-correio\/index.php?rest_route=\/wp\/v2\/users\/5"}],"replies":[{"embeddable":true,"href":"https:\/\/www.ocorreionews.com.br\/acervo-correio\/index.php?rest_route=%2Fwp%2Fv2%2Fcomments&post=235644"}],"version-history":[{"count":1,"href":"https:\/\/www.ocorreionews.com.br\/acervo-correio\/index.php?rest_route=\/wp\/v2\/posts\/235644\/revisions"}],"predecessor-version":[{"id":235654,"href":"https:\/\/www.ocorreionews.com.br\/acervo-correio\/index.php?rest_route=\/wp\/v2\/posts\/235644\/revisions\/235654"}],"wp:featuredmedia":[{"embeddable":true,"href":"https:\/\/www.ocorreionews.com.br\/acervo-correio\/index.php?rest_route=\/wp\/v2\/media\/235645"}],"wp:attachment":[{"href":"https:\/\/www.ocorreionews.com.br\/acervo-correio\/index.php?rest_route=%2Fwp%2Fv2%2Fmedia&parent=235644"}],"wp:term":[{"taxonomy":"category","embeddable":true,"href":"https:\/\/www.ocorreionews.com.br\/acervo-correio\/index.php?rest_route=%2Fwp%2Fv2%2Fcategories&post=235644"},{"taxonomy":"post_tag","embeddable":true,"href":"https:\/\/www.ocorreionews.com.br\/acervo-correio\/index.php?rest_route=%2Fwp%2Fv2%2Ftags&post=235644"}],"curies":[{"name":"wp","href":"https:\/\/api.w.org\/{rel}","templated":true}]}}