{"id":235721,"date":"2023-03-31T08:21:09","date_gmt":"2023-03-31T12:21:09","guid":{"rendered":"https:\/\/www.ocorreionews.com.br\/acervo-correio\/?p=235721"},"modified":"2023-03-31T08:21:09","modified_gmt":"2023-03-31T12:21:09","slug":"crianca-morre-com-sintomas-de-dengue-hemorragica-em-ms","status":"publish","type":"post","link":"https:\/\/www.ocorreionews.com.br\/acervo-correio\/?p=235721","title":{"rendered":"Crian\u00e7a morre com sintomas de dengue hemorr\u00e1gica em MS"},"content":{"rendered":"<p>A Secretaria Municipal de Sa\u00fade P\u00fablica de Campo Grande (Sesau) investiga a morte de uma menina de 3 anos por dengue hemorr\u00e1gica. A crian\u00e7a foi atendida primeiro em Unidade de Pronto Atendimento (UPA) da Capital, mas morreu no Hospital Universit\u00e1rio (HU), na noite desta quarta-feira (30).<\/p>\n<p>De acordo com o HU, a garotinha chegou intubada, em ambul\u00e2ncia do Servi\u00e7o de Atendimento M\u00f3vel de Urg\u00eancia (Samu), no in\u00edcio da tarde da quarta-feira (29). O estado de sa\u00fade era considerado grav\u00edssimo.<\/p>\n<p>Com o hospital lotado, a equipe m\u00e9dica come\u00e7ou a remanejar outra crian\u00e7a para a interna\u00e7\u00e3o da menina, que estava na ala vermelha, mas em poucos minutos, a garotinha sofreu uma parada card\u00edaca e hemorragia pelo tudo. A paciente n\u00e3o respondeu \u00e0s manobras de reanima\u00e7\u00e3o.<\/p>\n<p>O HU informou ainda que foi colhida amostra de sangue para pesquisa de v\u00e1rias doen\u00e7as, mas os laudos ainda n\u00e3o est\u00e3o prontos. O corpo da menina foi levado para o Servi\u00e7o de Verifica\u00e7\u00e3o de \u00d3bito e a Sesau notificada.<\/p>\n<p>A superintendente em vigil\u00e2ncia da Secretaria Municipal de Sa\u00fade, Veruska Lahdo, explica que realmente a causa da morte ainda n\u00e3o foi confirmada, mas que a paciente era caso suspeito de dengue.<\/p>\n<p>De acordo com a Sesau, 3.384 casos de dengue foram registrados no munic\u00edpio entre 1\u00ba de janeiro a 25 de mar\u00e7o de 2023. A epidemia de dengue em Campo Grande pode ser uma das piores da hist\u00f3ria da Capital se os n\u00fameros continuarem subindo de forma t\u00e3o r\u00e1pida e superar os n\u00fameros de 2019, quando 44 mil pessoas tiveram a doen\u00e7a.<\/p>\n<p>&nbsp;<\/p>\n<p>Por Anahi Zurutuza, Campo Grande News<\/p>\n","protected":false},"excerpt":{"rendered":"<p>A Secretaria Municipal de Sa\u00fade P\u00fablica de Campo Grande (Sesau) investiga a morte de uma menina de 3 anos por dengue hemorr\u00e1gica. A crian\u00e7a foi atendida primeiro em Unidade de Pronto Atendimento (UPA) da Capital, mas morreu no Hospital Universit\u00e1rio (HU), na noite desta quarta-feira (30). De acordo com o HU, a garotinha chegou intubada, [&hellip;]<\/p>\n","protected":false},"author":5,"featured_media":227502,"comment_status":"closed","ping_status":"closed","sticky":false,"template":"","format":"standard","meta":{"footnotes":""},"categories":[39],"tags":[],"class_list":["post-235721","post","type-post","status-publish","format-standard","has-post-thumbnail","hentry","category-saude"],"_links":{"self":[{"href":"https:\/\/www.ocorreionews.com.br\/acervo-correio\/index.php?rest_route=\/wp\/v2\/posts\/235721","targetHints":{"allow":["GET"]}}],"collection":[{"href":"https:\/\/www.ocorreionews.com.br\/acervo-correio\/index.php?rest_route=\/wp\/v2\/posts"}],"about":[{"href":"https:\/\/www.ocorreionews.com.br\/acervo-correio\/index.php?rest_route=\/wp\/v2\/types\/post"}],"author":[{"embeddable":true,"href":"https:\/\/www.ocorreionews.com.br\/acervo-correio\/index.php?rest_route=\/wp\/v2\/users\/5"}],"replies":[{"embeddable":true,"href":"https:\/\/www.ocorreionews.com.br\/acervo-correio\/index.php?rest_route=%2Fwp%2Fv2%2Fcomments&post=235721"}],"version-history":[{"count":1,"href":"https:\/\/www.ocorreionews.com.br\/acervo-correio\/index.php?rest_route=\/wp\/v2\/posts\/235721\/revisions"}],"predecessor-version":[{"id":235724,"href":"https:\/\/www.ocorreionews.com.br\/acervo-correio\/index.php?rest_route=\/wp\/v2\/posts\/235721\/revisions\/235724"}],"wp:featuredmedia":[{"embeddable":true,"href":"https:\/\/www.ocorreionews.com.br\/acervo-correio\/index.php?rest_route=\/wp\/v2\/media\/227502"}],"wp:attachment":[{"href":"https:\/\/www.ocorreionews.com.br\/acervo-correio\/index.php?rest_route=%2Fwp%2Fv2%2Fmedia&parent=235721"}],"wp:term":[{"taxonomy":"category","embeddable":true,"href":"https:\/\/www.ocorreionews.com.br\/acervo-correio\/index.php?rest_route=%2Fwp%2Fv2%2Fcategories&post=235721"},{"taxonomy":"post_tag","embeddable":true,"href":"https:\/\/www.ocorreionews.com.br\/acervo-correio\/index.php?rest_route=%2Fwp%2Fv2%2Ftags&post=235721"}],"curies":[{"name":"wp","href":"https:\/\/api.w.org\/{rel}","templated":true}]}}